{"id":864,"date":"2014-04-07T20:56:39","date_gmt":"2014-04-07T18:56:39","guid":{"rendered":"http:\/\/www.wetterauer-landbote.de\/?p=864"},"modified":"2014-04-07T21:42:17","modified_gmt":"2014-04-07T19:42:17","slug":"abschaffung-der-sommerzeit-meint-die-cdu-das-ernst","status":"publish","type":"post","link":"https:\/\/www.wetterauer-landbote.de\/?p=864","title":{"rendered":"Abschaffung der Sommerzeit &#8211; meint die CDU das ernst?"},"content":{"rendered":"<h1><b>Lieber auf&#8217;s Tageslicht freuen<\/b><a href=\"https:\/\/i0.wp.com\/www.wetterauer-landbote.de\/wp-content\/uploads\/2014\/04\/uhr.jpg\"><img data-recalc-dims=\"1\" loading=\"lazy\" decoding=\"async\" class=\" wp-image-865 alignright\" alt=\"uhr\" src=\"https:\/\/i0.wp.com\/www.wetterauer-landbote.de\/wp-content\/uploads\/2014\/04\/uhr.jpg?resize=86%2C172\" width=\"86\" height=\"172\" \/><\/a><\/h1>\n<p><strong>Von Bernd Kliebhan<\/strong><\/p>\n<p>Die CDU will weg von der Sommerzeit &#8211; so hat sie es auf ihrem Parteitag beschlossen. OK, das wird vermutlich zun\u00e4chst keine praktischen Auswirkungen haben, dennoch stellt sich die Frage, was die Partei dazu treibt, sich in dieser Frage aus dem Fenster zu lehnen.<\/p>\n<p>[yop_poll id=&#8220;2&#8243;]<\/p>\n<p><!--more--><\/p>\n<h2>Abschaffung der Sommerzeit &#8211; meint die CDU das ernst?<\/h2>\n<p>Blicken wir zur\u00fcck: die Sommerzeit wurde 1980 eingef\u00fchrt, um Energie einzusparen. Im Zeichen der \u00d6lkrise schien es das einfachste, den Berufst\u00e4tigen nach Feierabend eine Stunde Tageslicht mehr zu spendieren &#8211; mit dem Nebeneffekt, dass zwischen Sonnenuntergang und Nachtruhe eine Stunde weniger k\u00fcnstliche Beleuchtung n\u00f6tig war.<\/p>\n<p>Nun wollen Energieexperten errechnet haben, dass der Spareffekt wohl doch nicht so relevant ist &#8211; und schon meinen etliche in der Union, dass man sich dann die Sommerzeit auch sparen k\u00f6nnte. Denn f\u00fcr die Wirtschaft sei die Umstellung ja ziemlich l\u00e4stig, vielleicht sogar kostspielig. Und die Bauern seien genervt, weil ihre Viecher mit dem Mini-Jetlag nicht klar k\u00e4men.<\/p>\n<h6><a href=\"https:\/\/i0.wp.com\/www.wetterauer-landbote.de\/wp-content\/uploads\/2014\/04\/uhr.jpg\"><img data-recalc-dims=\"1\" loading=\"lazy\" decoding=\"async\" class=\"alignnone size-full wp-image-865\" alt=\"uhr\" src=\"https:\/\/i0.wp.com\/www.wetterauer-landbote.de\/wp-content\/uploads\/2014\/04\/uhr.jpg?resize=388%2C814\" width=\"388\" height=\"814\" \/><\/a> Eine ganz andere Zeitrechung:\u00a0 Auf der Uhr der Festung Petrovaradin an der Donau in Serbien zeigt der gro\u00dfe Zeiger die Stunden, der kleine die Minuten.<\/h6>\n<h2>Zus\u00e4tzliches Tageslicht<\/h2>\n<p>Schon m\u00f6glich, dass der CDU-Beschluss von Wirtschaftsvertretern und Bauernfunktion\u00e4ren begr\u00fc\u00dft wird &#8211; doch da gibt es ja noch eine andere Gruppe von Betroffenen, n\u00e4mlich all diejenigen, die morgens zur Arbeit gehen, dort bei k\u00fcnstlichem Licht Geld verdienen, abends Heim kommen und sich dann \u00fcber jede Minute zus\u00e4tzliches Tageslicht freuen.<\/p>\n<p>Der gro\u00dfen Mehrheit gef\u00e4llt es ganz sicher sehr gut, wenn der Feierabend nicht nur dazu da ist, m\u00f6glichst fix in die Federn zu kriechen um morgens wieder fit zu sein. Und auch die Besitzer von Gartenlokalen und Bierg\u00e4rten finden die Sommerzeit sicher prima.<\/p>\n<h2>Sommerzeit ganzj\u00e4hrig<\/h2>\n<p>Da es Bierg\u00e4rten besonders reichlich in Bayern gibt\u00a0 kann nat\u00fcrlich auch die CSU nicht an dem Thema vorbeigehen und legt einen eigenen Vorschlag auf den Tisch: Sommerzeit ganzj\u00e4hrig! Da k\u00f6nnte dann niemand mehr maulen, kein Bio-Rhythmus k\u00e4me durcheinander und keine Kuh m\u00fcsst sich zwei mal im Jahr umstellen. W\u00e4re das die L\u00f6sung?<\/p>\n<p>Vermutlich w\u00e4ren auch das vielen Mitmenschen nicht Recht. Denn das w\u00fcrde bedeuten, dass im Winter die Sonne morgens ziemlich sp\u00e4t aufgehen w\u00fcrde &#8211; in Kassel z.B. im Dezember und Januar erst nach 9 Uhr. Und nach Feierabend w\u00e4re es dennoch schon dunkel &#8230;<\/p>\n<p>F\u00fcr die \u00fcberzeugten Gegner der Sommerzeit gilt ohnehin: &#8222;richtig&#8220; ist die an jedem Ort andere &#8222;Sonnenzeit&#8220; ( auch &#8222;wahre Ortszeit&#8220; oder &#8222;urheimische Zeit&#8220; genannt) und als Kompromiss notfalls die &#8222;Mitteleurop\u00e4ische Zeit&#8220;, also die Winterzeit. Und vergessen dabei, dass die Uhr-Zeit nur eine gesellschaftliche Vereinbarung ist. Aus der sich dank flexibler Arbeitszeiten immer mehr Menschen auch ausklinken k\u00f6nnen, wenn sie wollen.<\/p>\n<p>Eine Petition an den Bundestag zur Abschaffung der Sommerzeit unterschrieben im letzten Jahr \u00fcber 50.000 Menschen. Etwa mit diesem Argument<i>: &#8222;Die Uhrzeiteinstellung auf &#8222;Sommerzeit&#8220; steht in zu gro\u00dfem Widerspruch zur genetisch im Menschen verankerten inneren Uhr. Die ruckartige Umstellung am letzten M\u00e4rzwochenende jedes Jahres verkrafte ich als \u00e4lterer Mensch (Rentner, 71) besonders schlecht, aber auch die sieben Monate w\u00e4hrende Vorstellung um eine Stunde setzt mir zu, besonders in Form von viel Unausgeschlafenheit&#8220;.<\/i> Da fragt man sich: wieso schl\u00e4ft der Mann im Sommer nicht einfach ein St\u00fcndchen l\u00e4nger?<\/p>\n","protected":false},"excerpt":{"rendered":"<p>Lieber auf&#8217;s Tageslicht freuen Von Bernd Kliebhan Die CDU will weg von der Sommerzeit &#8211; so hat sie es auf ihrem Parteitag beschlossen. OK, das wird vermutlich zun\u00e4chst keine praktischen Auswirkungen haben, dennoch stellt sich die Frage, was die Partei &hellip; <a href=\"https:\/\/www.wetterauer-landbote.de\/?p=864\">Weiterlesen <span class=\"meta-nav\">&rarr;<\/span><\/a><\/p>\n","protected":false},"author":1,"featured_media":0,"comment_status":"open","ping_status":"open","sticky":false,"template":"","format":"standard","meta":{"_jetpack_memberships_contains_paid_content":false,"footnotes":""},"categories":[1],"tags":[],"class_list":["post-864","post","type-post","status-publish","format-standard","hentry","category-allgemein"],"yoast_head":"<!-- This site is optimized with the Yoast SEO plugin v27.0 - https:\/\/yoast.com\/product\/yoast-seo-wordpress\/ -->\n<title>Abschaffung der Sommerzeit - meint die CDU das ernst? - Wetterauer-Landbote<\/title>\n<meta name=\"description\" content=\"Im Sommer einfach ein St\u00fcndchen l\u00e4nger schlafen statt die Sommerzeit abzuschaffen. Abschaffung der Sommerzeit - meint die CDU das ernst?\" \/>\n<meta name=\"robots\" content=\"index, follow, max-snippet:-1, max-image-preview:large, max-video-preview:-1\" \/>\n<link rel=\"canonical\" href=\"http:\/\/www.wetterauer-landbote.de\/?p=864\" \/>\n<meta property=\"og:locale\" content=\"de_DE\" \/>\n<meta property=\"og:type\" content=\"article\" \/>\n<meta property=\"og:title\" content=\"Abschaffung der Sommerzeit - meint die CDU das ernst? - Wetterauer-Landbote\" \/>\n<meta property=\"og:description\" content=\"Im Sommer einfach ein St\u00fcndchen l\u00e4nger schlafen statt die Sommerzeit abzuschaffen. Abschaffung der Sommerzeit - meint die CDU das ernst?\" \/>\n<meta property=\"og:url\" content=\"http:\/\/www.wetterauer-landbote.de\/?p=864\" \/>\n<meta property=\"og:site_name\" content=\"Wetterauer-Landbote\" \/>\n<meta property=\"article:published_time\" content=\"2014-04-07T18:56:39+00:00\" \/>\n<meta property=\"article:modified_time\" content=\"2014-04-07T19:42:17+00:00\" \/>\n<meta property=\"og:image\" content=\"http:\/\/www.wetterauer-landbote.de\/wp-content\/uploads\/2014\/04\/uhr.jpg\" \/>\n<meta name=\"author\" content=\"harpo\" \/>\n<meta name=\"twitter:label1\" content=\"Verfasst von\" \/>\n\t<meta name=\"twitter:data1\" content=\"harpo\" \/>\n\t<meta name=\"twitter:label2\" content=\"Gesch\u00e4tzte Lesezeit\" \/>\n\t<meta name=\"twitter:data2\" content=\"3\u00a0Minuten\" \/>\n<script type=\"application\/ld+json\" class=\"yoast-schema-graph\">{\"@context\":\"https:\/\/schema.org\",\"@graph\":[{\"@type\":\"Article\",\"@id\":\"http:\/\/www.wetterauer-landbote.de\/?p=864#article\",\"isPartOf\":{\"@id\":\"http:\/\/www.wetterauer-landbote.de\/?p=864\"},\"author\":{\"name\":\"harpo\",\"@id\":\"http:\/\/www.wetterauer-landbote.de\/#\/schema\/person\/fa7509b189bc402f223dd5337ab92ed0\"},\"headline\":\"Abschaffung der Sommerzeit &#8211; meint die CDU das ernst?\",\"datePublished\":\"2014-04-07T18:56:39+00:00\",\"dateModified\":\"2014-04-07T19:42:17+00:00\",\"mainEntityOfPage\":{\"@id\":\"http:\/\/www.wetterauer-landbote.de\/?p=864\"},\"wordCount\":579,\"commentCount\":2,\"image\":{\"@id\":\"http:\/\/www.wetterauer-landbote.de\/?p=864#primaryimage\"},\"thumbnailUrl\":\"http:\/\/www.wetterauer-landbote.de\/wp-content\/uploads\/2014\/04\/uhr.jpg\",\"inLanguage\":\"de\",\"potentialAction\":[{\"@type\":\"CommentAction\",\"name\":\"Comment\",\"target\":[\"http:\/\/www.wetterauer-landbote.de\/?p=864#respond\"]}]},{\"@type\":\"WebPage\",\"@id\":\"http:\/\/www.wetterauer-landbote.de\/?p=864\",\"url\":\"http:\/\/www.wetterauer-landbote.de\/?p=864\",\"name\":\"Abschaffung der Sommerzeit - meint die CDU das ernst? - Wetterauer-Landbote\",\"isPartOf\":{\"@id\":\"http:\/\/www.wetterauer-landbote.de\/#website\"},\"primaryImageOfPage\":{\"@id\":\"http:\/\/www.wetterauer-landbote.de\/?p=864#primaryimage\"},\"image\":{\"@id\":\"http:\/\/www.wetterauer-landbote.de\/?p=864#primaryimage\"},\"thumbnailUrl\":\"http:\/\/www.wetterauer-landbote.de\/wp-content\/uploads\/2014\/04\/uhr.jpg\",\"datePublished\":\"2014-04-07T18:56:39+00:00\",\"dateModified\":\"2014-04-07T19:42:17+00:00\",\"author\":{\"@id\":\"http:\/\/www.wetterauer-landbote.de\/#\/schema\/person\/fa7509b189bc402f223dd5337ab92ed0\"},\"description\":\"Im Sommer einfach ein St\u00fcndchen l\u00e4nger schlafen statt die Sommerzeit abzuschaffen. Abschaffung der Sommerzeit - meint die CDU das ernst?\",\"breadcrumb\":{\"@id\":\"http:\/\/www.wetterauer-landbote.de\/?p=864#breadcrumb\"},\"inLanguage\":\"de\",\"potentialAction\":[{\"@type\":\"ReadAction\",\"target\":[\"http:\/\/www.wetterauer-landbote.de\/?p=864\"]}]},{\"@type\":\"ImageObject\",\"inLanguage\":\"de\",\"@id\":\"http:\/\/www.wetterauer-landbote.de\/?p=864#primaryimage\",\"url\":\"https:\/\/i0.wp.com\/www.wetterauer-landbote.de\/wp-content\/uploads\/2014\/04\/uhr.jpg?fit=388%2C814&ssl=1\",\"contentUrl\":\"https:\/\/i0.wp.com\/www.wetterauer-landbote.de\/wp-content\/uploads\/2014\/04\/uhr.jpg?fit=388%2C814&ssl=1\",\"width\":388,\"height\":814},{\"@type\":\"BreadcrumbList\",\"@id\":\"http:\/\/www.wetterauer-landbote.de\/?p=864#breadcrumb\",\"itemListElement\":[{\"@type\":\"ListItem\",\"position\":1,\"name\":\"Home\",\"item\":\"http:\/\/www.wetterauer-landbote.de\/\"},{\"@type\":\"ListItem\",\"position\":2,\"name\":\"Abschaffung der Sommerzeit &#8211; meint die CDU das ernst?\"}]},{\"@type\":\"WebSite\",\"@id\":\"http:\/\/www.wetterauer-landbote.de\/#website\",\"url\":\"http:\/\/www.wetterauer-landbote.de\/\",\"name\":\"Wetterauer-Landbote\",\"description\":\"\",\"potentialAction\":[{\"@type\":\"SearchAction\",\"target\":{\"@type\":\"EntryPoint\",\"urlTemplate\":\"http:\/\/www.wetterauer-landbote.de\/?s={search_term_string}\"},\"query-input\":{\"@type\":\"PropertyValueSpecification\",\"valueRequired\":true,\"valueName\":\"search_term_string\"}}],\"inLanguage\":\"de\"},{\"@type\":\"Person\",\"@id\":\"http:\/\/www.wetterauer-landbote.de\/#\/schema\/person\/fa7509b189bc402f223dd5337ab92ed0\",\"name\":\"harpo\",\"image\":{\"@type\":\"ImageObject\",\"inLanguage\":\"de\",\"@id\":\"http:\/\/www.wetterauer-landbote.de\/#\/schema\/person\/image\/\",\"url\":\"https:\/\/secure.gravatar.com\/avatar\/198bcecc77c146e5ea8d4540d99560b4b486a090b927ff654b2c125224d88117?s=96&d=mm&r=g\",\"contentUrl\":\"https:\/\/secure.gravatar.com\/avatar\/198bcecc77c146e5ea8d4540d99560b4b486a090b927ff654b2c125224d88117?s=96&d=mm&r=g\",\"caption\":\"harpo\"},\"url\":\"https:\/\/www.wetterauer-landbote.de\/?author=1\"}]}<\/script>\n<!-- \/ Yoast SEO plugin. -->","yoast_head_json":{"title":"Abschaffung der Sommerzeit - meint die CDU das ernst? - Wetterauer-Landbote","description":"Im Sommer einfach ein St\u00fcndchen l\u00e4nger schlafen statt die Sommerzeit abzuschaffen. Abschaffung der Sommerzeit - meint die CDU das ernst?","robots":{"index":"index","follow":"follow","max-snippet":"max-snippet:-1","max-image-preview":"max-image-preview:large","max-video-preview":"max-video-preview:-1"},"canonical":"http:\/\/www.wetterauer-landbote.de\/?p=864","og_locale":"de_DE","og_type":"article","og_title":"Abschaffung der Sommerzeit - meint die CDU das ernst? - Wetterauer-Landbote","og_description":"Im Sommer einfach ein St\u00fcndchen l\u00e4nger schlafen statt die Sommerzeit abzuschaffen. Abschaffung der Sommerzeit - meint die CDU das ernst?","og_url":"http:\/\/www.wetterauer-landbote.de\/?p=864","og_site_name":"Wetterauer-Landbote","article_published_time":"2014-04-07T18:56:39+00:00","article_modified_time":"2014-04-07T19:42:17+00:00","og_image":[{"url":"http:\/\/www.wetterauer-landbote.de\/wp-content\/uploads\/2014\/04\/uhr.jpg","type":"","width":"","height":""}],"author":"harpo","twitter_misc":{"Verfasst von":"harpo","Gesch\u00e4tzte Lesezeit":"3\u00a0Minuten"},"schema":{"@context":"https:\/\/schema.org","@graph":[{"@type":"Article","@id":"http:\/\/www.wetterauer-landbote.de\/?p=864#article","isPartOf":{"@id":"http:\/\/www.wetterauer-landbote.de\/?p=864"},"author":{"name":"harpo","@id":"http:\/\/www.wetterauer-landbote.de\/#\/schema\/person\/fa7509b189bc402f223dd5337ab92ed0"},"headline":"Abschaffung der Sommerzeit &#8211; meint die CDU das ernst?","datePublished":"2014-04-07T18:56:39+00:00","dateModified":"2014-04-07T19:42:17+00:00","mainEntityOfPage":{"@id":"http:\/\/www.wetterauer-landbote.de\/?p=864"},"wordCount":579,"commentCount":2,"image":{"@id":"http:\/\/www.wetterauer-landbote.de\/?p=864#primaryimage"},"thumbnailUrl":"http:\/\/www.wetterauer-landbote.de\/wp-content\/uploads\/2014\/04\/uhr.jpg","inLanguage":"de","potentialAction":[{"@type":"CommentAction","name":"Comment","target":["http:\/\/www.wetterauer-landbote.de\/?p=864#respond"]}]},{"@type":"WebPage","@id":"http:\/\/www.wetterauer-landbote.de\/?p=864","url":"http:\/\/www.wetterauer-landbote.de\/?p=864","name":"Abschaffung der Sommerzeit - meint die CDU das ernst? - Wetterauer-Landbote","isPartOf":{"@id":"http:\/\/www.wetterauer-landbote.de\/#website"},"primaryImageOfPage":{"@id":"http:\/\/www.wetterauer-landbote.de\/?p=864#primaryimage"},"image":{"@id":"http:\/\/www.wetterauer-landbote.de\/?p=864#primaryimage"},"thumbnailUrl":"http:\/\/www.wetterauer-landbote.de\/wp-content\/uploads\/2014\/04\/uhr.jpg","datePublished":"2014-04-07T18:56:39+00:00","dateModified":"2014-04-07T19:42:17+00:00","author":{"@id":"http:\/\/www.wetterauer-landbote.de\/#\/schema\/person\/fa7509b189bc402f223dd5337ab92ed0"},"description":"Im Sommer einfach ein St\u00fcndchen l\u00e4nger schlafen statt die Sommerzeit abzuschaffen. Abschaffung der Sommerzeit - meint die CDU das ernst?","breadcrumb":{"@id":"http:\/\/www.wetterauer-landbote.de\/?p=864#breadcrumb"},"inLanguage":"de","potentialAction":[{"@type":"ReadAction","target":["http:\/\/www.wetterauer-landbote.de\/?p=864"]}]},{"@type":"ImageObject","inLanguage":"de","@id":"http:\/\/www.wetterauer-landbote.de\/?p=864#primaryimage","url":"https:\/\/i0.wp.com\/www.wetterauer-landbote.de\/wp-content\/uploads\/2014\/04\/uhr.jpg?fit=388%2C814&ssl=1","contentUrl":"https:\/\/i0.wp.com\/www.wetterauer-landbote.de\/wp-content\/uploads\/2014\/04\/uhr.jpg?fit=388%2C814&ssl=1","width":388,"height":814},{"@type":"BreadcrumbList","@id":"http:\/\/www.wetterauer-landbote.de\/?p=864#breadcrumb","itemListElement":[{"@type":"ListItem","position":1,"name":"Home","item":"http:\/\/www.wetterauer-landbote.de\/"},{"@type":"ListItem","position":2,"name":"Abschaffung der Sommerzeit &#8211; meint die CDU das ernst?"}]},{"@type":"WebSite","@id":"http:\/\/www.wetterauer-landbote.de\/#website","url":"http:\/\/www.wetterauer-landbote.de\/","name":"Wetterauer-Landbote","description":"","potentialAction":[{"@type":"SearchAction","target":{"@type":"EntryPoint","urlTemplate":"http:\/\/www.wetterauer-landbote.de\/?s={search_term_string}"},"query-input":{"@type":"PropertyValueSpecification","valueRequired":true,"valueName":"search_term_string"}}],"inLanguage":"de"},{"@type":"Person","@id":"http:\/\/www.wetterauer-landbote.de\/#\/schema\/person\/fa7509b189bc402f223dd5337ab92ed0","name":"harpo","image":{"@type":"ImageObject","inLanguage":"de","@id":"http:\/\/www.wetterauer-landbote.de\/#\/schema\/person\/image\/","url":"https:\/\/secure.gravatar.com\/avatar\/198bcecc77c146e5ea8d4540d99560b4b486a090b927ff654b2c125224d88117?s=96&d=mm&r=g","contentUrl":"https:\/\/secure.gravatar.com\/avatar\/198bcecc77c146e5ea8d4540d99560b4b486a090b927ff654b2c125224d88117?s=96&d=mm&r=g","caption":"harpo"},"url":"https:\/\/www.wetterauer-landbote.de\/?author=1"}]}},"jetpack_featured_media_url":"","jetpack_sharing_enabled":true,"jetpack_likes_enabled":true,"_links":{"self":[{"href":"https:\/\/www.wetterauer-landbote.de\/index.php?rest_route=\/wp\/v2\/posts\/864","targetHints":{"allow":["GET"]}}],"collection":[{"href":"https:\/\/www.wetterauer-landbote.de\/index.php?rest_route=\/wp\/v2\/posts"}],"about":[{"href":"https:\/\/www.wetterauer-landbote.de\/index.php?rest_route=\/wp\/v2\/types\/post"}],"author":[{"embeddable":true,"href":"https:\/\/www.wetterauer-landbote.de\/index.php?rest_route=\/wp\/v2\/users\/1"}],"replies":[{"embeddable":true,"href":"https:\/\/www.wetterauer-landbote.de\/index.php?rest_route=%2Fwp%2Fv2%2Fcomments&post=864"}],"version-history":[{"count":6,"href":"https:\/\/www.wetterauer-landbote.de\/index.php?rest_route=\/wp\/v2\/posts\/864\/revisions"}],"predecessor-version":[{"id":872,"href":"https:\/\/www.wetterauer-landbote.de\/index.php?rest_route=\/wp\/v2\/posts\/864\/revisions\/872"}],"wp:attachment":[{"href":"https:\/\/www.wetterauer-landbote.de\/index.php?rest_route=%2Fwp%2Fv2%2Fmedia&parent=864"}],"wp:term":[{"taxonomy":"category","embeddable":true,"href":"https:\/\/www.wetterauer-landbote.de\/index.php?rest_route=%2Fwp%2Fv2%2Fcategories&post=864"},{"taxonomy":"post_tag","embeddable":true,"href":"https:\/\/www.wetterauer-landbote.de\/index.php?rest_route=%2Fwp%2Fv2%2Ftags&post=864"}],"curies":[{"name":"wp","href":"https:\/\/api.w.org\/{rel}","templated":true}]}}