{"id":694,"date":"2014-02-08T16:36:53","date_gmt":"2014-02-08T14:36:53","guid":{"rendered":"http:\/\/www.wetterauer-landbote.de\/?p=694"},"modified":"2014-02-09T15:10:59","modified_gmt":"2014-02-09T13:10:59","slug":"die-medien-der-nazis","status":"publish","type":"post","link":"https:\/\/www.wetterauer-landbote.de\/?p=694","title":{"rendered":"Die Medien der Nazis"},"content":{"rendered":"<h1>Sorglos im Internet<\/h1>\n<p><strong>Von Bruno Rieb<\/strong><\/p>\n<p>Wo verbreiten Neonazis bevorzugt ihre rassistisches und gewaltverherrlichendes Gedankengut? Hier, im Internet. Ihre Tummeldfelder sind die sogenannten S<a href=\"https:\/\/i0.wp.com\/www.wetterauer-landbote.de\/wp-content\/uploads\/2014\/02\/rechte.jpg\"><img data-recalc-dims=\"1\" loading=\"lazy\" decoding=\"async\" class=\" wp-image-695 alignright\" alt=\"rechte\" src=\"https:\/\/i0.wp.com\/www.wetterauer-landbote.de\/wp-content\/uploads\/2014\/02\/rechte.jpg?resize=232%2C206\" width=\"232\" height=\"206\" \/><\/a>ozialen Netzwerke, Facebook und Twitter vor allem, und Blogs.\u00a0 Das berichteten der Journalist der Frankfurter Rundschau Hanning Voigts und der DGB-Jugendbildungsreferent Sascha Schmidt in einer Veranstaltung der Journalistengewerkschaft dju und des DGB-Stadtverbandes Frankfurt. &#8222;Die Nazis und ihre Medien&#8220; war das Thema das Informationsabends im Frankfurter Caf\u00e9 Wiesengrund. <!--more-->Die neuen Anh\u00e4nger alten faschistischen Gedankengutes stellen sich recht unbefangen\u00a0 im weltweiten Datennetz dar.\u00a0 Wie jener Aktivist im Lumdatal, der ein Foto ins Netz stellte, auf dem er vor Hakenkreuzen posierte. Gegen den jungen Mann l\u00e4uft nun ein Strafverfahren. Die Sozialen Netzwerke seien f\u00fcr die Neonazis so Alltag geworden, dass sie sich dort recht sorglos pr\u00e4sentieren, sagte Voigts.<\/p>\n<p>Wie man gegen die rechte Hetze im Netz vorgehen kann, wollte einer aus dem Publikum\u00a0 wissen. Anzeige erstatten und bei Facebook oder Twitter auf ein Sperren des Auftritts hinwirken, schlug Sascha Schmidt vor. Sich auf Diskussion mit den Nazis in deren Foren einzulassen sei nicht sinnvoll: &#8222;Das bringt nichts.&#8220;<\/p>\n<p>Voigts dagegen h\u00e4lt nichts davon, die rechten Auftritte im Internet zu unterbinden. Sie sind f\u00fcr ihn eine wichtige Informationsquelle. &#8222;Ich habe an L\u00f6schungen kein Interesse&#8220;, sagt er. Morgens schaut er sich regelm\u00e4\u00dfig einschl\u00e4gige Seiten an und erf\u00e4hrt zum Beispiel dass es nachts Hausdurchsuchungen bei Neonazis gegeben hat, von denen selbst ins Netz gestellt. Sogleich ruft er bei der Staatsanwaltschaft an und\u00a0 trifft auf Verwunderung: Woher wissen Sie davon?&#8220; Oder die Antifa macht auf Wohnungen von Neonazis aufmerksam und die belegen durch ihre emp\u00f6rte Reaktion im Netz, dass die Infos das Antifa zutreffen. Voigts: &#8222;Die Nazis sagen einen mehr \u00fcber sich, als gut f\u00fcr sie ist.&#8220;<\/p>\n<pre><a href=\"https:\/\/i0.wp.com\/www.wetterauer-landbote.de\/wp-content\/uploads\/2014\/02\/referenten.jpg\"><img data-recalc-dims=\"1\" loading=\"lazy\" decoding=\"async\" class=\"alignnone size-large wp-image-696\" alt=\"referenten\" src=\"https:\/\/i0.wp.com\/www.wetterauer-landbote.de\/wp-content\/uploads\/2014\/02\/referenten.jpg?resize=517%2C402\" width=\"517\" height=\"402\" \/><\/a> \r\nSascha Schmidt (links)und Hanning Voigts. (Fotos: Rieb)<\/pre>\n<h2>Die Medien der Nazis<\/h2>\n<p>Das Internet hat den traditionellen Medien der Nazis wie dem NPD-Organ &#8222;Nationalzeitung&#8220;\u00a0 l\u00e4ngst den Rang abgelaufen. Die neuen Nazis versuchen sich ein neues Image zu verpassen. Die k\u00f6nnen mit &#8222;Braunhemden und Knickebockern nichts mehr anfangen&#8220;, so Sascha Schmidt. Sie treten auf wie ihre \u00e4rgsten Feinde, die autonome Antifa. &#8222;Schwarze Bl\u00f6cke geh\u00f6ren inzwischen zu Neazi-Demos&#8220;, sagt Schmidt. Anglizismen seien nicht mehr verp\u00f6nt. Voigts spricht von einem &#8222;moderneren und rebellischem Image&#8220;. Die Neonazis versuchten sich &#8222;auf der H\u00f6he der Zeit&#8220; zu pr\u00e4sentieren, w\u00fcrden dabei aber die alten Inhalte und NS-Bez\u00fcge transportieren.<\/p>\n<p>Die Wetterau z\u00e4hlten die beiden zu den Nazi-Hochburgen. Hier sind f\u00fchrende Leute der Hessischen NPD aktiv, es gibt einen Kreisverband der Partei &#8222;Die Rechte&#8220;, die von gewaltbereiten Neonazis um den einschl\u00e4gig bekannten Christin Worch gegr\u00fcndet wurde. Au\u00dferdem etabliert sich die Projektwerkstatt Karben als Zentrum der neuen Rechten. J\u00fcngst referierte hier deren Chefideologe Felix Menzel, der die Jugendzeitschrift &#8222;Blaue Narzisse&#8220; herausgibt.<\/p>\n<p>Im Lumdatal unweit von Gie\u00dfen haben Neonazis durch ihr dreistes auftreten Aufsehen erregt. Schmidt: &#8222;Die treten die T\u00fcr der B\u00fcrgermeisterin ein und sind dabei noch nicht einmal maskiert.&#8220;\u00a0 Um die 50 Straftaten werden der Gruppe inzwischen angelastet. Auch im Internet pr\u00e4sentierten sich die Lumdataler Neonazis eifrig. Durch manipulierte Bilder versuchten sie ihre Gruppe gr\u00f6\u00dfer darzustellen, als sie tats\u00e4chlich ist. Mit einer CD mit Rechtsrock versuchten sich in einer Schule Anh\u00e4nger zu werden. Einer engagierten Lehrerin sei es zu verdanken, dass ihnen das nicht gelang, berichtet Voigts.\u00a0 Die Lumdataler Neonazis seien vor allem Leute mit Problemen wie Alkoholismus und Arbeitslosigkeit.<\/p>\n<p>Die Selbstdarstellung der Neonazis im Internet ist laut Voigts mit Vorsicht zu genie\u00dfen. Oft sei es mehr &#8222;Schein als Sein&#8220;. Wie etwa das manipulierte Foto der Lumdataler, das ihre Gruppe gr\u00f6\u00dfer erscheinen lassen solle als sie tats\u00e4chlich ist.<\/p>\n<p><a href=\"https:\/\/i0.wp.com\/www.wetterauer-landbote.de\/wp-content\/uploads\/2014\/02\/antifa.jpg\"><img data-recalc-dims=\"1\" loading=\"lazy\" decoding=\"async\" class=\"alignnone size-large wp-image-702\" alt=\"Nazimedien\" src=\"https:\/\/i0.wp.com\/www.wetterauer-landbote.de\/wp-content\/uploads\/2014\/02\/antifa.jpg?resize=584%2C417\" width=\"584\" height=\"417\" srcset=\"https:\/\/i0.wp.com\/www.wetterauer-landbote.de\/wp-content\/uploads\/2014\/02\/antifa.jpg?resize=1024%2C732&amp;ssl=1 1024w, https:\/\/i0.wp.com\/www.wetterauer-landbote.de\/wp-content\/uploads\/2014\/02\/antifa.jpg?resize=300%2C214&amp;ssl=1 300w, https:\/\/i0.wp.com\/www.wetterauer-landbote.de\/wp-content\/uploads\/2014\/02\/antifa.jpg?resize=419%2C300&amp;ssl=1 419w, https:\/\/i0.wp.com\/www.wetterauer-landbote.de\/wp-content\/uploads\/2014\/02\/antifa.jpg?w=1873&amp;ssl=1 1873w, https:\/\/i0.wp.com\/www.wetterauer-landbote.de\/wp-content\/uploads\/2014\/02\/antifa.jpg?w=1168 1168w, https:\/\/i0.wp.com\/www.wetterauer-landbote.de\/wp-content\/uploads\/2014\/02\/antifa.jpg?w=1752 1752w\" sizes=\"auto, (max-width: 584px) 100vw, 584px\" \/><\/a><\/p>\n","protected":false},"excerpt":{"rendered":"<p>Sorglos im Internet Von Bruno Rieb Wo verbreiten Neonazis bevorzugt ihre rassistisches und gewaltverherrlichendes Gedankengut? Hier, im Internet. Ihre Tummeldfelder sind die sogenannten Sozialen Netzwerke, Facebook und Twitter vor allem, und Blogs.\u00a0 Das berichteten der Journalist der Frankfurter Rundschau Hanning &hellip; <a href=\"https:\/\/www.wetterauer-landbote.de\/?p=694\">Weiterlesen <span class=\"meta-nav\">&rarr;<\/span><\/a><\/p>\n","protected":false},"author":1,"featured_media":0,"comment_status":"open","ping_status":"open","sticky":false,"template":"","format":"standard","meta":{"_jetpack_memberships_contains_paid_content":false,"footnotes":""},"categories":[1],"tags":[],"class_list":["post-694","post","type-post","status-publish","format-standard","hentry","category-allgemein"],"yoast_head":"<!-- This site is optimized with the Yoast SEO plugin v27.0 - https:\/\/yoast.com\/product\/yoast-seo-wordpress\/ -->\n<title>Die Medien der Nazis - Wetterauer-Landbote<\/title>\n<meta name=\"description\" content=\"Das Internet ist zum wichtigsten Tummelfeld der Nazis geworden. Ihre Internetauftritte sind wichtige Quelle f\u00fcr ihre Gegner. Die Medien der Nazis.\" \/>\n<meta name=\"robots\" content=\"index, follow, max-snippet:-1, max-image-preview:large, max-video-preview:-1\" \/>\n<link rel=\"canonical\" href=\"http:\/\/www.wetterauer-landbote.de\/?p=694\" \/>\n<meta property=\"og:locale\" content=\"de_DE\" \/>\n<meta property=\"og:type\" content=\"article\" \/>\n<meta property=\"og:title\" content=\"Die Medien der Nazis - Wetterauer-Landbote\" \/>\n<meta property=\"og:description\" content=\"Das Internet ist zum wichtigsten Tummelfeld der Nazis geworden. Ihre Internetauftritte sind wichtige Quelle f\u00fcr ihre Gegner. Die Medien der Nazis.\" \/>\n<meta property=\"og:url\" content=\"http:\/\/www.wetterauer-landbote.de\/?p=694\" \/>\n<meta property=\"og:site_name\" content=\"Wetterauer-Landbote\" \/>\n<meta property=\"article:published_time\" content=\"2014-02-08T14:36:53+00:00\" \/>\n<meta property=\"article:modified_time\" content=\"2014-02-09T13:10:59+00:00\" \/>\n<meta property=\"og:image\" content=\"http:\/\/www.wetterauer-landbote.de\/wp-content\/uploads\/2014\/02\/rechte-1024x900.jpg\" \/>\n<meta name=\"author\" content=\"harpo\" \/>\n<meta name=\"twitter:label1\" content=\"Verfasst von\" \/>\n\t<meta name=\"twitter:data1\" content=\"harpo\" \/>\n\t<meta name=\"twitter:label2\" content=\"Gesch\u00e4tzte Lesezeit\" \/>\n\t<meta name=\"twitter:data2\" content=\"3\u00a0Minuten\" \/>\n<script type=\"application\/ld+json\" class=\"yoast-schema-graph\">{\"@context\":\"https:\/\/schema.org\",\"@graph\":[{\"@type\":\"Article\",\"@id\":\"http:\/\/www.wetterauer-landbote.de\/?p=694#article\",\"isPartOf\":{\"@id\":\"http:\/\/www.wetterauer-landbote.de\/?p=694\"},\"author\":{\"name\":\"harpo\",\"@id\":\"http:\/\/www.wetterauer-landbote.de\/#\/schema\/person\/fa7509b189bc402f223dd5337ab92ed0\"},\"headline\":\"Die Medien der Nazis\",\"datePublished\":\"2014-02-08T14:36:53+00:00\",\"dateModified\":\"2014-02-09T13:10:59+00:00\",\"mainEntityOfPage\":{\"@id\":\"http:\/\/www.wetterauer-landbote.de\/?p=694\"},\"wordCount\":613,\"commentCount\":0,\"image\":{\"@id\":\"http:\/\/www.wetterauer-landbote.de\/?p=694#primaryimage\"},\"thumbnailUrl\":\"http:\/\/www.wetterauer-landbote.de\/wp-content\/uploads\/2014\/02\/rechte-1024x900.jpg\",\"inLanguage\":\"de\",\"potentialAction\":[{\"@type\":\"CommentAction\",\"name\":\"Comment\",\"target\":[\"http:\/\/www.wetterauer-landbote.de\/?p=694#respond\"]}]},{\"@type\":\"WebPage\",\"@id\":\"http:\/\/www.wetterauer-landbote.de\/?p=694\",\"url\":\"http:\/\/www.wetterauer-landbote.de\/?p=694\",\"name\":\"Die Medien der Nazis - Wetterauer-Landbote\",\"isPartOf\":{\"@id\":\"http:\/\/www.wetterauer-landbote.de\/#website\"},\"primaryImageOfPage\":{\"@id\":\"http:\/\/www.wetterauer-landbote.de\/?p=694#primaryimage\"},\"image\":{\"@id\":\"http:\/\/www.wetterauer-landbote.de\/?p=694#primaryimage\"},\"thumbnailUrl\":\"http:\/\/www.wetterauer-landbote.de\/wp-content\/uploads\/2014\/02\/rechte-1024x900.jpg\",\"datePublished\":\"2014-02-08T14:36:53+00:00\",\"dateModified\":\"2014-02-09T13:10:59+00:00\",\"author\":{\"@id\":\"http:\/\/www.wetterauer-landbote.de\/#\/schema\/person\/fa7509b189bc402f223dd5337ab92ed0\"},\"description\":\"Das Internet ist zum wichtigsten Tummelfeld der Nazis geworden. Ihre Internetauftritte sind wichtige Quelle f\u00fcr ihre Gegner. Die Medien der Nazis.\",\"breadcrumb\":{\"@id\":\"http:\/\/www.wetterauer-landbote.de\/?p=694#breadcrumb\"},\"inLanguage\":\"de\",\"potentialAction\":[{\"@type\":\"ReadAction\",\"target\":[\"http:\/\/www.wetterauer-landbote.de\/?p=694\"]}]},{\"@type\":\"ImageObject\",\"inLanguage\":\"de\",\"@id\":\"http:\/\/www.wetterauer-landbote.de\/?p=694#primaryimage\",\"url\":\"https:\/\/i0.wp.com\/www.wetterauer-landbote.de\/wp-content\/uploads\/2014\/02\/rechte.jpg?fit=1028%2C904&ssl=1\",\"contentUrl\":\"https:\/\/i0.wp.com\/www.wetterauer-landbote.de\/wp-content\/uploads\/2014\/02\/rechte.jpg?fit=1028%2C904&ssl=1\",\"width\":1028,\"height\":904},{\"@type\":\"BreadcrumbList\",\"@id\":\"http:\/\/www.wetterauer-landbote.de\/?p=694#breadcrumb\",\"itemListElement\":[{\"@type\":\"ListItem\",\"position\":1,\"name\":\"Home\",\"item\":\"http:\/\/www.wetterauer-landbote.de\/\"},{\"@type\":\"ListItem\",\"position\":2,\"name\":\"Die Medien der Nazis\"}]},{\"@type\":\"WebSite\",\"@id\":\"http:\/\/www.wetterauer-landbote.de\/#website\",\"url\":\"http:\/\/www.wetterauer-landbote.de\/\",\"name\":\"Wetterauer-Landbote\",\"description\":\"\",\"potentialAction\":[{\"@type\":\"SearchAction\",\"target\":{\"@type\":\"EntryPoint\",\"urlTemplate\":\"http:\/\/www.wetterauer-landbote.de\/?s={search_term_string}\"},\"query-input\":{\"@type\":\"PropertyValueSpecification\",\"valueRequired\":true,\"valueName\":\"search_term_string\"}}],\"inLanguage\":\"de\"},{\"@type\":\"Person\",\"@id\":\"http:\/\/www.wetterauer-landbote.de\/#\/schema\/person\/fa7509b189bc402f223dd5337ab92ed0\",\"name\":\"harpo\",\"image\":{\"@type\":\"ImageObject\",\"inLanguage\":\"de\",\"@id\":\"http:\/\/www.wetterauer-landbote.de\/#\/schema\/person\/image\/\",\"url\":\"https:\/\/secure.gravatar.com\/avatar\/198bcecc77c146e5ea8d4540d99560b4b486a090b927ff654b2c125224d88117?s=96&d=mm&r=g\",\"contentUrl\":\"https:\/\/secure.gravatar.com\/avatar\/198bcecc77c146e5ea8d4540d99560b4b486a090b927ff654b2c125224d88117?s=96&d=mm&r=g\",\"caption\":\"harpo\"},\"url\":\"https:\/\/www.wetterauer-landbote.de\/?author=1\"}]}<\/script>\n<!-- \/ Yoast SEO plugin. -->","yoast_head_json":{"title":"Die Medien der Nazis - Wetterauer-Landbote","description":"Das Internet ist zum wichtigsten Tummelfeld der Nazis geworden. Ihre Internetauftritte sind wichtige Quelle f\u00fcr ihre Gegner. Die Medien der Nazis.","robots":{"index":"index","follow":"follow","max-snippet":"max-snippet:-1","max-image-preview":"max-image-preview:large","max-video-preview":"max-video-preview:-1"},"canonical":"http:\/\/www.wetterauer-landbote.de\/?p=694","og_locale":"de_DE","og_type":"article","og_title":"Die Medien der Nazis - Wetterauer-Landbote","og_description":"Das Internet ist zum wichtigsten Tummelfeld der Nazis geworden. Ihre Internetauftritte sind wichtige Quelle f\u00fcr ihre Gegner. Die Medien der Nazis.","og_url":"http:\/\/www.wetterauer-landbote.de\/?p=694","og_site_name":"Wetterauer-Landbote","article_published_time":"2014-02-08T14:36:53+00:00","article_modified_time":"2014-02-09T13:10:59+00:00","og_image":[{"url":"http:\/\/www.wetterauer-landbote.de\/wp-content\/uploads\/2014\/02\/rechte-1024x900.jpg","type":"","width":"","height":""}],"author":"harpo","twitter_misc":{"Verfasst von":"harpo","Gesch\u00e4tzte Lesezeit":"3\u00a0Minuten"},"schema":{"@context":"https:\/\/schema.org","@graph":[{"@type":"Article","@id":"http:\/\/www.wetterauer-landbote.de\/?p=694#article","isPartOf":{"@id":"http:\/\/www.wetterauer-landbote.de\/?p=694"},"author":{"name":"harpo","@id":"http:\/\/www.wetterauer-landbote.de\/#\/schema\/person\/fa7509b189bc402f223dd5337ab92ed0"},"headline":"Die Medien der Nazis","datePublished":"2014-02-08T14:36:53+00:00","dateModified":"2014-02-09T13:10:59+00:00","mainEntityOfPage":{"@id":"http:\/\/www.wetterauer-landbote.de\/?p=694"},"wordCount":613,"commentCount":0,"image":{"@id":"http:\/\/www.wetterauer-landbote.de\/?p=694#primaryimage"},"thumbnailUrl":"http:\/\/www.wetterauer-landbote.de\/wp-content\/uploads\/2014\/02\/rechte-1024x900.jpg","inLanguage":"de","potentialAction":[{"@type":"CommentAction","name":"Comment","target":["http:\/\/www.wetterauer-landbote.de\/?p=694#respond"]}]},{"@type":"WebPage","@id":"http:\/\/www.wetterauer-landbote.de\/?p=694","url":"http:\/\/www.wetterauer-landbote.de\/?p=694","name":"Die Medien der Nazis - Wetterauer-Landbote","isPartOf":{"@id":"http:\/\/www.wetterauer-landbote.de\/#website"},"primaryImageOfPage":{"@id":"http:\/\/www.wetterauer-landbote.de\/?p=694#primaryimage"},"image":{"@id":"http:\/\/www.wetterauer-landbote.de\/?p=694#primaryimage"},"thumbnailUrl":"http:\/\/www.wetterauer-landbote.de\/wp-content\/uploads\/2014\/02\/rechte-1024x900.jpg","datePublished":"2014-02-08T14:36:53+00:00","dateModified":"2014-02-09T13:10:59+00:00","author":{"@id":"http:\/\/www.wetterauer-landbote.de\/#\/schema\/person\/fa7509b189bc402f223dd5337ab92ed0"},"description":"Das Internet ist zum wichtigsten Tummelfeld der Nazis geworden. Ihre Internetauftritte sind wichtige Quelle f\u00fcr ihre Gegner. Die Medien der Nazis.","breadcrumb":{"@id":"http:\/\/www.wetterauer-landbote.de\/?p=694#breadcrumb"},"inLanguage":"de","potentialAction":[{"@type":"ReadAction","target":["http:\/\/www.wetterauer-landbote.de\/?p=694"]}]},{"@type":"ImageObject","inLanguage":"de","@id":"http:\/\/www.wetterauer-landbote.de\/?p=694#primaryimage","url":"https:\/\/i0.wp.com\/www.wetterauer-landbote.de\/wp-content\/uploads\/2014\/02\/rechte.jpg?fit=1028%2C904&ssl=1","contentUrl":"https:\/\/i0.wp.com\/www.wetterauer-landbote.de\/wp-content\/uploads\/2014\/02\/rechte.jpg?fit=1028%2C904&ssl=1","width":1028,"height":904},{"@type":"BreadcrumbList","@id":"http:\/\/www.wetterauer-landbote.de\/?p=694#breadcrumb","itemListElement":[{"@type":"ListItem","position":1,"name":"Home","item":"http:\/\/www.wetterauer-landbote.de\/"},{"@type":"ListItem","position":2,"name":"Die Medien der Nazis"}]},{"@type":"WebSite","@id":"http:\/\/www.wetterauer-landbote.de\/#website","url":"http:\/\/www.wetterauer-landbote.de\/","name":"Wetterauer-Landbote","description":"","potentialAction":[{"@type":"SearchAction","target":{"@type":"EntryPoint","urlTemplate":"http:\/\/www.wetterauer-landbote.de\/?s={search_term_string}"},"query-input":{"@type":"PropertyValueSpecification","valueRequired":true,"valueName":"search_term_string"}}],"inLanguage":"de"},{"@type":"Person","@id":"http:\/\/www.wetterauer-landbote.de\/#\/schema\/person\/fa7509b189bc402f223dd5337ab92ed0","name":"harpo","image":{"@type":"ImageObject","inLanguage":"de","@id":"http:\/\/www.wetterauer-landbote.de\/#\/schema\/person\/image\/","url":"https:\/\/secure.gravatar.com\/avatar\/198bcecc77c146e5ea8d4540d99560b4b486a090b927ff654b2c125224d88117?s=96&d=mm&r=g","contentUrl":"https:\/\/secure.gravatar.com\/avatar\/198bcecc77c146e5ea8d4540d99560b4b486a090b927ff654b2c125224d88117?s=96&d=mm&r=g","caption":"harpo"},"url":"https:\/\/www.wetterauer-landbote.de\/?author=1"}]}},"jetpack_featured_media_url":"","jetpack_sharing_enabled":true,"jetpack_likes_enabled":true,"_links":{"self":[{"href":"https:\/\/www.wetterauer-landbote.de\/index.php?rest_route=\/wp\/v2\/posts\/694","targetHints":{"allow":["GET"]}}],"collection":[{"href":"https:\/\/www.wetterauer-landbote.de\/index.php?rest_route=\/wp\/v2\/posts"}],"about":[{"href":"https:\/\/www.wetterauer-landbote.de\/index.php?rest_route=\/wp\/v2\/types\/post"}],"author":[{"embeddable":true,"href":"https:\/\/www.wetterauer-landbote.de\/index.php?rest_route=\/wp\/v2\/users\/1"}],"replies":[{"embeddable":true,"href":"https:\/\/www.wetterauer-landbote.de\/index.php?rest_route=%2Fwp%2Fv2%2Fcomments&post=694"}],"version-history":[{"count":8,"href":"https:\/\/www.wetterauer-landbote.de\/index.php?rest_route=\/wp\/v2\/posts\/694\/revisions"}],"predecessor-version":[{"id":705,"href":"https:\/\/www.wetterauer-landbote.de\/index.php?rest_route=\/wp\/v2\/posts\/694\/revisions\/705"}],"wp:attachment":[{"href":"https:\/\/www.wetterauer-landbote.de\/index.php?rest_route=%2Fwp%2Fv2%2Fmedia&parent=694"}],"wp:term":[{"taxonomy":"category","embeddable":true,"href":"https:\/\/www.wetterauer-landbote.de\/index.php?rest_route=%2Fwp%2Fv2%2Fcategories&post=694"},{"taxonomy":"post_tag","embeddable":true,"href":"https:\/\/www.wetterauer-landbote.de\/index.php?rest_route=%2Fwp%2Fv2%2Ftags&post=694"}],"curies":[{"name":"wp","href":"https:\/\/api.w.org\/{rel}","templated":true}]}}