{"id":581,"date":"2014-01-12T19:29:54","date_gmt":"2014-01-12T17:29:54","guid":{"rendered":"http:\/\/www.wetterauer-landbote.de\/?p=581"},"modified":"2014-01-12T19:37:07","modified_gmt":"2014-01-12T17:37:07","slug":"langweilige-wetterauer-landratswahl","status":"publish","type":"post","link":"https:\/\/www.wetterauer-landbote.de\/?p=581","title":{"rendered":"Langweilige Wetterauer Landratswahl"},"content":{"rendered":"<h1>Sieger steht l\u00e4ngst fest<\/h1>\n<p>Von Bruno Rieb<\/p>\n<p lang=\"en-GB\"><a href=\"https:\/\/i0.wp.com\/www.wetterauer-landbote.de\/wp-content\/uploads\/2014\/01\/landratswahl.jpg\"><img data-recalc-dims=\"1\" loading=\"lazy\" decoding=\"async\" class=\" wp-image-578 alignright\" alt=\"landratswahl\" src=\"https:\/\/i0.wp.com\/www.wetterauer-landbote.de\/wp-content\/uploads\/2014\/01\/landratswahl.jpg?resize=141%2C214\" width=\"141\" height=\"214\" \/><\/a>Der Countdown l\u00e4uft. Am 19. Januar entscheiden knapp 83000 Wetterauer Wahlberechtigte, wer die kommenden sechs Jahre auf dem Chefsessel im Landratsamt sitzen wird. Zu Wahl stehen vier Kandidaten: <strong>Joachim Arnold (SPD)<\/strong>, der am 10. Januar 2008 auf diesen Posten gew\u00e4hlt worden war. Der 54-J\u00e4hrige stammt aus W\u00f6lfersheim und war dort zuvor B\u00fcrgermeister. Thorsten Herrmann (CDU) ist 49 Jahre alt und derzeit noch B\u00fcrgermeister in Bensheim, will dort aber nicht mehr f\u00fcr diesen Posten kandidieren, weil er sich mit der schwarz-gr\u00fcnen Koalition im Parlament \u00fcberworfen hat. F\u00fcr die <strong>Linke<\/strong> tritt <strong>Werner Schulz<\/strong> aus Friedberg an. Der 48 Jahre alte gelernte Maler ist Fr\u00fchrentner. F\u00fcr die <strong>rechtsextreme NPD<\/strong> will <strong>Stefan Jagsch<\/strong> Stimmen sammeln.<\/p>\n<h2 lang=\"en-GB\">Langweilige Wetterauer Landratswahl<\/h2>\n<p>Die Wahl ist l\u00e4ngst gelaufen, meint Landbote-Redakteur Bruno Rieb: Der alte Landrat wird auch der neue sein. <a href=\"http:\/\/www.wetterauer-landbote.de\/?page_id=577\" target=\"blank\">weiter lesen<\/a><\/p>\n","protected":false},"excerpt":{"rendered":"<p>Sieger steht l\u00e4ngst fest Von Bruno Rieb Der Countdown l\u00e4uft. Am 19. Januar entscheiden knapp 83000 Wetterauer Wahlberechtigte, wer die kommenden sechs Jahre auf dem Chefsessel im Landratsamt sitzen wird. Zu Wahl stehen vier Kandidaten: Joachim Arnold (SPD), der am &hellip; <a href=\"https:\/\/www.wetterauer-landbote.de\/?p=581\">Weiterlesen <span class=\"meta-nav\">&rarr;<\/span><\/a><\/p>\n","protected":false},"author":1,"featured_media":0,"comment_status":"open","ping_status":"open","sticky":false,"template":"","format":"standard","meta":{"_jetpack_memberships_contains_paid_content":false,"footnotes":""},"categories":[1],"tags":[],"class_list":["post-581","post","type-post","status-publish","format-standard","hentry","category-allgemein"],"yoast_head":"<!-- This site is optimized with the Yoast SEO plugin v27.0 - https:\/\/yoast.com\/product\/yoast-seo-wordpress\/ -->\n<title>Langweilige Wetterauer Landratswahl - Wetterauer-Landbote<\/title>\n<meta name=\"description\" content=\"Am 19. Janur wird der neue Kreishaus-Chef gew\u00e4hlt. Es ist eine langweilige Wetterauer Landratswahl, weil der Sieger l\u00e4ngst fest steht.\" \/>\n<meta name=\"robots\" content=\"index, follow, max-snippet:-1, max-image-preview:large, max-video-preview:-1\" \/>\n<link rel=\"canonical\" href=\"http:\/\/www.wetterauer-landbote.de\/?p=581\" \/>\n<meta property=\"og:locale\" content=\"de_DE\" \/>\n<meta property=\"og:type\" content=\"article\" \/>\n<meta property=\"og:title\" content=\"Langweilige Wetterauer Landratswahl - Wetterauer-Landbote\" \/>\n<meta property=\"og:description\" content=\"Am 19. Janur wird der neue Kreishaus-Chef gew\u00e4hlt. Es ist eine langweilige Wetterauer Landratswahl, weil der Sieger l\u00e4ngst fest steht.\" \/>\n<meta property=\"og:url\" content=\"http:\/\/www.wetterauer-landbote.de\/?p=581\" \/>\n<meta property=\"og:site_name\" content=\"Wetterauer-Landbote\" \/>\n<meta property=\"article:published_time\" content=\"2014-01-12T17:29:54+00:00\" \/>\n<meta property=\"article:modified_time\" content=\"2014-01-12T17:37:07+00:00\" \/>\n<meta property=\"og:image\" content=\"http:\/\/www.wetterauer-landbote.de\/wp-content\/uploads\/2014\/01\/landratswahl-659x1024.jpg\" \/>\n<meta name=\"author\" content=\"harpo\" \/>\n<meta name=\"twitter:label1\" content=\"Verfasst von\" \/>\n\t<meta name=\"twitter:data1\" content=\"harpo\" \/>\n\t<meta name=\"twitter:label2\" content=\"Gesch\u00e4tzte Lesezeit\" \/>\n\t<meta name=\"twitter:data2\" content=\"1\u00a0Minute\" \/>\n<script type=\"application\/ld+json\" class=\"yoast-schema-graph\">{\"@context\":\"https:\/\/schema.org\",\"@graph\":[{\"@type\":\"Article\",\"@id\":\"http:\/\/www.wetterauer-landbote.de\/?p=581#article\",\"isPartOf\":{\"@id\":\"http:\/\/www.wetterauer-landbote.de\/?p=581\"},\"author\":{\"name\":\"harpo\",\"@id\":\"http:\/\/www.wetterauer-landbote.de\/#\/schema\/person\/fa7509b189bc402f223dd5337ab92ed0\"},\"headline\":\"Langweilige Wetterauer Landratswahl\",\"datePublished\":\"2014-01-12T17:29:54+00:00\",\"dateModified\":\"2014-01-12T17:37:07+00:00\",\"mainEntityOfPage\":{\"@id\":\"http:\/\/www.wetterauer-landbote.de\/?p=581\"},\"wordCount\":150,\"commentCount\":0,\"image\":{\"@id\":\"http:\/\/www.wetterauer-landbote.de\/?p=581#primaryimage\"},\"thumbnailUrl\":\"http:\/\/www.wetterauer-landbote.de\/wp-content\/uploads\/2014\/01\/landratswahl-659x1024.jpg\",\"inLanguage\":\"de\",\"potentialAction\":[{\"@type\":\"CommentAction\",\"name\":\"Comment\",\"target\":[\"http:\/\/www.wetterauer-landbote.de\/?p=581#respond\"]}]},{\"@type\":\"WebPage\",\"@id\":\"http:\/\/www.wetterauer-landbote.de\/?p=581\",\"url\":\"http:\/\/www.wetterauer-landbote.de\/?p=581\",\"name\":\"Langweilige Wetterauer Landratswahl - Wetterauer-Landbote\",\"isPartOf\":{\"@id\":\"http:\/\/www.wetterauer-landbote.de\/#website\"},\"primaryImageOfPage\":{\"@id\":\"http:\/\/www.wetterauer-landbote.de\/?p=581#primaryimage\"},\"image\":{\"@id\":\"http:\/\/www.wetterauer-landbote.de\/?p=581#primaryimage\"},\"thumbnailUrl\":\"http:\/\/www.wetterauer-landbote.de\/wp-content\/uploads\/2014\/01\/landratswahl-659x1024.jpg\",\"datePublished\":\"2014-01-12T17:29:54+00:00\",\"dateModified\":\"2014-01-12T17:37:07+00:00\",\"author\":{\"@id\":\"http:\/\/www.wetterauer-landbote.de\/#\/schema\/person\/fa7509b189bc402f223dd5337ab92ed0\"},\"description\":\"Am 19. Janur wird der neue Kreishaus-Chef gew\u00e4hlt. Es ist eine langweilige Wetterauer Landratswahl, weil der Sieger l\u00e4ngst fest steht.\",\"breadcrumb\":{\"@id\":\"http:\/\/www.wetterauer-landbote.de\/?p=581#breadcrumb\"},\"inLanguage\":\"de\",\"potentialAction\":[{\"@type\":\"ReadAction\",\"target\":[\"http:\/\/www.wetterauer-landbote.de\/?p=581\"]}]},{\"@type\":\"ImageObject\",\"inLanguage\":\"de\",\"@id\":\"http:\/\/www.wetterauer-landbote.de\/?p=581#primaryimage\",\"url\":\"https:\/\/i0.wp.com\/www.wetterauer-landbote.de\/wp-content\/uploads\/2014\/01\/landratswahl.jpg?fit=1180%2C1832&ssl=1\",\"contentUrl\":\"https:\/\/i0.wp.com\/www.wetterauer-landbote.de\/wp-content\/uploads\/2014\/01\/landratswahl.jpg?fit=1180%2C1832&ssl=1\",\"width\":1180,\"height\":1832},{\"@type\":\"BreadcrumbList\",\"@id\":\"http:\/\/www.wetterauer-landbote.de\/?p=581#breadcrumb\",\"itemListElement\":[{\"@type\":\"ListItem\",\"position\":1,\"name\":\"Home\",\"item\":\"http:\/\/www.wetterauer-landbote.de\/\"},{\"@type\":\"ListItem\",\"position\":2,\"name\":\"Langweilige Wetterauer Landratswahl\"}]},{\"@type\":\"WebSite\",\"@id\":\"http:\/\/www.wetterauer-landbote.de\/#website\",\"url\":\"http:\/\/www.wetterauer-landbote.de\/\",\"name\":\"Wetterauer-Landbote\",\"description\":\"\",\"potentialAction\":[{\"@type\":\"SearchAction\",\"target\":{\"@type\":\"EntryPoint\",\"urlTemplate\":\"http:\/\/www.wetterauer-landbote.de\/?s={search_term_string}\"},\"query-input\":{\"@type\":\"PropertyValueSpecification\",\"valueRequired\":true,\"valueName\":\"search_term_string\"}}],\"inLanguage\":\"de\"},{\"@type\":\"Person\",\"@id\":\"http:\/\/www.wetterauer-landbote.de\/#\/schema\/person\/fa7509b189bc402f223dd5337ab92ed0\",\"name\":\"harpo\",\"image\":{\"@type\":\"ImageObject\",\"inLanguage\":\"de\",\"@id\":\"http:\/\/www.wetterauer-landbote.de\/#\/schema\/person\/image\/\",\"url\":\"https:\/\/secure.gravatar.com\/avatar\/198bcecc77c146e5ea8d4540d99560b4b486a090b927ff654b2c125224d88117?s=96&d=mm&r=g\",\"contentUrl\":\"https:\/\/secure.gravatar.com\/avatar\/198bcecc77c146e5ea8d4540d99560b4b486a090b927ff654b2c125224d88117?s=96&d=mm&r=g\",\"caption\":\"harpo\"},\"url\":\"https:\/\/www.wetterauer-landbote.de\/?author=1\"}]}<\/script>\n<!-- \/ Yoast SEO plugin. -->","yoast_head_json":{"title":"Langweilige Wetterauer Landratswahl - Wetterauer-Landbote","description":"Am 19. Janur wird der neue Kreishaus-Chef gew\u00e4hlt. Es ist eine langweilige Wetterauer Landratswahl, weil der Sieger l\u00e4ngst fest steht.","robots":{"index":"index","follow":"follow","max-snippet":"max-snippet:-1","max-image-preview":"max-image-preview:large","max-video-preview":"max-video-preview:-1"},"canonical":"http:\/\/www.wetterauer-landbote.de\/?p=581","og_locale":"de_DE","og_type":"article","og_title":"Langweilige Wetterauer Landratswahl - Wetterauer-Landbote","og_description":"Am 19. Janur wird der neue Kreishaus-Chef gew\u00e4hlt. Es ist eine langweilige Wetterauer Landratswahl, weil der Sieger l\u00e4ngst fest steht.","og_url":"http:\/\/www.wetterauer-landbote.de\/?p=581","og_site_name":"Wetterauer-Landbote","article_published_time":"2014-01-12T17:29:54+00:00","article_modified_time":"2014-01-12T17:37:07+00:00","og_image":[{"url":"http:\/\/www.wetterauer-landbote.de\/wp-content\/uploads\/2014\/01\/landratswahl-659x1024.jpg","type":"","width":"","height":""}],"author":"harpo","twitter_misc":{"Verfasst von":"harpo","Gesch\u00e4tzte Lesezeit":"1\u00a0Minute"},"schema":{"@context":"https:\/\/schema.org","@graph":[{"@type":"Article","@id":"http:\/\/www.wetterauer-landbote.de\/?p=581#article","isPartOf":{"@id":"http:\/\/www.wetterauer-landbote.de\/?p=581"},"author":{"name":"harpo","@id":"http:\/\/www.wetterauer-landbote.de\/#\/schema\/person\/fa7509b189bc402f223dd5337ab92ed0"},"headline":"Langweilige Wetterauer Landratswahl","datePublished":"2014-01-12T17:29:54+00:00","dateModified":"2014-01-12T17:37:07+00:00","mainEntityOfPage":{"@id":"http:\/\/www.wetterauer-landbote.de\/?p=581"},"wordCount":150,"commentCount":0,"image":{"@id":"http:\/\/www.wetterauer-landbote.de\/?p=581#primaryimage"},"thumbnailUrl":"http:\/\/www.wetterauer-landbote.de\/wp-content\/uploads\/2014\/01\/landratswahl-659x1024.jpg","inLanguage":"de","potentialAction":[{"@type":"CommentAction","name":"Comment","target":["http:\/\/www.wetterauer-landbote.de\/?p=581#respond"]}]},{"@type":"WebPage","@id":"http:\/\/www.wetterauer-landbote.de\/?p=581","url":"http:\/\/www.wetterauer-landbote.de\/?p=581","name":"Langweilige Wetterauer Landratswahl - Wetterauer-Landbote","isPartOf":{"@id":"http:\/\/www.wetterauer-landbote.de\/#website"},"primaryImageOfPage":{"@id":"http:\/\/www.wetterauer-landbote.de\/?p=581#primaryimage"},"image":{"@id":"http:\/\/www.wetterauer-landbote.de\/?p=581#primaryimage"},"thumbnailUrl":"http:\/\/www.wetterauer-landbote.de\/wp-content\/uploads\/2014\/01\/landratswahl-659x1024.jpg","datePublished":"2014-01-12T17:29:54+00:00","dateModified":"2014-01-12T17:37:07+00:00","author":{"@id":"http:\/\/www.wetterauer-landbote.de\/#\/schema\/person\/fa7509b189bc402f223dd5337ab92ed0"},"description":"Am 19. Janur wird der neue Kreishaus-Chef gew\u00e4hlt. Es ist eine langweilige Wetterauer Landratswahl, weil der Sieger l\u00e4ngst fest steht.","breadcrumb":{"@id":"http:\/\/www.wetterauer-landbote.de\/?p=581#breadcrumb"},"inLanguage":"de","potentialAction":[{"@type":"ReadAction","target":["http:\/\/www.wetterauer-landbote.de\/?p=581"]}]},{"@type":"ImageObject","inLanguage":"de","@id":"http:\/\/www.wetterauer-landbote.de\/?p=581#primaryimage","url":"https:\/\/i0.wp.com\/www.wetterauer-landbote.de\/wp-content\/uploads\/2014\/01\/landratswahl.jpg?fit=1180%2C1832&ssl=1","contentUrl":"https:\/\/i0.wp.com\/www.wetterauer-landbote.de\/wp-content\/uploads\/2014\/01\/landratswahl.jpg?fit=1180%2C1832&ssl=1","width":1180,"height":1832},{"@type":"BreadcrumbList","@id":"http:\/\/www.wetterauer-landbote.de\/?p=581#breadcrumb","itemListElement":[{"@type":"ListItem","position":1,"name":"Home","item":"http:\/\/www.wetterauer-landbote.de\/"},{"@type":"ListItem","position":2,"name":"Langweilige Wetterauer Landratswahl"}]},{"@type":"WebSite","@id":"http:\/\/www.wetterauer-landbote.de\/#website","url":"http:\/\/www.wetterauer-landbote.de\/","name":"Wetterauer-Landbote","description":"","potentialAction":[{"@type":"SearchAction","target":{"@type":"EntryPoint","urlTemplate":"http:\/\/www.wetterauer-landbote.de\/?s={search_term_string}"},"query-input":{"@type":"PropertyValueSpecification","valueRequired":true,"valueName":"search_term_string"}}],"inLanguage":"de"},{"@type":"Person","@id":"http:\/\/www.wetterauer-landbote.de\/#\/schema\/person\/fa7509b189bc402f223dd5337ab92ed0","name":"harpo","image":{"@type":"ImageObject","inLanguage":"de","@id":"http:\/\/www.wetterauer-landbote.de\/#\/schema\/person\/image\/","url":"https:\/\/secure.gravatar.com\/avatar\/198bcecc77c146e5ea8d4540d99560b4b486a090b927ff654b2c125224d88117?s=96&d=mm&r=g","contentUrl":"https:\/\/secure.gravatar.com\/avatar\/198bcecc77c146e5ea8d4540d99560b4b486a090b927ff654b2c125224d88117?s=96&d=mm&r=g","caption":"harpo"},"url":"https:\/\/www.wetterauer-landbote.de\/?author=1"}]}},"jetpack_featured_media_url":"","jetpack_sharing_enabled":true,"jetpack_likes_enabled":true,"_links":{"self":[{"href":"https:\/\/www.wetterauer-landbote.de\/index.php?rest_route=\/wp\/v2\/posts\/581","targetHints":{"allow":["GET"]}}],"collection":[{"href":"https:\/\/www.wetterauer-landbote.de\/index.php?rest_route=\/wp\/v2\/posts"}],"about":[{"href":"https:\/\/www.wetterauer-landbote.de\/index.php?rest_route=\/wp\/v2\/types\/post"}],"author":[{"embeddable":true,"href":"https:\/\/www.wetterauer-landbote.de\/index.php?rest_route=\/wp\/v2\/users\/1"}],"replies":[{"embeddable":true,"href":"https:\/\/www.wetterauer-landbote.de\/index.php?rest_route=%2Fwp%2Fv2%2Fcomments&post=581"}],"version-history":[{"count":4,"href":"https:\/\/www.wetterauer-landbote.de\/index.php?rest_route=\/wp\/v2\/posts\/581\/revisions"}],"predecessor-version":[{"id":585,"href":"https:\/\/www.wetterauer-landbote.de\/index.php?rest_route=\/wp\/v2\/posts\/581\/revisions\/585"}],"wp:attachment":[{"href":"https:\/\/www.wetterauer-landbote.de\/index.php?rest_route=%2Fwp%2Fv2%2Fmedia&parent=581"}],"wp:term":[{"taxonomy":"category","embeddable":true,"href":"https:\/\/www.wetterauer-landbote.de\/index.php?rest_route=%2Fwp%2Fv2%2Fcategories&post=581"},{"taxonomy":"post_tag","embeddable":true,"href":"https:\/\/www.wetterauer-landbote.de\/index.php?rest_route=%2Fwp%2Fv2%2Ftags&post=581"}],"curies":[{"name":"wp","href":"https:\/\/api.w.org\/{rel}","templated":true}]}}