{"id":458,"date":"2013-12-04T18:46:33","date_gmt":"2013-12-04T16:46:33","guid":{"rendered":"http:\/\/www.wetterauer-landbote.de\/?p=458"},"modified":"2013-12-04T19:09:27","modified_gmt":"2013-12-04T17:09:27","slug":"flott-auf-die-autobahn","status":"publish","type":"post","link":"https:\/\/www.wetterauer-landbote.de\/?p=458","title":{"rendered":"Flott auf die Autobahn"},"content":{"rendered":"<div id=\"attachment_461\" style=\"width: 2602px\" class=\"wp-caption alignleft\"><a href=\"https:\/\/i0.wp.com\/www.wetterauer-landbote.de\/wp-content\/uploads\/2013\/12\/Er%C3%B6ffnung_S%C3%BCdumgehung_Rosbach.jpg\"><img data-recalc-dims=\"1\" loading=\"lazy\" decoding=\"async\" aria-describedby=\"caption-attachment-461\" class=\"size-full wp-image-461\" alt=\"Schnipp-Schnapp auf der neuen Kreisstra\u00dfe 11: Landrat Joachim Arnold (in der roten Jacke), rechts daneben Rosbachs B\u00fcrgermeister Thomas Alber (Bild: Wetteraukreis)\" src=\"https:\/\/i0.wp.com\/www.wetterauer-landbote.de\/wp-content\/uploads\/2013\/12\/Er%C3%B6ffnung_S%C3%BCdumgehung_Rosbach.jpg?resize=584%2C438\" width=\"584\" height=\"438\" srcset=\"https:\/\/i0.wp.com\/www.wetterauer-landbote.de\/wp-content\/uploads\/2013\/12\/Er%C3%B6ffnung_S%C3%BCdumgehung_Rosbach.jpg?w=2592&amp;ssl=1 2592w, https:\/\/i0.wp.com\/www.wetterauer-landbote.de\/wp-content\/uploads\/2013\/12\/Er%C3%B6ffnung_S%C3%BCdumgehung_Rosbach.jpg?resize=300%2C225&amp;ssl=1 300w, https:\/\/i0.wp.com\/www.wetterauer-landbote.de\/wp-content\/uploads\/2013\/12\/Er%C3%B6ffnung_S%C3%BCdumgehung_Rosbach.jpg?resize=1024%2C768&amp;ssl=1 1024w, https:\/\/i0.wp.com\/www.wetterauer-landbote.de\/wp-content\/uploads\/2013\/12\/Er%C3%B6ffnung_S%C3%BCdumgehung_Rosbach.jpg?resize=400%2C300&amp;ssl=1 400w, https:\/\/i0.wp.com\/www.wetterauer-landbote.de\/wp-content\/uploads\/2013\/12\/Er%C3%B6ffnung_S%C3%BCdumgehung_Rosbach.jpg?w=1168 1168w, https:\/\/i0.wp.com\/www.wetterauer-landbote.de\/wp-content\/uploads\/2013\/12\/Er%C3%B6ffnung_S%C3%BCdumgehung_Rosbach.jpg?w=1752 1752w\" sizes=\"auto, (max-width: 584px) 100vw, 584px\" \/><\/a><p id=\"caption-attachment-461\" class=\"wp-caption-text\">Schnipp-Schnapp auf der neuen Kreisstra\u00dfe 11: Landrat Joachim Arnold (in der roten Jacke), rechts daneben Rosbachs B\u00fcrgermeister Thomas Alber (Bild: Wetteraukreis)<\/p><\/div>\n<p><strong>Neue Strecke von W\u00f6llstadt an Rosbach vorbei er\u00f6ffnet \u2013 mit Stauprognose f\u00fcr Ober-W\u00f6llstadt<\/strong><\/p>\n<p>Freie Fahrt gibt es ab Mittwochmorgen f\u00fcr alle, die aus der mittleren Wetterau auf die Autobahn streben. Die Kreisstra\u00dfe 11 von Ober-W\u00f6llstadt f\u00fchrt nun s\u00fcdlich um Nieder-Rosbach herum und m\u00fcndet an der Autobahn-Abfahrt Friedberg auf die Bundesstra\u00dfe 455. Rund zehn Millionen Euro investierten das Land, der Kreis und die Stadt Rosbach in das 3,4 Kilometer lange neue Stra\u00dfenst\u00fcck. Von Ober-W\u00f6llstadt aus kann man nun in f\u00fcnf Minuten zur Autobahn gelangen \u2013 und umgekehrt. Diese Strecke werden bald die vielen Pendler aus Florstadt, Ossenheim, Friedberg. Niddatal \u00a0und der Reichelsheimer Gegend entdecken, die sich bislang t\u00e4glich auf der notorisch \u00fcberlasteten B455 von Friedberg zur Autobahn in Richtung Frankfurt qu\u00e4len.<\/p>\n<p>Alles ganz prima, verlautbart Landrat Joachim Arnold: Die S\u00fcdumgehung befreie die rund 2500 Nieder-Rosbacher vom L\u00e4rm der durchfahrenden Autos. Au\u00dferdem erschlie\u00dfe die neue Stra\u00dfe bis zu 14 Hektar f\u00fcr L\u00e4den und Hallen am Rande des Rosbacher Gewerbegebietes.<\/p>\n<p><strong>Flott auf die Autobahn &#8211; doch in Ober-W\u00f6llstadt sind Staus programmiert<\/strong><\/p>\n<p>Es gibt nur einen Sch\u00f6nheitsfehler, den Arnold verschweigt: Die neue Ost-West-Verkehrsachse endet mitten in Ober-W\u00f6llstadt. Pendlerautos und Lastz\u00fcge m\u00fcssen sich dann durch die enge Ortsdurchfahrt schl\u00e4ngeln, um schlie\u00dflich \u00fcber Friedberg-S\u00fcd nach Osten zu gelangen. Im Zentrum von Ober-W\u00f6llstadt wird es also laut und gef\u00e4hrlich bleiben. Staus in der Ortsmitte sind vorprogrammiert.<\/p>\n<p>Den 2600 Einwohnern ist das noch nicht klar. Sie hoffen, dass ihnen ab 2016 die neue Bundesstra\u00dfe 3 Ruhe bringt. Das ist aber nicht zu erwarten. Denn die rund 30 Millionen Euro teure Nord-S\u00fcd-Verkehrsachse wird \u00f6stlich um Ober-W\u00f6llstadt herum gebaut und hat somit keinen direkten Anschluss an die Kreisstra\u00dfe 11. Den von der Autobahn kommenden Durchgangsverkehr h\u00e4tte sie nur dann aufnehmen k\u00f6nnen, wenn die B3a westlich um Ober-W\u00f6llstadt herum gef\u00fchrt w\u00fcrde. Das ist aber nicht geplant. Seit 40 Jahren hatte man \u00fcber die Notwendigkeit von Umgehungsstra\u00dfen diskutiert. Nicht lange genug, um auf die einfachste und sinnvollste L\u00f6sung zu kommen.<\/p>\n","protected":false},"excerpt":{"rendered":"<p>Neue Strecke von W\u00f6llstadt an Rosbach vorbei er\u00f6ffnet \u2013 mit Stauprognose f\u00fcr Ober-W\u00f6llstadt Freie Fahrt gibt es ab Mittwochmorgen f\u00fcr alle, die aus der mittleren Wetterau auf die Autobahn streben. Die Kreisstra\u00dfe 11 von Ober-W\u00f6llstadt f\u00fchrt nun s\u00fcdlich um Nieder-Rosbach &hellip; <a href=\"https:\/\/www.wetterauer-landbote.de\/?p=458\">Weiterlesen <span class=\"meta-nav\">&rarr;<\/span><\/a><\/p>\n","protected":false},"author":3,"featured_media":461,"comment_status":"open","ping_status":"open","sticky":false,"template":"","format":"standard","meta":{"_jetpack_memberships_contains_paid_content":false,"footnotes":""},"categories":[1],"tags":[23,22,24,25],"class_list":["post-458","post","type-post","status-publish","format-standard","has-post-thumbnail","hentry","category-allgemein","tag-a5","tag-autobahn","tag-rosbach","tag-woellstadt"],"yoast_head":"<!-- This site is optimized with the Yoast SEO plugin v27.0 - https:\/\/yoast.com\/product\/yoast-seo-wordpress\/ -->\n<title>Flott auf die Autobahn - Wetterauer-Landbote<\/title>\n<meta name=\"description\" content=\"Neue Strecke von W\u00f6llstadt an Rosbach vorbei er\u00f6ffnet \u2013 mit Stauprognose f\u00fcr Ober-W\u00f6llstadt\" \/>\n<meta name=\"robots\" content=\"index, follow, max-snippet:-1, max-image-preview:large, max-video-preview:-1\" \/>\n<link rel=\"canonical\" href=\"https:\/\/www.wetterauer-landbote.de\/?p=458\" \/>\n<meta property=\"og:locale\" content=\"de_DE\" \/>\n<meta property=\"og:type\" content=\"article\" \/>\n<meta property=\"og:title\" content=\"Flott auf die Autobahn - Wetterauer-Landbote\" \/>\n<meta property=\"og:description\" content=\"Neue Strecke von W\u00f6llstadt an Rosbach vorbei er\u00f6ffnet \u2013 mit Stauprognose f\u00fcr Ober-W\u00f6llstadt\" \/>\n<meta property=\"og:url\" content=\"https:\/\/www.wetterauer-landbote.de\/?p=458\" \/>\n<meta property=\"og:site_name\" content=\"Wetterauer-Landbote\" \/>\n<meta property=\"article:published_time\" content=\"2013-12-04T16:46:33+00:00\" \/>\n<meta property=\"article:modified_time\" content=\"2013-12-04T17:09:27+00:00\" \/>\n<meta property=\"og:image\" content=\"https:\/\/i0.wp.com\/www.wetterauer-landbote.de\/wp-content\/uploads\/2013\/12\/Er%C3%B6ffnung_S%C3%BCdumgehung_Rosbach.jpg?fit=2592%2C1944&ssl=1\" \/>\n\t<meta property=\"og:image:width\" content=\"2592\" \/>\n\t<meta property=\"og:image:height\" content=\"1944\" \/>\n\t<meta property=\"og:image:type\" content=\"image\/jpeg\" \/>\n<meta name=\"author\" content=\"Klaus Nissen\" \/>\n<meta name=\"twitter:label1\" content=\"Verfasst von\" \/>\n\t<meta name=\"twitter:data1\" content=\"Klaus Nissen\" \/>\n\t<meta name=\"twitter:label2\" content=\"Gesch\u00e4tzte Lesezeit\" \/>\n\t<meta name=\"twitter:data2\" content=\"2\u00a0Minuten\" \/>\n<script type=\"application\/ld+json\" class=\"yoast-schema-graph\">{\"@context\":\"https:\/\/schema.org\",\"@graph\":[{\"@type\":\"Article\",\"@id\":\"https:\/\/www.wetterauer-landbote.de\/?p=458#article\",\"isPartOf\":{\"@id\":\"https:\/\/www.wetterauer-landbote.de\/?p=458\"},\"author\":{\"name\":\"Klaus Nissen\",\"@id\":\"http:\/\/www.wetterauer-landbote.de\/#\/schema\/person\/9447e3ac7c660566ad02397024da58de\"},\"headline\":\"Flott auf die Autobahn\",\"datePublished\":\"2013-12-04T16:46:33+00:00\",\"dateModified\":\"2013-12-04T17:09:27+00:00\",\"mainEntityOfPage\":{\"@id\":\"https:\/\/www.wetterauer-landbote.de\/?p=458\"},\"wordCount\":384,\"commentCount\":0,\"image\":{\"@id\":\"https:\/\/www.wetterauer-landbote.de\/?p=458#primaryimage\"},\"thumbnailUrl\":\"https:\/\/i0.wp.com\/www.wetterauer-landbote.de\/wp-content\/uploads\/2013\/12\/Er%C3%B6ffnung_S%C3%BCdumgehung_Rosbach.jpg?fit=2592%2C1944&ssl=1\",\"keywords\":[\"A5\",\"Autobahn\",\"Rosbach\",\"W\u00f6llstadt\"],\"inLanguage\":\"de\",\"potentialAction\":[{\"@type\":\"CommentAction\",\"name\":\"Comment\",\"target\":[\"https:\/\/www.wetterauer-landbote.de\/?p=458#respond\"]}]},{\"@type\":\"WebPage\",\"@id\":\"https:\/\/www.wetterauer-landbote.de\/?p=458\",\"url\":\"https:\/\/www.wetterauer-landbote.de\/?p=458\",\"name\":\"Flott auf die Autobahn - Wetterauer-Landbote\",\"isPartOf\":{\"@id\":\"http:\/\/www.wetterauer-landbote.de\/#website\"},\"primaryImageOfPage\":{\"@id\":\"https:\/\/www.wetterauer-landbote.de\/?p=458#primaryimage\"},\"image\":{\"@id\":\"https:\/\/www.wetterauer-landbote.de\/?p=458#primaryimage\"},\"thumbnailUrl\":\"https:\/\/i0.wp.com\/www.wetterauer-landbote.de\/wp-content\/uploads\/2013\/12\/Er%C3%B6ffnung_S%C3%BCdumgehung_Rosbach.jpg?fit=2592%2C1944&ssl=1\",\"datePublished\":\"2013-12-04T16:46:33+00:00\",\"dateModified\":\"2013-12-04T17:09:27+00:00\",\"author\":{\"@id\":\"http:\/\/www.wetterauer-landbote.de\/#\/schema\/person\/9447e3ac7c660566ad02397024da58de\"},\"description\":\"Neue Strecke von W\u00f6llstadt an Rosbach vorbei er\u00f6ffnet \u2013 mit Stauprognose f\u00fcr Ober-W\u00f6llstadt\",\"breadcrumb\":{\"@id\":\"https:\/\/www.wetterauer-landbote.de\/?p=458#breadcrumb\"},\"inLanguage\":\"de\",\"potentialAction\":[{\"@type\":\"ReadAction\",\"target\":[\"https:\/\/www.wetterauer-landbote.de\/?p=458\"]}]},{\"@type\":\"ImageObject\",\"inLanguage\":\"de\",\"@id\":\"https:\/\/www.wetterauer-landbote.de\/?p=458#primaryimage\",\"url\":\"https:\/\/i0.wp.com\/www.wetterauer-landbote.de\/wp-content\/uploads\/2013\/12\/Er%C3%B6ffnung_S%C3%BCdumgehung_Rosbach.jpg?fit=2592%2C1944&ssl=1\",\"contentUrl\":\"https:\/\/i0.wp.com\/www.wetterauer-landbote.de\/wp-content\/uploads\/2013\/12\/Er%C3%B6ffnung_S%C3%BCdumgehung_Rosbach.jpg?fit=2592%2C1944&ssl=1\",\"width\":2592,\"height\":1944,\"caption\":\"Schnipp-Schnapp auf der neuen Kreisstra\u00dfe 11: Landrat Joachim Arnold (in der roten Jacke), rechts daneben Rosbachs B\u00fcrgermeister Thomas Alber (Bild: Wetteraukreis)\"},{\"@type\":\"BreadcrumbList\",\"@id\":\"https:\/\/www.wetterauer-landbote.de\/?p=458#breadcrumb\",\"itemListElement\":[{\"@type\":\"ListItem\",\"position\":1,\"name\":\"Home\",\"item\":\"http:\/\/www.wetterauer-landbote.de\/\"},{\"@type\":\"ListItem\",\"position\":2,\"name\":\"Flott auf die Autobahn\"}]},{\"@type\":\"WebSite\",\"@id\":\"http:\/\/www.wetterauer-landbote.de\/#website\",\"url\":\"http:\/\/www.wetterauer-landbote.de\/\",\"name\":\"Wetterauer-Landbote\",\"description\":\"\",\"potentialAction\":[{\"@type\":\"SearchAction\",\"target\":{\"@type\":\"EntryPoint\",\"urlTemplate\":\"http:\/\/www.wetterauer-landbote.de\/?s={search_term_string}\"},\"query-input\":{\"@type\":\"PropertyValueSpecification\",\"valueRequired\":true,\"valueName\":\"search_term_string\"}}],\"inLanguage\":\"de\"},{\"@type\":\"Person\",\"@id\":\"http:\/\/www.wetterauer-landbote.de\/#\/schema\/person\/9447e3ac7c660566ad02397024da58de\",\"name\":\"Klaus Nissen\",\"image\":{\"@type\":\"ImageObject\",\"inLanguage\":\"de\",\"@id\":\"http:\/\/www.wetterauer-landbote.de\/#\/schema\/person\/image\/\",\"url\":\"https:\/\/secure.gravatar.com\/avatar\/ffda957c55478b0d5d109569d5d611aafe841ea3bcf7e096eb738f5ecdb66c7c?s=96&d=mm&r=g\",\"contentUrl\":\"https:\/\/secure.gravatar.com\/avatar\/ffda957c55478b0d5d109569d5d611aafe841ea3bcf7e096eb738f5ecdb66c7c?s=96&d=mm&r=g\",\"caption\":\"Klaus Nissen\"},\"sameAs\":[\"http:\/\/wetterauer-landbote.de\"],\"url\":\"https:\/\/www.wetterauer-landbote.de\/?author=3\"}]}<\/script>\n<!-- \/ Yoast SEO plugin. -->","yoast_head_json":{"title":"Flott auf die Autobahn - Wetterauer-Landbote","description":"Neue Strecke von W\u00f6llstadt an Rosbach vorbei er\u00f6ffnet \u2013 mit Stauprognose f\u00fcr Ober-W\u00f6llstadt","robots":{"index":"index","follow":"follow","max-snippet":"max-snippet:-1","max-image-preview":"max-image-preview:large","max-video-preview":"max-video-preview:-1"},"canonical":"https:\/\/www.wetterauer-landbote.de\/?p=458","og_locale":"de_DE","og_type":"article","og_title":"Flott auf die Autobahn - Wetterauer-Landbote","og_description":"Neue Strecke von W\u00f6llstadt an Rosbach vorbei er\u00f6ffnet \u2013 mit Stauprognose f\u00fcr Ober-W\u00f6llstadt","og_url":"https:\/\/www.wetterauer-landbote.de\/?p=458","og_site_name":"Wetterauer-Landbote","article_published_time":"2013-12-04T16:46:33+00:00","article_modified_time":"2013-12-04T17:09:27+00:00","og_image":[{"width":2592,"height":1944,"url":"https:\/\/i0.wp.com\/www.wetterauer-landbote.de\/wp-content\/uploads\/2013\/12\/Er%C3%B6ffnung_S%C3%BCdumgehung_Rosbach.jpg?fit=2592%2C1944&ssl=1","type":"image\/jpeg"}],"author":"Klaus Nissen","twitter_misc":{"Verfasst von":"Klaus Nissen","Gesch\u00e4tzte Lesezeit":"2\u00a0Minuten"},"schema":{"@context":"https:\/\/schema.org","@graph":[{"@type":"Article","@id":"https:\/\/www.wetterauer-landbote.de\/?p=458#article","isPartOf":{"@id":"https:\/\/www.wetterauer-landbote.de\/?p=458"},"author":{"name":"Klaus Nissen","@id":"http:\/\/www.wetterauer-landbote.de\/#\/schema\/person\/9447e3ac7c660566ad02397024da58de"},"headline":"Flott auf die Autobahn","datePublished":"2013-12-04T16:46:33+00:00","dateModified":"2013-12-04T17:09:27+00:00","mainEntityOfPage":{"@id":"https:\/\/www.wetterauer-landbote.de\/?p=458"},"wordCount":384,"commentCount":0,"image":{"@id":"https:\/\/www.wetterauer-landbote.de\/?p=458#primaryimage"},"thumbnailUrl":"https:\/\/i0.wp.com\/www.wetterauer-landbote.de\/wp-content\/uploads\/2013\/12\/Er%C3%B6ffnung_S%C3%BCdumgehung_Rosbach.jpg?fit=2592%2C1944&ssl=1","keywords":["A5","Autobahn","Rosbach","W\u00f6llstadt"],"inLanguage":"de","potentialAction":[{"@type":"CommentAction","name":"Comment","target":["https:\/\/www.wetterauer-landbote.de\/?p=458#respond"]}]},{"@type":"WebPage","@id":"https:\/\/www.wetterauer-landbote.de\/?p=458","url":"https:\/\/www.wetterauer-landbote.de\/?p=458","name":"Flott auf die Autobahn - Wetterauer-Landbote","isPartOf":{"@id":"http:\/\/www.wetterauer-landbote.de\/#website"},"primaryImageOfPage":{"@id":"https:\/\/www.wetterauer-landbote.de\/?p=458#primaryimage"},"image":{"@id":"https:\/\/www.wetterauer-landbote.de\/?p=458#primaryimage"},"thumbnailUrl":"https:\/\/i0.wp.com\/www.wetterauer-landbote.de\/wp-content\/uploads\/2013\/12\/Er%C3%B6ffnung_S%C3%BCdumgehung_Rosbach.jpg?fit=2592%2C1944&ssl=1","datePublished":"2013-12-04T16:46:33+00:00","dateModified":"2013-12-04T17:09:27+00:00","author":{"@id":"http:\/\/www.wetterauer-landbote.de\/#\/schema\/person\/9447e3ac7c660566ad02397024da58de"},"description":"Neue Strecke von W\u00f6llstadt an Rosbach vorbei er\u00f6ffnet \u2013 mit Stauprognose f\u00fcr Ober-W\u00f6llstadt","breadcrumb":{"@id":"https:\/\/www.wetterauer-landbote.de\/?p=458#breadcrumb"},"inLanguage":"de","potentialAction":[{"@type":"ReadAction","target":["https:\/\/www.wetterauer-landbote.de\/?p=458"]}]},{"@type":"ImageObject","inLanguage":"de","@id":"https:\/\/www.wetterauer-landbote.de\/?p=458#primaryimage","url":"https:\/\/i0.wp.com\/www.wetterauer-landbote.de\/wp-content\/uploads\/2013\/12\/Er%C3%B6ffnung_S%C3%BCdumgehung_Rosbach.jpg?fit=2592%2C1944&ssl=1","contentUrl":"https:\/\/i0.wp.com\/www.wetterauer-landbote.de\/wp-content\/uploads\/2013\/12\/Er%C3%B6ffnung_S%C3%BCdumgehung_Rosbach.jpg?fit=2592%2C1944&ssl=1","width":2592,"height":1944,"caption":"Schnipp-Schnapp auf der neuen Kreisstra\u00dfe 11: Landrat Joachim Arnold (in der roten Jacke), rechts daneben Rosbachs B\u00fcrgermeister Thomas Alber (Bild: Wetteraukreis)"},{"@type":"BreadcrumbList","@id":"https:\/\/www.wetterauer-landbote.de\/?p=458#breadcrumb","itemListElement":[{"@type":"ListItem","position":1,"name":"Home","item":"http:\/\/www.wetterauer-landbote.de\/"},{"@type":"ListItem","position":2,"name":"Flott auf die Autobahn"}]},{"@type":"WebSite","@id":"http:\/\/www.wetterauer-landbote.de\/#website","url":"http:\/\/www.wetterauer-landbote.de\/","name":"Wetterauer-Landbote","description":"","potentialAction":[{"@type":"SearchAction","target":{"@type":"EntryPoint","urlTemplate":"http:\/\/www.wetterauer-landbote.de\/?s={search_term_string}"},"query-input":{"@type":"PropertyValueSpecification","valueRequired":true,"valueName":"search_term_string"}}],"inLanguage":"de"},{"@type":"Person","@id":"http:\/\/www.wetterauer-landbote.de\/#\/schema\/person\/9447e3ac7c660566ad02397024da58de","name":"Klaus Nissen","image":{"@type":"ImageObject","inLanguage":"de","@id":"http:\/\/www.wetterauer-landbote.de\/#\/schema\/person\/image\/","url":"https:\/\/secure.gravatar.com\/avatar\/ffda957c55478b0d5d109569d5d611aafe841ea3bcf7e096eb738f5ecdb66c7c?s=96&d=mm&r=g","contentUrl":"https:\/\/secure.gravatar.com\/avatar\/ffda957c55478b0d5d109569d5d611aafe841ea3bcf7e096eb738f5ecdb66c7c?s=96&d=mm&r=g","caption":"Klaus Nissen"},"sameAs":["http:\/\/wetterauer-landbote.de"],"url":"https:\/\/www.wetterauer-landbote.de\/?author=3"}]}},"jetpack_featured_media_url":"https:\/\/i0.wp.com\/www.wetterauer-landbote.de\/wp-content\/uploads\/2013\/12\/Er%C3%B6ffnung_S%C3%BCdumgehung_Rosbach.jpg?fit=2592%2C1944&ssl=1","jetpack_sharing_enabled":true,"jetpack_likes_enabled":true,"_links":{"self":[{"href":"https:\/\/www.wetterauer-landbote.de\/index.php?rest_route=\/wp\/v2\/posts\/458","targetHints":{"allow":["GET"]}}],"collection":[{"href":"https:\/\/www.wetterauer-landbote.de\/index.php?rest_route=\/wp\/v2\/posts"}],"about":[{"href":"https:\/\/www.wetterauer-landbote.de\/index.php?rest_route=\/wp\/v2\/types\/post"}],"author":[{"embeddable":true,"href":"https:\/\/www.wetterauer-landbote.de\/index.php?rest_route=\/wp\/v2\/users\/3"}],"replies":[{"embeddable":true,"href":"https:\/\/www.wetterauer-landbote.de\/index.php?rest_route=%2Fwp%2Fv2%2Fcomments&post=458"}],"version-history":[{"count":5,"href":"https:\/\/www.wetterauer-landbote.de\/index.php?rest_route=\/wp\/v2\/posts\/458\/revisions"}],"predecessor-version":[{"id":463,"href":"https:\/\/www.wetterauer-landbote.de\/index.php?rest_route=\/wp\/v2\/posts\/458\/revisions\/463"}],"wp:featuredmedia":[{"embeddable":true,"href":"https:\/\/www.wetterauer-landbote.de\/index.php?rest_route=\/wp\/v2\/media\/461"}],"wp:attachment":[{"href":"https:\/\/www.wetterauer-landbote.de\/index.php?rest_route=%2Fwp%2Fv2%2Fmedia&parent=458"}],"wp:term":[{"taxonomy":"category","embeddable":true,"href":"https:\/\/www.wetterauer-landbote.de\/index.php?rest_route=%2Fwp%2Fv2%2Fcategories&post=458"},{"taxonomy":"post_tag","embeddable":true,"href":"https:\/\/www.wetterauer-landbote.de\/index.php?rest_route=%2Fwp%2Fv2%2Ftags&post=458"}],"curies":[{"name":"wp","href":"https:\/\/api.w.org\/{rel}","templated":true}]}}