{"id":2183,"date":"2015-02-04T20:11:36","date_gmt":"2015-02-04T18:11:36","guid":{"rendered":"http:\/\/www.wetterauer-landbote.de\/?p=2183"},"modified":"2015-02-05T12:32:26","modified_gmt":"2015-02-05T10:32:26","slug":"schueler-fuer-weltoffene-wetterau","status":"publish","type":"post","link":"https:\/\/www.wetterauer-landbote.de\/?p=2183","title":{"rendered":"Sch\u00fcler f\u00fcr weltoffene Wetterau"},"content":{"rendered":"<h2>Demo am Montag, 9. Februar 2015, in Friedberg<\/h2>\n<h2><a href=\"https:\/\/i0.wp.com\/www.wetterauer-landbote.de\/wp-content\/uploads\/2015\/02\/schueler.gif\"><img data-recalc-dims=\"1\" loading=\"lazy\" decoding=\"async\" class=\"alignright  wp-image-2185\" src=\"https:\/\/i0.wp.com\/www.wetterauer-landbote.de\/wp-content\/uploads\/2015\/02\/schueler.gif?resize=363%2C193\" alt=\"schueler\" width=\"363\" height=\"193\" \/><\/a><\/h2>\n<p>Der Kreissch\u00fclerrat ruft zu einer Demonstration f\u00fcr eine weltoffene Wetterau am Montag, 9. Februar 2015, um 10 Uhr in Friedberg auf (Start an der Adolf-Reichwein-Schule). Der Wetterauer Landbote sprach dar\u00fcber mit Kreisschulsprecher Marius Mundhenk.<\/p>\n<p><!--more--><\/p>\n<h3><strong>Sch\u00fcler f\u00fcr weltoffene Wetterau<\/strong><\/h3>\n<p><strong>Landbote:<\/strong> <em>Herr Mundhenk, unter welchem Motto steht die Demonstration der Sch\u00fcler am Montag?<\/em><\/p>\n<div id=\"attachment_2184\" style=\"width: 207px\" class=\"wp-caption alignright\"><a href=\"https:\/\/i0.wp.com\/www.wetterauer-landbote.de\/wp-content\/uploads\/2015\/02\/Mundhenk.gif\"><img data-recalc-dims=\"1\" loading=\"lazy\" decoding=\"async\" aria-describedby=\"caption-attachment-2184\" class=\"wp-image-2184\" src=\"https:\/\/i0.wp.com\/www.wetterauer-landbote.de\/wp-content\/uploads\/2015\/02\/Mundhenk.gif?resize=197%2C261\" alt=\"Mundhenk\" width=\"197\" height=\"261\" \/><\/a><p id=\"caption-attachment-2184\" class=\"wp-caption-text\">Kreisschulsprecher Marius Mundhenk, 19 Jahre alt, besucht die Waldorfschule in Bad Nauheim, wohnt in Butzbach-Ostheim.<\/p><\/div>\n<p><strong>\u00a0Mundhenk:<\/strong> Wetterauer Sch\u00fcler: bunt, weltoffen und tolerant.<\/p>\n<p><em>Was ist der Anlass?<\/em><\/p>\n<p><strong>Mundhenk:<\/strong> Das Ganze ist nach einem Gespr\u00e4ch mit dem Schuldezernenten Herrn Betschel entstanden. Es ging darum, wie sich Sch\u00fcler mit den tagespolitischen Themen besch\u00e4ftigen k\u00f6nnen. Themen waren Charlie Hebdo und Pegida. Es gibt leider Rechtsextremismus in der Wettau und auch den polaren Linksextremismus. Wir sagen: Meinungsvielfalt ist wichtig, aber Extremismus geh\u00f6rt nicht dazu.<\/p>\n<p><em>Mit wie vielen Teilnehmern rechnen Sie?<\/em><\/p>\n<p><strong>\u00a0Mundhenk:<\/strong> Angemeldet haben wir 500. \u00dcber mehr freuen wir uns. Es ist schwer einzusch\u00e4tzen, wie hoch die Motivation der Sch\u00fcler ist.<\/p>\n<p><em>Von welchen Schulen kommen die\u00a0 Demonstranten?<\/em><\/p>\n<p><strong>Mundhenk:<\/strong> Prim\u00e4r aus der West-Wetterau, den Schulzentren\u00a0 Friedberg, Bad Nauheim und Butzbach. Es werden auch Teilnehmer aus dem Ostkreis kommen.<\/p>\n<p><em>Bekommen die Sch\u00fcler daf\u00fcr unterrichtsfrei?<\/em><\/p>\n<p><strong>\u00a0Mundhenk:<\/strong> Das Staatliche Schulamt unterst\u00fctzt die Demonstration nicht in der Form, dass wir sie f\u00fcr alle Sch\u00fcler als frei deklarieren k\u00f6nnen. Wir hatten vor, sie als Vollversammlung der Kreissch\u00fclerrates zu veranstalten. Das geht nicht, da es das Staatliche Schulamt abgelehnt hat. Es ist nun eine au\u00dferschulische Veranstaltung, f\u00fcr die man sich beurlauben lassen kann. Es entf\u00e4llt allerdings der Versicherungsschutz und die Aufsichtspflicht der Schule.<\/p>\n<p><em>Es ist also nicht einfach, so eine Sch\u00fclerdemo zu organisieren.<\/em><\/p>\n<p><strong>Mundhenk:<\/strong> Es ist ein erheblicher b\u00fcrokratischer Aufwand.<\/p>\n<p><em>Es h\u00e4ngt nun also von den Schulen ab, wie sie mit der Demonstration umgehen.<\/em><\/p>\n<p><strong>\u00a0Mundhenk:<\/strong> Genau.<\/p>\n","protected":false},"excerpt":{"rendered":"<p>Demo am Montag, 9. Februar 2015, in Friedberg Der Kreissch\u00fclerrat ruft zu einer Demonstration f\u00fcr eine weltoffene Wetterau am Montag, 9. Februar 2015, um 10 Uhr in Friedberg auf (Start an der Adolf-Reichwein-Schule). Der Wetterauer Landbote sprach dar\u00fcber mit Kreisschulsprecher &hellip; <a href=\"https:\/\/www.wetterauer-landbote.de\/?p=2183\">Weiterlesen <span class=\"meta-nav\">&rarr;<\/span><\/a><\/p>\n","protected":false},"author":1,"featured_media":0,"comment_status":"open","ping_status":"open","sticky":false,"template":"","format":"standard","meta":{"_jetpack_memberships_contains_paid_content":false,"footnotes":""},"categories":[1],"tags":[],"class_list":["post-2183","post","type-post","status-publish","format-standard","hentry","category-allgemein"],"yoast_head":"<!-- This site is optimized with the Yoast SEO plugin v27.0 - https:\/\/yoast.com\/product\/yoast-seo-wordpress\/ -->\n<title>Sch\u00fcler f\u00fcr weltoffene Wetterau - Wetterauer-Landbote<\/title>\n<meta name=\"description\" content=\"Der Kreissch\u00fclerrat ruft zu einer Demo f\u00fcr eine weltoffene Wetterau auf. Interview im Kreisschulsprecher Marius Mundhenk. Sch\u00fcler f\u00fcr weltoffene Wetterau\" \/>\n<meta name=\"robots\" content=\"index, follow, max-snippet:-1, max-image-preview:large, max-video-preview:-1\" \/>\n<link rel=\"canonical\" href=\"https:\/\/www.wetterauer-landbote.de\/?p=2183\" \/>\n<meta property=\"og:locale\" content=\"de_DE\" \/>\n<meta property=\"og:type\" content=\"article\" \/>\n<meta property=\"og:title\" content=\"Sch\u00fcler f\u00fcr weltoffene Wetterau - Wetterauer-Landbote\" \/>\n<meta property=\"og:description\" content=\"Der Kreissch\u00fclerrat ruft zu einer Demo f\u00fcr eine weltoffene Wetterau auf. Interview im Kreisschulsprecher Marius Mundhenk. Sch\u00fcler f\u00fcr weltoffene Wetterau\" \/>\n<meta property=\"og:url\" content=\"https:\/\/www.wetterauer-landbote.de\/?p=2183\" \/>\n<meta property=\"og:site_name\" content=\"Wetterauer-Landbote\" \/>\n<meta property=\"article:published_time\" content=\"2015-02-04T18:11:36+00:00\" \/>\n<meta property=\"article:modified_time\" content=\"2015-02-05T10:32:26+00:00\" \/>\n<meta property=\"og:image\" content=\"http:\/\/www.wetterauer-landbote.de\/wp-content\/uploads\/2015\/02\/schueler.gif\" \/>\n<meta name=\"author\" content=\"harpo\" \/>\n<meta name=\"twitter:label1\" content=\"Verfasst von\" \/>\n\t<meta name=\"twitter:data1\" content=\"harpo\" \/>\n\t<meta name=\"twitter:label2\" content=\"Gesch\u00e4tzte Lesezeit\" \/>\n\t<meta name=\"twitter:data2\" content=\"2\u00a0Minuten\" \/>\n<script type=\"application\/ld+json\" class=\"yoast-schema-graph\">{\"@context\":\"https:\/\/schema.org\",\"@graph\":[{\"@type\":\"Article\",\"@id\":\"https:\/\/www.wetterauer-landbote.de\/?p=2183#article\",\"isPartOf\":{\"@id\":\"https:\/\/www.wetterauer-landbote.de\/?p=2183\"},\"author\":{\"name\":\"harpo\",\"@id\":\"http:\/\/www.wetterauer-landbote.de\/#\/schema\/person\/fa7509b189bc402f223dd5337ab92ed0\"},\"headline\":\"Sch\u00fcler f\u00fcr weltoffene Wetterau\",\"datePublished\":\"2015-02-04T18:11:36+00:00\",\"dateModified\":\"2015-02-05T10:32:26+00:00\",\"mainEntityOfPage\":{\"@id\":\"https:\/\/www.wetterauer-landbote.de\/?p=2183\"},\"wordCount\":327,\"commentCount\":0,\"image\":{\"@id\":\"https:\/\/www.wetterauer-landbote.de\/?p=2183#primaryimage\"},\"thumbnailUrl\":\"http:\/\/www.wetterauer-landbote.de\/wp-content\/uploads\/2015\/02\/schueler.gif\",\"inLanguage\":\"de\",\"potentialAction\":[{\"@type\":\"CommentAction\",\"name\":\"Comment\",\"target\":[\"https:\/\/www.wetterauer-landbote.de\/?p=2183#respond\"]}]},{\"@type\":\"WebPage\",\"@id\":\"https:\/\/www.wetterauer-landbote.de\/?p=2183\",\"url\":\"https:\/\/www.wetterauer-landbote.de\/?p=2183\",\"name\":\"Sch\u00fcler f\u00fcr weltoffene Wetterau - Wetterauer-Landbote\",\"isPartOf\":{\"@id\":\"http:\/\/www.wetterauer-landbote.de\/#website\"},\"primaryImageOfPage\":{\"@id\":\"https:\/\/www.wetterauer-landbote.de\/?p=2183#primaryimage\"},\"image\":{\"@id\":\"https:\/\/www.wetterauer-landbote.de\/?p=2183#primaryimage\"},\"thumbnailUrl\":\"http:\/\/www.wetterauer-landbote.de\/wp-content\/uploads\/2015\/02\/schueler.gif\",\"datePublished\":\"2015-02-04T18:11:36+00:00\",\"dateModified\":\"2015-02-05T10:32:26+00:00\",\"author\":{\"@id\":\"http:\/\/www.wetterauer-landbote.de\/#\/schema\/person\/fa7509b189bc402f223dd5337ab92ed0\"},\"description\":\"Der Kreissch\u00fclerrat ruft zu einer Demo f\u00fcr eine weltoffene Wetterau auf. Interview im Kreisschulsprecher Marius Mundhenk. Sch\u00fcler f\u00fcr weltoffene Wetterau\",\"breadcrumb\":{\"@id\":\"https:\/\/www.wetterauer-landbote.de\/?p=2183#breadcrumb\"},\"inLanguage\":\"de\",\"potentialAction\":[{\"@type\":\"ReadAction\",\"target\":[\"https:\/\/www.wetterauer-landbote.de\/?p=2183\"]}]},{\"@type\":\"ImageObject\",\"inLanguage\":\"de\",\"@id\":\"https:\/\/www.wetterauer-landbote.de\/?p=2183#primaryimage\",\"url\":\"https:\/\/i0.wp.com\/www.wetterauer-landbote.de\/wp-content\/uploads\/2015\/02\/schueler.gif?fit=696%2C356&ssl=1\",\"contentUrl\":\"https:\/\/i0.wp.com\/www.wetterauer-landbote.de\/wp-content\/uploads\/2015\/02\/schueler.gif?fit=696%2C356&ssl=1\",\"width\":696,\"height\":356},{\"@type\":\"BreadcrumbList\",\"@id\":\"https:\/\/www.wetterauer-landbote.de\/?p=2183#breadcrumb\",\"itemListElement\":[{\"@type\":\"ListItem\",\"position\":1,\"name\":\"Home\",\"item\":\"http:\/\/www.wetterauer-landbote.de\/\"},{\"@type\":\"ListItem\",\"position\":2,\"name\":\"Sch\u00fcler f\u00fcr weltoffene Wetterau\"}]},{\"@type\":\"WebSite\",\"@id\":\"http:\/\/www.wetterauer-landbote.de\/#website\",\"url\":\"http:\/\/www.wetterauer-landbote.de\/\",\"name\":\"Wetterauer-Landbote\",\"description\":\"\",\"potentialAction\":[{\"@type\":\"SearchAction\",\"target\":{\"@type\":\"EntryPoint\",\"urlTemplate\":\"http:\/\/www.wetterauer-landbote.de\/?s={search_term_string}\"},\"query-input\":{\"@type\":\"PropertyValueSpecification\",\"valueRequired\":true,\"valueName\":\"search_term_string\"}}],\"inLanguage\":\"de\"},{\"@type\":\"Person\",\"@id\":\"http:\/\/www.wetterauer-landbote.de\/#\/schema\/person\/fa7509b189bc402f223dd5337ab92ed0\",\"name\":\"harpo\",\"image\":{\"@type\":\"ImageObject\",\"inLanguage\":\"de\",\"@id\":\"http:\/\/www.wetterauer-landbote.de\/#\/schema\/person\/image\/\",\"url\":\"https:\/\/secure.gravatar.com\/avatar\/198bcecc77c146e5ea8d4540d99560b4b486a090b927ff654b2c125224d88117?s=96&d=mm&r=g\",\"contentUrl\":\"https:\/\/secure.gravatar.com\/avatar\/198bcecc77c146e5ea8d4540d99560b4b486a090b927ff654b2c125224d88117?s=96&d=mm&r=g\",\"caption\":\"harpo\"},\"url\":\"https:\/\/www.wetterauer-landbote.de\/?author=1\"}]}<\/script>\n<!-- \/ Yoast SEO plugin. -->","yoast_head_json":{"title":"Sch\u00fcler f\u00fcr weltoffene Wetterau - Wetterauer-Landbote","description":"Der Kreissch\u00fclerrat ruft zu einer Demo f\u00fcr eine weltoffene Wetterau auf. Interview im Kreisschulsprecher Marius Mundhenk. Sch\u00fcler f\u00fcr weltoffene Wetterau","robots":{"index":"index","follow":"follow","max-snippet":"max-snippet:-1","max-image-preview":"max-image-preview:large","max-video-preview":"max-video-preview:-1"},"canonical":"https:\/\/www.wetterauer-landbote.de\/?p=2183","og_locale":"de_DE","og_type":"article","og_title":"Sch\u00fcler f\u00fcr weltoffene Wetterau - Wetterauer-Landbote","og_description":"Der Kreissch\u00fclerrat ruft zu einer Demo f\u00fcr eine weltoffene Wetterau auf. Interview im Kreisschulsprecher Marius Mundhenk. Sch\u00fcler f\u00fcr weltoffene Wetterau","og_url":"https:\/\/www.wetterauer-landbote.de\/?p=2183","og_site_name":"Wetterauer-Landbote","article_published_time":"2015-02-04T18:11:36+00:00","article_modified_time":"2015-02-05T10:32:26+00:00","og_image":[{"url":"http:\/\/www.wetterauer-landbote.de\/wp-content\/uploads\/2015\/02\/schueler.gif","type":"","width":"","height":""}],"author":"harpo","twitter_misc":{"Verfasst von":"harpo","Gesch\u00e4tzte Lesezeit":"2\u00a0Minuten"},"schema":{"@context":"https:\/\/schema.org","@graph":[{"@type":"Article","@id":"https:\/\/www.wetterauer-landbote.de\/?p=2183#article","isPartOf":{"@id":"https:\/\/www.wetterauer-landbote.de\/?p=2183"},"author":{"name":"harpo","@id":"http:\/\/www.wetterauer-landbote.de\/#\/schema\/person\/fa7509b189bc402f223dd5337ab92ed0"},"headline":"Sch\u00fcler f\u00fcr weltoffene Wetterau","datePublished":"2015-02-04T18:11:36+00:00","dateModified":"2015-02-05T10:32:26+00:00","mainEntityOfPage":{"@id":"https:\/\/www.wetterauer-landbote.de\/?p=2183"},"wordCount":327,"commentCount":0,"image":{"@id":"https:\/\/www.wetterauer-landbote.de\/?p=2183#primaryimage"},"thumbnailUrl":"http:\/\/www.wetterauer-landbote.de\/wp-content\/uploads\/2015\/02\/schueler.gif","inLanguage":"de","potentialAction":[{"@type":"CommentAction","name":"Comment","target":["https:\/\/www.wetterauer-landbote.de\/?p=2183#respond"]}]},{"@type":"WebPage","@id":"https:\/\/www.wetterauer-landbote.de\/?p=2183","url":"https:\/\/www.wetterauer-landbote.de\/?p=2183","name":"Sch\u00fcler f\u00fcr weltoffene Wetterau - Wetterauer-Landbote","isPartOf":{"@id":"http:\/\/www.wetterauer-landbote.de\/#website"},"primaryImageOfPage":{"@id":"https:\/\/www.wetterauer-landbote.de\/?p=2183#primaryimage"},"image":{"@id":"https:\/\/www.wetterauer-landbote.de\/?p=2183#primaryimage"},"thumbnailUrl":"http:\/\/www.wetterauer-landbote.de\/wp-content\/uploads\/2015\/02\/schueler.gif","datePublished":"2015-02-04T18:11:36+00:00","dateModified":"2015-02-05T10:32:26+00:00","author":{"@id":"http:\/\/www.wetterauer-landbote.de\/#\/schema\/person\/fa7509b189bc402f223dd5337ab92ed0"},"description":"Der Kreissch\u00fclerrat ruft zu einer Demo f\u00fcr eine weltoffene Wetterau auf. Interview im Kreisschulsprecher Marius Mundhenk. Sch\u00fcler f\u00fcr weltoffene Wetterau","breadcrumb":{"@id":"https:\/\/www.wetterauer-landbote.de\/?p=2183#breadcrumb"},"inLanguage":"de","potentialAction":[{"@type":"ReadAction","target":["https:\/\/www.wetterauer-landbote.de\/?p=2183"]}]},{"@type":"ImageObject","inLanguage":"de","@id":"https:\/\/www.wetterauer-landbote.de\/?p=2183#primaryimage","url":"https:\/\/i0.wp.com\/www.wetterauer-landbote.de\/wp-content\/uploads\/2015\/02\/schueler.gif?fit=696%2C356&ssl=1","contentUrl":"https:\/\/i0.wp.com\/www.wetterauer-landbote.de\/wp-content\/uploads\/2015\/02\/schueler.gif?fit=696%2C356&ssl=1","width":696,"height":356},{"@type":"BreadcrumbList","@id":"https:\/\/www.wetterauer-landbote.de\/?p=2183#breadcrumb","itemListElement":[{"@type":"ListItem","position":1,"name":"Home","item":"http:\/\/www.wetterauer-landbote.de\/"},{"@type":"ListItem","position":2,"name":"Sch\u00fcler f\u00fcr weltoffene Wetterau"}]},{"@type":"WebSite","@id":"http:\/\/www.wetterauer-landbote.de\/#website","url":"http:\/\/www.wetterauer-landbote.de\/","name":"Wetterauer-Landbote","description":"","potentialAction":[{"@type":"SearchAction","target":{"@type":"EntryPoint","urlTemplate":"http:\/\/www.wetterauer-landbote.de\/?s={search_term_string}"},"query-input":{"@type":"PropertyValueSpecification","valueRequired":true,"valueName":"search_term_string"}}],"inLanguage":"de"},{"@type":"Person","@id":"http:\/\/www.wetterauer-landbote.de\/#\/schema\/person\/fa7509b189bc402f223dd5337ab92ed0","name":"harpo","image":{"@type":"ImageObject","inLanguage":"de","@id":"http:\/\/www.wetterauer-landbote.de\/#\/schema\/person\/image\/","url":"https:\/\/secure.gravatar.com\/avatar\/198bcecc77c146e5ea8d4540d99560b4b486a090b927ff654b2c125224d88117?s=96&d=mm&r=g","contentUrl":"https:\/\/secure.gravatar.com\/avatar\/198bcecc77c146e5ea8d4540d99560b4b486a090b927ff654b2c125224d88117?s=96&d=mm&r=g","caption":"harpo"},"url":"https:\/\/www.wetterauer-landbote.de\/?author=1"}]}},"jetpack_featured_media_url":"","jetpack_sharing_enabled":true,"jetpack_likes_enabled":true,"_links":{"self":[{"href":"https:\/\/www.wetterauer-landbote.de\/index.php?rest_route=\/wp\/v2\/posts\/2183","targetHints":{"allow":["GET"]}}],"collection":[{"href":"https:\/\/www.wetterauer-landbote.de\/index.php?rest_route=\/wp\/v2\/posts"}],"about":[{"href":"https:\/\/www.wetterauer-landbote.de\/index.php?rest_route=\/wp\/v2\/types\/post"}],"author":[{"embeddable":true,"href":"https:\/\/www.wetterauer-landbote.de\/index.php?rest_route=\/wp\/v2\/users\/1"}],"replies":[{"embeddable":true,"href":"https:\/\/www.wetterauer-landbote.de\/index.php?rest_route=%2Fwp%2Fv2%2Fcomments&post=2183"}],"version-history":[{"count":3,"href":"https:\/\/www.wetterauer-landbote.de\/index.php?rest_route=\/wp\/v2\/posts\/2183\/revisions"}],"predecessor-version":[{"id":2190,"href":"https:\/\/www.wetterauer-landbote.de\/index.php?rest_route=\/wp\/v2\/posts\/2183\/revisions\/2190"}],"wp:attachment":[{"href":"https:\/\/www.wetterauer-landbote.de\/index.php?rest_route=%2Fwp%2Fv2%2Fmedia&parent=2183"}],"wp:term":[{"taxonomy":"category","embeddable":true,"href":"https:\/\/www.wetterauer-landbote.de\/index.php?rest_route=%2Fwp%2Fv2%2Fcategories&post=2183"},{"taxonomy":"post_tag","embeddable":true,"href":"https:\/\/www.wetterauer-landbote.de\/index.php?rest_route=%2Fwp%2Fv2%2Ftags&post=2183"}],"curies":[{"name":"wp","href":"https:\/\/api.w.org\/{rel}","templated":true}]}}