{"id":2138,"date":"2015-01-29T19:02:10","date_gmt":"2015-01-29T17:02:10","guid":{"rendered":"http:\/\/www.wetterauer-landbote.de\/?p=2138"},"modified":"2015-01-29T19:06:50","modified_gmt":"2015-01-29T17:06:50","slug":"windvorrangflaechen-verzoegert","status":"publish","type":"post","link":"https:\/\/www.wetterauer-landbote.de\/?p=2138","title":{"rendered":"Windvorrangfl\u00e4chen verz\u00f6gert"},"content":{"rendered":"<h2>Umstrittene Abstandsregelung rund um Funkfeuer der Flugsicherung<\/h2>\n<p><strong>Von Anton J. Seib<a href=\"https:\/\/i0.wp.com\/www.wetterauer-landbote.de\/wp-content\/uploads\/2014\/04\/W%C3%B6llstadt-1-neu.jpg\"><img data-recalc-dims=\"1\" loading=\"lazy\" decoding=\"async\" class=\"alignright  wp-image-850\" src=\"https:\/\/i0.wp.com\/www.wetterauer-landbote.de\/wp-content\/uploads\/2014\/04\/W%C3%B6llstadt-1-neu.jpg?resize=175%2C263\" alt=\"W\u00f6llstadt-1-neu\" width=\"175\" height=\"263\" \/><\/a><\/strong><\/p>\n<p>Das Verfahren zur Ausweisung von Windkraft-Fl\u00e4chen verz\u00f6gert sich, vermutlich bis 2016. Urspr\u00fcnglich sollten die Ergebnisse der ersten Offenlegung im Fr\u00fchjahr 2015 vorgestellt werden.\u201eWir im Regionalverband sind schon ziemlich weit mit der Auswertung\u201c, sagt die Erste Beigeordnete des Regionalverbands Frankfurt-Rhein-Main, Birgit Simon. Aber das Regierungspr\u00e4sidium Darmstadt hat offensichtlich noch weiteren Beratungsbedarf.<\/p>\n<p><!--more--><\/p>\n<h3><strong>Windvorrangfl\u00e4chen verz\u00f6gert<\/strong><\/h3>\n<p>Hauptknackpunkt ist nach wie vor die Deutsche Flugsicherung (DFS), die auf einer Abstandsregelung von 15 Kilometern rund um ihre acht Funkfeuer im Rhein-Main-Gebiet besteht. Simon: \u201eInzwischen gibt es mehrere Urteile deutscher Gerichte, die darauf hindeuten, dass 15 Kilometer doch als angemessen betrachten werden m\u00fcssen.\u201c Im bisher laufenden Verfahren nach Windvorrangfl\u00e4chen hat der Regionalverband in Absprache mit dem Land Hessen drei Kilometer festgelegt.<br \/>\nDabei st\u00fctzt sich die Landesregierung auf Gutachten unter anderem zu einer geplanten Windkraftanlage im Frankfurter Stadtteil Nieder-Erlenbach. Die Flugsicherung dagegen kann auf mehrere Gerichtsurteile verweisen, die eine 15-Kilometer-Regelung als richtig erachten. Erst im Oktober hatte das Verwaltungsgericht Frankfurt deshalb den Bau von drei gro\u00dfen Windr\u00e4dern des Unternehmens Renertec im Frankfurter Stadtteil Bergen-Enkheim untersagt. Die Rotoren zu nahe gelegener Windkraftanlage, so die Bef\u00fcrchtung, k\u00f6nnten die gesendeten Leitstrahlen ablenken. Bordcomputer der Flugzeuge w\u00fcrden die Funksignale dann nicht mehr richtig einordnen, Flugzeuge schlimmstenfalls abst\u00fcrzen. Dagegen warnte bereits vor Monaten der Bundesverband Windenergie vor \u201e\u00fcberzogenen Sicherheitsbedenken\u201c. Sie blockierten bundesweit den Ausbau von 200 Windparks.<\/p>\n<h4><strong>Deutlich weniger Vorrangfl\u00e4che<\/strong><\/h4>\n<p>Sollte sich die Auffassung der DFS durchsetzen, w\u00fcrden viele Windvorrangfl\u00e4chen im Rhein-Main-Gebiet wegfallen. Bisher sind rechnerisch 0,9 Prozent Hessens als Vorrangfl\u00e4chen vorgesehen, bei der restriktiven Regelung w\u00e4ren es nur noch 0,5 Prozent. Allerdings haben in dem Anh\u00f6rungsverfahren eine Reihe von Kommunen Fl\u00e4chen angeboten, die seither nicht im Gespr\u00e4ch waren. Die m\u00fcssen jetzt auf ihre Tauglichkeit \u00fcberpr\u00fcft werden. Dazu z\u00e4hlen etwa Fl\u00e4chen auf dem Gebiet der Stadt Niddatal im Wetteraukreis. Dort sind sich Kommunalpolitiker \u00fcber alle Parteigrenzen hinweg einig dar\u00fcber, dass auch auf dem gebiet ihrer Stadt Windr\u00e4der gebaut werden k\u00f6nnen. Eine entsprechende Forderung hat die Kommune deshalb im Rahmen des Anh\u00f6rungsverfahrens aufgestellt.<\/p>\n","protected":false},"excerpt":{"rendered":"<p>Umstrittene Abstandsregelung rund um Funkfeuer der Flugsicherung Von Anton J. Seib Das Verfahren zur Ausweisung von Windkraft-Fl\u00e4chen verz\u00f6gert sich, vermutlich bis 2016. Urspr\u00fcnglich sollten die Ergebnisse der ersten Offenlegung im Fr\u00fchjahr 2015 vorgestellt werden.\u201eWir im Regionalverband sind schon ziemlich weit &hellip; <a href=\"https:\/\/www.wetterauer-landbote.de\/?p=2138\">Weiterlesen <span class=\"meta-nav\">&rarr;<\/span><\/a><\/p>\n","protected":false},"author":1,"featured_media":0,"comment_status":"open","ping_status":"open","sticky":false,"template":"","format":"standard","meta":{"_jetpack_memberships_contains_paid_content":false,"footnotes":""},"categories":[1],"tags":[],"class_list":["post-2138","post","type-post","status-publish","format-standard","hentry","category-allgemein"],"yoast_head":"<!-- This site is optimized with the Yoast SEO plugin v27.0 - https:\/\/yoast.com\/product\/yoast-seo-wordpress\/ -->\n<title>Windvorrangfl\u00e4chen verz\u00f6gert - Wetterauer-Landbote<\/title>\n<meta name=\"description\" content=\"Bedenken der Deutschen Flugsicherung verz\u00f6gern die Ausweisung von Windvorrangfl\u00e4chen im Rhein-Main-Gebiet. Windvorrangfl\u00e4chen verz\u00f6gert\" \/>\n<meta name=\"robots\" content=\"index, follow, max-snippet:-1, max-image-preview:large, max-video-preview:-1\" \/>\n<link rel=\"canonical\" href=\"http:\/\/www.wetterauer-landbote.de\/?p=2138\" \/>\n<meta property=\"og:locale\" content=\"de_DE\" \/>\n<meta property=\"og:type\" content=\"article\" \/>\n<meta property=\"og:title\" content=\"Windvorrangfl\u00e4chen verz\u00f6gert - Wetterauer-Landbote\" \/>\n<meta property=\"og:description\" content=\"Bedenken der Deutschen Flugsicherung verz\u00f6gern die Ausweisung von Windvorrangfl\u00e4chen im Rhein-Main-Gebiet. Windvorrangfl\u00e4chen verz\u00f6gert\" \/>\n<meta property=\"og:url\" content=\"http:\/\/www.wetterauer-landbote.de\/?p=2138\" \/>\n<meta property=\"og:site_name\" content=\"Wetterauer-Landbote\" \/>\n<meta property=\"article:published_time\" content=\"2015-01-29T17:02:10+00:00\" \/>\n<meta property=\"article:modified_time\" content=\"2015-01-29T17:06:50+00:00\" \/>\n<meta name=\"author\" content=\"harpo\" \/>\n<meta name=\"twitter:label1\" content=\"Verfasst von\" \/>\n\t<meta name=\"twitter:data1\" content=\"harpo\" \/>\n\t<meta name=\"twitter:label2\" content=\"Gesch\u00e4tzte Lesezeit\" \/>\n\t<meta name=\"twitter:data2\" content=\"2\u00a0Minuten\" \/>\n<script type=\"application\/ld+json\" class=\"yoast-schema-graph\">{\"@context\":\"https:\/\/schema.org\",\"@graph\":[{\"@type\":\"Article\",\"@id\":\"http:\/\/www.wetterauer-landbote.de\/?p=2138#article\",\"isPartOf\":{\"@id\":\"http:\/\/www.wetterauer-landbote.de\/?p=2138\"},\"author\":{\"name\":\"harpo\",\"@id\":\"http:\/\/www.wetterauer-landbote.de\/#\/schema\/person\/fa7509b189bc402f223dd5337ab92ed0\"},\"headline\":\"Windvorrangfl\u00e4chen verz\u00f6gert\",\"datePublished\":\"2015-01-29T17:02:10+00:00\",\"dateModified\":\"2015-01-29T17:06:50+00:00\",\"mainEntityOfPage\":{\"@id\":\"http:\/\/www.wetterauer-landbote.de\/?p=2138\"},\"wordCount\":360,\"commentCount\":0,\"inLanguage\":\"de\",\"potentialAction\":[{\"@type\":\"CommentAction\",\"name\":\"Comment\",\"target\":[\"http:\/\/www.wetterauer-landbote.de\/?p=2138#respond\"]}]},{\"@type\":\"WebPage\",\"@id\":\"http:\/\/www.wetterauer-landbote.de\/?p=2138\",\"url\":\"http:\/\/www.wetterauer-landbote.de\/?p=2138\",\"name\":\"Windvorrangfl\u00e4chen verz\u00f6gert - Wetterauer-Landbote\",\"isPartOf\":{\"@id\":\"http:\/\/www.wetterauer-landbote.de\/#website\"},\"datePublished\":\"2015-01-29T17:02:10+00:00\",\"dateModified\":\"2015-01-29T17:06:50+00:00\",\"author\":{\"@id\":\"http:\/\/www.wetterauer-landbote.de\/#\/schema\/person\/fa7509b189bc402f223dd5337ab92ed0\"},\"description\":\"Bedenken der Deutschen Flugsicherung verz\u00f6gern die Ausweisung von Windvorrangfl\u00e4chen im Rhein-Main-Gebiet. Windvorrangfl\u00e4chen verz\u00f6gert\",\"breadcrumb\":{\"@id\":\"http:\/\/www.wetterauer-landbote.de\/?p=2138#breadcrumb\"},\"inLanguage\":\"de\",\"potentialAction\":[{\"@type\":\"ReadAction\",\"target\":[\"http:\/\/www.wetterauer-landbote.de\/?p=2138\"]}]},{\"@type\":\"BreadcrumbList\",\"@id\":\"http:\/\/www.wetterauer-landbote.de\/?p=2138#breadcrumb\",\"itemListElement\":[{\"@type\":\"ListItem\",\"position\":1,\"name\":\"Home\",\"item\":\"http:\/\/www.wetterauer-landbote.de\/\"},{\"@type\":\"ListItem\",\"position\":2,\"name\":\"Windvorrangfl\u00e4chen verz\u00f6gert\"}]},{\"@type\":\"WebSite\",\"@id\":\"http:\/\/www.wetterauer-landbote.de\/#website\",\"url\":\"http:\/\/www.wetterauer-landbote.de\/\",\"name\":\"Wetterauer-Landbote\",\"description\":\"\",\"potentialAction\":[{\"@type\":\"SearchAction\",\"target\":{\"@type\":\"EntryPoint\",\"urlTemplate\":\"http:\/\/www.wetterauer-landbote.de\/?s={search_term_string}\"},\"query-input\":{\"@type\":\"PropertyValueSpecification\",\"valueRequired\":true,\"valueName\":\"search_term_string\"}}],\"inLanguage\":\"de\"},{\"@type\":\"Person\",\"@id\":\"http:\/\/www.wetterauer-landbote.de\/#\/schema\/person\/fa7509b189bc402f223dd5337ab92ed0\",\"name\":\"harpo\",\"image\":{\"@type\":\"ImageObject\",\"inLanguage\":\"de\",\"@id\":\"http:\/\/www.wetterauer-landbote.de\/#\/schema\/person\/image\/\",\"url\":\"https:\/\/secure.gravatar.com\/avatar\/198bcecc77c146e5ea8d4540d99560b4b486a090b927ff654b2c125224d88117?s=96&d=mm&r=g\",\"contentUrl\":\"https:\/\/secure.gravatar.com\/avatar\/198bcecc77c146e5ea8d4540d99560b4b486a090b927ff654b2c125224d88117?s=96&d=mm&r=g\",\"caption\":\"harpo\"},\"url\":\"https:\/\/www.wetterauer-landbote.de\/?author=1\"}]}<\/script>\n<!-- \/ Yoast SEO plugin. -->","yoast_head_json":{"title":"Windvorrangfl\u00e4chen verz\u00f6gert - Wetterauer-Landbote","description":"Bedenken der Deutschen Flugsicherung verz\u00f6gern die Ausweisung von Windvorrangfl\u00e4chen im Rhein-Main-Gebiet. Windvorrangfl\u00e4chen verz\u00f6gert","robots":{"index":"index","follow":"follow","max-snippet":"max-snippet:-1","max-image-preview":"max-image-preview:large","max-video-preview":"max-video-preview:-1"},"canonical":"http:\/\/www.wetterauer-landbote.de\/?p=2138","og_locale":"de_DE","og_type":"article","og_title":"Windvorrangfl\u00e4chen verz\u00f6gert - Wetterauer-Landbote","og_description":"Bedenken der Deutschen Flugsicherung verz\u00f6gern die Ausweisung von Windvorrangfl\u00e4chen im Rhein-Main-Gebiet. Windvorrangfl\u00e4chen verz\u00f6gert","og_url":"http:\/\/www.wetterauer-landbote.de\/?p=2138","og_site_name":"Wetterauer-Landbote","article_published_time":"2015-01-29T17:02:10+00:00","article_modified_time":"2015-01-29T17:06:50+00:00","author":"harpo","twitter_misc":{"Verfasst von":"harpo","Gesch\u00e4tzte Lesezeit":"2\u00a0Minuten"},"schema":{"@context":"https:\/\/schema.org","@graph":[{"@type":"Article","@id":"http:\/\/www.wetterauer-landbote.de\/?p=2138#article","isPartOf":{"@id":"http:\/\/www.wetterauer-landbote.de\/?p=2138"},"author":{"name":"harpo","@id":"http:\/\/www.wetterauer-landbote.de\/#\/schema\/person\/fa7509b189bc402f223dd5337ab92ed0"},"headline":"Windvorrangfl\u00e4chen verz\u00f6gert","datePublished":"2015-01-29T17:02:10+00:00","dateModified":"2015-01-29T17:06:50+00:00","mainEntityOfPage":{"@id":"http:\/\/www.wetterauer-landbote.de\/?p=2138"},"wordCount":360,"commentCount":0,"inLanguage":"de","potentialAction":[{"@type":"CommentAction","name":"Comment","target":["http:\/\/www.wetterauer-landbote.de\/?p=2138#respond"]}]},{"@type":"WebPage","@id":"http:\/\/www.wetterauer-landbote.de\/?p=2138","url":"http:\/\/www.wetterauer-landbote.de\/?p=2138","name":"Windvorrangfl\u00e4chen verz\u00f6gert - Wetterauer-Landbote","isPartOf":{"@id":"http:\/\/www.wetterauer-landbote.de\/#website"},"datePublished":"2015-01-29T17:02:10+00:00","dateModified":"2015-01-29T17:06:50+00:00","author":{"@id":"http:\/\/www.wetterauer-landbote.de\/#\/schema\/person\/fa7509b189bc402f223dd5337ab92ed0"},"description":"Bedenken der Deutschen Flugsicherung verz\u00f6gern die Ausweisung von Windvorrangfl\u00e4chen im Rhein-Main-Gebiet. Windvorrangfl\u00e4chen verz\u00f6gert","breadcrumb":{"@id":"http:\/\/www.wetterauer-landbote.de\/?p=2138#breadcrumb"},"inLanguage":"de","potentialAction":[{"@type":"ReadAction","target":["http:\/\/www.wetterauer-landbote.de\/?p=2138"]}]},{"@type":"BreadcrumbList","@id":"http:\/\/www.wetterauer-landbote.de\/?p=2138#breadcrumb","itemListElement":[{"@type":"ListItem","position":1,"name":"Home","item":"http:\/\/www.wetterauer-landbote.de\/"},{"@type":"ListItem","position":2,"name":"Windvorrangfl\u00e4chen verz\u00f6gert"}]},{"@type":"WebSite","@id":"http:\/\/www.wetterauer-landbote.de\/#website","url":"http:\/\/www.wetterauer-landbote.de\/","name":"Wetterauer-Landbote","description":"","potentialAction":[{"@type":"SearchAction","target":{"@type":"EntryPoint","urlTemplate":"http:\/\/www.wetterauer-landbote.de\/?s={search_term_string}"},"query-input":{"@type":"PropertyValueSpecification","valueRequired":true,"valueName":"search_term_string"}}],"inLanguage":"de"},{"@type":"Person","@id":"http:\/\/www.wetterauer-landbote.de\/#\/schema\/person\/fa7509b189bc402f223dd5337ab92ed0","name":"harpo","image":{"@type":"ImageObject","inLanguage":"de","@id":"http:\/\/www.wetterauer-landbote.de\/#\/schema\/person\/image\/","url":"https:\/\/secure.gravatar.com\/avatar\/198bcecc77c146e5ea8d4540d99560b4b486a090b927ff654b2c125224d88117?s=96&d=mm&r=g","contentUrl":"https:\/\/secure.gravatar.com\/avatar\/198bcecc77c146e5ea8d4540d99560b4b486a090b927ff654b2c125224d88117?s=96&d=mm&r=g","caption":"harpo"},"url":"https:\/\/www.wetterauer-landbote.de\/?author=1"}]}},"jetpack_featured_media_url":"","jetpack_sharing_enabled":true,"jetpack_likes_enabled":true,"_links":{"self":[{"href":"https:\/\/www.wetterauer-landbote.de\/index.php?rest_route=\/wp\/v2\/posts\/2138","targetHints":{"allow":["GET"]}}],"collection":[{"href":"https:\/\/www.wetterauer-landbote.de\/index.php?rest_route=\/wp\/v2\/posts"}],"about":[{"href":"https:\/\/www.wetterauer-landbote.de\/index.php?rest_route=\/wp\/v2\/types\/post"}],"author":[{"embeddable":true,"href":"https:\/\/www.wetterauer-landbote.de\/index.php?rest_route=\/wp\/v2\/users\/1"}],"replies":[{"embeddable":true,"href":"https:\/\/www.wetterauer-landbote.de\/index.php?rest_route=%2Fwp%2Fv2%2Fcomments&post=2138"}],"version-history":[{"count":2,"href":"https:\/\/www.wetterauer-landbote.de\/index.php?rest_route=\/wp\/v2\/posts\/2138\/revisions"}],"predecessor-version":[{"id":2140,"href":"https:\/\/www.wetterauer-landbote.de\/index.php?rest_route=\/wp\/v2\/posts\/2138\/revisions\/2140"}],"wp:attachment":[{"href":"https:\/\/www.wetterauer-landbote.de\/index.php?rest_route=%2Fwp%2Fv2%2Fmedia&parent=2138"}],"wp:term":[{"taxonomy":"category","embeddable":true,"href":"https:\/\/www.wetterauer-landbote.de\/index.php?rest_route=%2Fwp%2Fv2%2Fcategories&post=2138"},{"taxonomy":"post_tag","embeddable":true,"href":"https:\/\/www.wetterauer-landbote.de\/index.php?rest_route=%2Fwp%2Fv2%2Ftags&post=2138"}],"curies":[{"name":"wp","href":"https:\/\/api.w.org\/{rel}","templated":true}]}}