{"id":2021,"date":"2015-01-10T14:30:33","date_gmt":"2015-01-10T12:30:33","guid":{"rendered":"http:\/\/www.wetterauer-landbote.de\/?p=2021"},"modified":"2015-01-10T14:30:33","modified_gmt":"2015-01-10T12:30:33","slug":"verbannt-die-killer-aus-dem-wohnzimmer","status":"publish","type":"post","link":"https:\/\/www.wetterauer-landbote.de\/?p=2021","title":{"rendered":"Verbannt die Killer aus dem Wohnzimmer"},"content":{"rendered":"<p><strong>Pl\u00e4doyer gegen Gewaltkonsum, Paffen im Winter \u2013 und gegen den ARD\/ZDF-Beitragsservice<\/strong><\/p>\n<p><strong>Nissens Woche \u2013 die zweite<\/strong><\/p>\n<p><a href=\"https:\/\/i0.wp.com\/www.wetterauer-landbote.de\/wp-content\/uploads\/2013\/05\/Klaus.jpg\"><img data-recalc-dims=\"1\" loading=\"lazy\" decoding=\"async\" class=\"alignright size-medium wp-image-560\" src=\"https:\/\/i0.wp.com\/www.wetterauer-landbote.de\/wp-content\/uploads\/2013\/05\/Klaus.jpg?resize=300%2C283\" alt=\"Klaus\" width=\"300\" height=\"283\" srcset=\"https:\/\/i0.wp.com\/www.wetterauer-landbote.de\/wp-content\/uploads\/2013\/05\/Klaus.jpg?resize=300%2C283&amp;ssl=1 300w, https:\/\/i0.wp.com\/www.wetterauer-landbote.de\/wp-content\/uploads\/2013\/05\/Klaus.jpg?resize=1024%2C968&amp;ssl=1 1024w, https:\/\/i0.wp.com\/www.wetterauer-landbote.de\/wp-content\/uploads\/2013\/05\/Klaus.jpg?resize=317%2C300&amp;ssl=1 317w, https:\/\/i0.wp.com\/www.wetterauer-landbote.de\/wp-content\/uploads\/2013\/05\/Klaus.jpg?w=1168 1168w, https:\/\/i0.wp.com\/www.wetterauer-landbote.de\/wp-content\/uploads\/2013\/05\/Klaus.jpg?w=1752 1752w\" sizes=\"auto, (max-width: 300px) 100vw, 300px\" \/><\/a><\/p>\n<p>&nbsp;<\/p>\n<p>Idioten gibt es \u00fcberall. Gro\u00dfe und kleine. Ein kleiner sitzt gerade vor dem Computer und schreibt diesen Text. Er hat einen Schal um den Hals, schnieft und schluckt unter Schmerzen. Er glaubte allen Ernstes, dass die aktuelle Erk\u00e4ltungswelle ihm nichts anhaben k\u00f6nne. Weil er doch jeden zweiten Tag joggt, sich halbwegs gesund ern\u00e4hrt und nur noch die letzten zwei Zigarren wegpaffen will, um sich das Rauchen dann endg\u00fcltig abzugew\u00f6hnen. Nun war die Sitzung auf der winterlichen Terrasse recht k\u00fchl und zugig.<\/p>\n<p><!--more--><\/p>\n<h2>Verbannt die Killer aus dem Wohnzimmer<\/h2>\n<p>Eine milde Idiotie habe ich diese Woche auch in K\u00f6ln ausgemacht. Da sitzt der Rundfunk-Beitragsservice von ARD, ZDF und Deutschlandradio \u2013 vormals GEZ. Worin der Service besteht, ist unklar. Denn die wollen immer nur Geld. Seit dem vorigen Sommer fordert dieser Verein immer wieder meinen Rundfunkbeitrag f\u00fcr eine Wohnung, die ich l\u00e4ngst nicht mehr habe. Mehrfach habe ich die K\u00f6lner darauf hingewiesen. Am Dienstag kam wieder eine Mahnung. Am Donnerstag erkl\u00e4rte ich dem Beitragsservice per Mail, dass sein Unterfangen Quatsch ist. Prompt kam eine Antwort: \u201eAufgrund der vielen Anfragen, die uns jeden Tag erreichen, verl\u00e4ngert sich leider die Antwortzeit und liegt momentan bei etwa 4 Wochen. Wir entschuldigen uns und bitten um Ihr Verst\u00e4ndnis. F\u00fcr Sie entsteht durch eine von uns gegebenenfalls verursachte Verz\u00f6gerung kein Nachteil.\u201c<\/p>\n<div id=\"attachment_2022\" style=\"width: 310px\" class=\"wp-caption alignright\"><a href=\"https:\/\/i0.wp.com\/www.wetterauer-landbote.de\/wp-content\/uploads\/2015\/01\/Zigarrenkasten.jpg\"><img data-recalc-dims=\"1\" loading=\"lazy\" decoding=\"async\" aria-describedby=\"caption-attachment-2022\" class=\"size-medium wp-image-2022\" src=\"https:\/\/i0.wp.com\/www.wetterauer-landbote.de\/wp-content\/uploads\/2015\/01\/Zigarrenkasten.jpg?resize=300%2C200\" alt=\"Die Zigarren sind weg. Daf\u00fcr habe ich jetzt eine Erk\u00e4ltung.\" width=\"300\" height=\"200\" srcset=\"https:\/\/i0.wp.com\/www.wetterauer-landbote.de\/wp-content\/uploads\/2015\/01\/Zigarrenkasten.jpg?resize=300%2C200&amp;ssl=1 300w, https:\/\/i0.wp.com\/www.wetterauer-landbote.de\/wp-content\/uploads\/2015\/01\/Zigarrenkasten.jpg?resize=1024%2C683&amp;ssl=1 1024w, https:\/\/i0.wp.com\/www.wetterauer-landbote.de\/wp-content\/uploads\/2015\/01\/Zigarrenkasten.jpg?resize=450%2C300&amp;ssl=1 450w, https:\/\/i0.wp.com\/www.wetterauer-landbote.de\/wp-content\/uploads\/2015\/01\/Zigarrenkasten.jpg?w=1100&amp;ssl=1 1100w\" sizes=\"auto, (max-width: 300px) 100vw, 300px\" \/><\/a><p id=\"caption-attachment-2022\" class=\"wp-caption-text\">Die Zigarren sind weg. Daf\u00fcr habe ich jetzt eine Erk\u00e4ltung.<\/p><\/div>\n<p>Die K\u00f6lner sind also v\u00f6llig damit \u00fcberlastet, die Rundfunkbeitrage von jedem realen und fiktiven Wohnungsinhaber einzutreiben. In dieser Situation w\u00e4re ich auch gerne.<br \/>\nEs gibt ja noch viel schlimmere Formen der Idiotie. Ein Beispiel: Da sitzt du wie immer am Mittwoch mit den Kollegen in der Redaktionskonferenz und \u00fcberlegt, wie du das Blatt voll kriegst. Du hast eine halbwegs gute Idee und willst sie gerade aussprechen \u2013 da st\u00fcrmen zwei vermummte Typen in den Raum und richten ihre Kalaschnikows auf dich und die Kollegen. Einer der Typen ruft deinen Namen, und unwillk\u00fcrlich hebst du ein bisschen den Kopf. Da richtet er die Waffe direkt auf dich, und du denkst noch: Das war es dann, das Leben.<\/p>\n<p>Der reinste Horror. Ein bl\u00f6dsinniger Tod, gegen den du nichts machen kannst. Nur weil ein paar Idioten glauben, sie k\u00f6nnten damit die Ehre des Propheten reinwaschen. Dabei bewirken sie das Gegenteil. Diese und andere Idioten bedrohen immer st\u00e4rker das friedliche Verh\u00e4ltnis zwischen \u201eabendl\u00e4ndischen\u201c und muslimischen Deutschen. Ich finde es gut, wenn m\u00f6glichst viele Leute sich in diesen Tagen auf der Stra\u00dfe gegen die Idioten verb\u00fcnden. Ich w\u00e4re diesen Samstag auf der Demo des R\u00f6merbergb\u00fcndnisses in Frankfurft dabeigewesen. Doch die Erk\u00e4ltung\u2026.<\/p>\n<div id=\"attachment_2023\" style=\"width: 543px\" class=\"wp-caption alignright\"><a href=\"https:\/\/i0.wp.com\/www.wetterauer-landbote.de\/wp-content\/uploads\/2015\/01\/Hesselbach.jpg\"><img data-recalc-dims=\"1\" loading=\"lazy\" decoding=\"async\" aria-describedby=\"caption-attachment-2023\" class=\" wp-image-2023\" src=\"https:\/\/i0.wp.com\/www.wetterauer-landbote.de\/wp-content\/uploads\/2015\/01\/Hesselbach.jpg?resize=533%2C355\" alt=\"Es muss doch nicht immer Mord und Totschlag im TV sein. Hessische Rundfunk bietet mit &quot;Firma Hesselbach&quot; interessante Einblicke ins Arbeitsleben. Hier ursula K\u00f6llner als Frl. Sauerberg, Helga Neuner als Frl. Schneider und Joachim Engel-Denis als angehender Prokurist Fred Lindner. \" width=\"533\" height=\"355\" srcset=\"https:\/\/i0.wp.com\/www.wetterauer-landbote.de\/wp-content\/uploads\/2015\/01\/Hesselbach.jpg?resize=300%2C200&amp;ssl=1 300w, https:\/\/i0.wp.com\/www.wetterauer-landbote.de\/wp-content\/uploads\/2015\/01\/Hesselbach.jpg?resize=1024%2C684&amp;ssl=1 1024w, https:\/\/i0.wp.com\/www.wetterauer-landbote.de\/wp-content\/uploads\/2015\/01\/Hesselbach.jpg?resize=449%2C300&amp;ssl=1 449w, https:\/\/i0.wp.com\/www.wetterauer-landbote.de\/wp-content\/uploads\/2015\/01\/Hesselbach.jpg?w=1200&amp;ssl=1 1200w\" sizes=\"auto, (max-width: 533px) 100vw, 533px\" \/><\/a><p id=\"caption-attachment-2023\" class=\"wp-caption-text\">Es muss doch nicht immer Mord und Totschlag im TV sein.\u00a0 Der Hessische Rundfunk bietet mit &#8222;Firma Hesselbach&#8220; interessante Einblicke ins Arbeitsleben. Hier Ursula K\u00f6llner als Frl. Sauerberg, Helga Neuner als Frl. Schneider und Joachim Engel-Denis als angehender Prokurist Fred Lindner in der Folge 6: &#8222;Sabotage&#8220;.<\/p><\/div>\n<p>&nbsp;<\/p>\n<p>&nbsp;<\/p>\n<p>&nbsp;<\/p>\n<p>Eigentlich sind wir alle Idioten. Jeden Abend konsumieren wir in der Glotze Gewalt bis zum Gehtnichtmehr und sind dann geschockt, wenn mal jemand wirklich die Knarre in die Hand nimmt und Unschuldigen die K\u00f6pfe wegpustet (au\u00dfer in Nordnigeria \u2013 die dortigen Massenm\u00f6rder interessieren uns nicht). Auszug aus dem Fernsehprogramm von Mittwoch, dem Tag des Pariser Attentats: ZDF \u2013 Serienkiller: M\u00f6rderische Triebe. WDR: Henker und Richter \u2013 Feuerteufel. NDR: Der Tatortreiniger. Und sp\u00e4ter: Kommissar Wallander \u2013 Hunde von Riga, eine besonders d\u00fcster-blutige Krimi-Reihe. Pro 7: Major Crimes. RBB: Die gro\u00dfen Kriminalf\u00e4lle \u2013 die Geschichte des Bubi Scholz, der seine Frau erschossen hat.<\/p>\n<p>Warum konsumieren wir dieses Zeug? Ich habe mir gerne Breaking Bad angeschaut und am Donnerstag zum zweiten Mal Skyfall, den bisher \u201ebesten\u201c James Bond. Es gibt viele Gr\u00fcnde, warum uns so etwas Spa\u00df macht. Aber es ist nicht gut, jedenfalls nicht in diesem Ausma\u00df. Lassen wir es einfach. Ich behaupte, dass es spannende Unterhaltung ohne Mord und Totschlag gibt. Wir brauchen keine Killer.<\/p>\n","protected":false},"excerpt":{"rendered":"<p>Pl\u00e4doyer gegen Gewaltkonsum, Paffen im Winter \u2013 und gegen den ARD\/ZDF-Beitragsservice Nissens Woche \u2013 die zweite &nbsp; Idioten gibt es \u00fcberall. Gro\u00dfe und kleine. Ein kleiner sitzt gerade vor dem Computer und schreibt diesen Text. Er hat einen Schal um &hellip; <a href=\"https:\/\/www.wetterauer-landbote.de\/?p=2021\">Weiterlesen <span class=\"meta-nav\">&rarr;<\/span><\/a><\/p>\n","protected":false},"author":3,"featured_media":0,"comment_status":"open","ping_status":"open","sticky":false,"template":"","format":"standard","meta":{"_jetpack_memberships_contains_paid_content":false,"footnotes":""},"categories":[1],"tags":[62,46],"class_list":["post-2021","post","type-post","status-publish","format-standard","hentry","category-allgemein","tag-idioten","tag-nissens-woche"],"yoast_head":"<!-- This site is optimized with the Yoast SEO plugin v27.0 - https:\/\/yoast.com\/product\/yoast-seo-wordpress\/ -->\n<title>Verbannt die Killer aus dem Wohnzimmer - Wetterauer-Landbote<\/title>\n<meta name=\"description\" content=\"Pl\u00e4doyer gegen Gewaltkonsum, Paffen im Winter \u2013 und gegen den ARD\/ZDF-Beitragsservice. Nissens Woche \u2013 die zweite\" \/>\n<meta name=\"robots\" content=\"index, follow, max-snippet:-1, max-image-preview:large, max-video-preview:-1\" \/>\n<link rel=\"canonical\" href=\"http:\/\/www.wetterauer-landbote.de\/?p=2021\" \/>\n<meta property=\"og:locale\" content=\"de_DE\" \/>\n<meta property=\"og:type\" content=\"article\" \/>\n<meta property=\"og:title\" content=\"Verbannt die Killer aus dem Wohnzimmer - Wetterauer-Landbote\" \/>\n<meta property=\"og:description\" content=\"Pl\u00e4doyer gegen Gewaltkonsum, Paffen im Winter \u2013 und gegen den ARD\/ZDF-Beitragsservice. Nissens Woche \u2013 die zweite\" \/>\n<meta property=\"og:url\" content=\"http:\/\/www.wetterauer-landbote.de\/?p=2021\" \/>\n<meta property=\"og:site_name\" content=\"Wetterauer-Landbote\" \/>\n<meta property=\"article:published_time\" content=\"2015-01-10T12:30:33+00:00\" \/>\n<meta property=\"og:image\" content=\"http:\/\/www.wetterauer-landbote.de\/wp-content\/uploads\/2013\/05\/Klaus-300x283.jpg\" \/>\n<meta name=\"author\" content=\"Klaus Nissen\" \/>\n<meta name=\"twitter:label1\" content=\"Verfasst von\" \/>\n\t<meta name=\"twitter:data1\" content=\"Klaus Nissen\" \/>\n\t<meta name=\"twitter:label2\" content=\"Gesch\u00e4tzte Lesezeit\" \/>\n\t<meta name=\"twitter:data2\" content=\"3\u00a0Minuten\" \/>\n<script type=\"application\/ld+json\" class=\"yoast-schema-graph\">{\"@context\":\"https:\/\/schema.org\",\"@graph\":[{\"@type\":\"Article\",\"@id\":\"http:\/\/www.wetterauer-landbote.de\/?p=2021#article\",\"isPartOf\":{\"@id\":\"http:\/\/www.wetterauer-landbote.de\/?p=2021\"},\"author\":{\"name\":\"Klaus Nissen\",\"@id\":\"https:\/\/www.wetterauer-landbote.de\/#\/schema\/person\/9447e3ac7c660566ad02397024da58de\"},\"headline\":\"Verbannt die Killer aus dem Wohnzimmer\",\"datePublished\":\"2015-01-10T12:30:33+00:00\",\"mainEntityOfPage\":{\"@id\":\"http:\/\/www.wetterauer-landbote.de\/?p=2021\"},\"wordCount\":704,\"commentCount\":0,\"image\":{\"@id\":\"http:\/\/www.wetterauer-landbote.de\/?p=2021#primaryimage\"},\"thumbnailUrl\":\"http:\/\/www.wetterauer-landbote.de\/wp-content\/uploads\/2013\/05\/Klaus-300x283.jpg\",\"keywords\":[\"Idioten\",\"Nissens Woche\"],\"inLanguage\":\"de\",\"potentialAction\":[{\"@type\":\"CommentAction\",\"name\":\"Comment\",\"target\":[\"http:\/\/www.wetterauer-landbote.de\/?p=2021#respond\"]}]},{\"@type\":\"WebPage\",\"@id\":\"http:\/\/www.wetterauer-landbote.de\/?p=2021\",\"url\":\"http:\/\/www.wetterauer-landbote.de\/?p=2021\",\"name\":\"Verbannt die Killer aus dem Wohnzimmer - Wetterauer-Landbote\",\"isPartOf\":{\"@id\":\"https:\/\/www.wetterauer-landbote.de\/#website\"},\"primaryImageOfPage\":{\"@id\":\"http:\/\/www.wetterauer-landbote.de\/?p=2021#primaryimage\"},\"image\":{\"@id\":\"http:\/\/www.wetterauer-landbote.de\/?p=2021#primaryimage\"},\"thumbnailUrl\":\"http:\/\/www.wetterauer-landbote.de\/wp-content\/uploads\/2013\/05\/Klaus-300x283.jpg\",\"datePublished\":\"2015-01-10T12:30:33+00:00\",\"author\":{\"@id\":\"https:\/\/www.wetterauer-landbote.de\/#\/schema\/person\/9447e3ac7c660566ad02397024da58de\"},\"description\":\"Pl\u00e4doyer gegen Gewaltkonsum, Paffen im Winter \u2013 und gegen den ARD\/ZDF-Beitragsservice. Nissens Woche \u2013 die zweite\",\"breadcrumb\":{\"@id\":\"http:\/\/www.wetterauer-landbote.de\/?p=2021#breadcrumb\"},\"inLanguage\":\"de\",\"potentialAction\":[{\"@type\":\"ReadAction\",\"target\":[\"http:\/\/www.wetterauer-landbote.de\/?p=2021\"]}]},{\"@type\":\"ImageObject\",\"inLanguage\":\"de\",\"@id\":\"http:\/\/www.wetterauer-landbote.de\/?p=2021#primaryimage\",\"url\":\"https:\/\/i0.wp.com\/www.wetterauer-landbote.de\/wp-content\/uploads\/2013\/05\/Klaus.jpg?fit=3960%2C3744&ssl=1\",\"contentUrl\":\"https:\/\/i0.wp.com\/www.wetterauer-landbote.de\/wp-content\/uploads\/2013\/05\/Klaus.jpg?fit=3960%2C3744&ssl=1\",\"width\":3960,\"height\":3744},{\"@type\":\"BreadcrumbList\",\"@id\":\"http:\/\/www.wetterauer-landbote.de\/?p=2021#breadcrumb\",\"itemListElement\":[{\"@type\":\"ListItem\",\"position\":1,\"name\":\"Home\",\"item\":\"https:\/\/www.wetterauer-landbote.de\/\"},{\"@type\":\"ListItem\",\"position\":2,\"name\":\"Verbannt die Killer aus dem Wohnzimmer\"}]},{\"@type\":\"WebSite\",\"@id\":\"https:\/\/www.wetterauer-landbote.de\/#website\",\"url\":\"https:\/\/www.wetterauer-landbote.de\/\",\"name\":\"Wetterauer-Landbote\",\"description\":\"\",\"potentialAction\":[{\"@type\":\"SearchAction\",\"target\":{\"@type\":\"EntryPoint\",\"urlTemplate\":\"https:\/\/www.wetterauer-landbote.de\/?s={search_term_string}\"},\"query-input\":{\"@type\":\"PropertyValueSpecification\",\"valueRequired\":true,\"valueName\":\"search_term_string\"}}],\"inLanguage\":\"de\"},{\"@type\":\"Person\",\"@id\":\"https:\/\/www.wetterauer-landbote.de\/#\/schema\/person\/9447e3ac7c660566ad02397024da58de\",\"name\":\"Klaus Nissen\",\"image\":{\"@type\":\"ImageObject\",\"inLanguage\":\"de\",\"@id\":\"https:\/\/www.wetterauer-landbote.de\/#\/schema\/person\/image\/\",\"url\":\"https:\/\/secure.gravatar.com\/avatar\/ffda957c55478b0d5d109569d5d611aafe841ea3bcf7e096eb738f5ecdb66c7c?s=96&d=mm&r=g\",\"contentUrl\":\"https:\/\/secure.gravatar.com\/avatar\/ffda957c55478b0d5d109569d5d611aafe841ea3bcf7e096eb738f5ecdb66c7c?s=96&d=mm&r=g\",\"caption\":\"Klaus Nissen\"},\"sameAs\":[\"http:\/\/wetterauer-landbote.de\"],\"url\":\"https:\/\/www.wetterauer-landbote.de\/?author=3\"}]}<\/script>\n<!-- \/ Yoast SEO plugin. -->","yoast_head_json":{"title":"Verbannt die Killer aus dem Wohnzimmer - Wetterauer-Landbote","description":"Pl\u00e4doyer gegen Gewaltkonsum, Paffen im Winter \u2013 und gegen den ARD\/ZDF-Beitragsservice. Nissens Woche \u2013 die zweite","robots":{"index":"index","follow":"follow","max-snippet":"max-snippet:-1","max-image-preview":"max-image-preview:large","max-video-preview":"max-video-preview:-1"},"canonical":"http:\/\/www.wetterauer-landbote.de\/?p=2021","og_locale":"de_DE","og_type":"article","og_title":"Verbannt die Killer aus dem Wohnzimmer - Wetterauer-Landbote","og_description":"Pl\u00e4doyer gegen Gewaltkonsum, Paffen im Winter \u2013 und gegen den ARD\/ZDF-Beitragsservice. Nissens Woche \u2013 die zweite","og_url":"http:\/\/www.wetterauer-landbote.de\/?p=2021","og_site_name":"Wetterauer-Landbote","article_published_time":"2015-01-10T12:30:33+00:00","og_image":[{"url":"http:\/\/www.wetterauer-landbote.de\/wp-content\/uploads\/2013\/05\/Klaus-300x283.jpg","type":"","width":"","height":""}],"author":"Klaus Nissen","twitter_misc":{"Verfasst von":"Klaus Nissen","Gesch\u00e4tzte Lesezeit":"3\u00a0Minuten"},"schema":{"@context":"https:\/\/schema.org","@graph":[{"@type":"Article","@id":"http:\/\/www.wetterauer-landbote.de\/?p=2021#article","isPartOf":{"@id":"http:\/\/www.wetterauer-landbote.de\/?p=2021"},"author":{"name":"Klaus Nissen","@id":"https:\/\/www.wetterauer-landbote.de\/#\/schema\/person\/9447e3ac7c660566ad02397024da58de"},"headline":"Verbannt die Killer aus dem Wohnzimmer","datePublished":"2015-01-10T12:30:33+00:00","mainEntityOfPage":{"@id":"http:\/\/www.wetterauer-landbote.de\/?p=2021"},"wordCount":704,"commentCount":0,"image":{"@id":"http:\/\/www.wetterauer-landbote.de\/?p=2021#primaryimage"},"thumbnailUrl":"http:\/\/www.wetterauer-landbote.de\/wp-content\/uploads\/2013\/05\/Klaus-300x283.jpg","keywords":["Idioten","Nissens Woche"],"inLanguage":"de","potentialAction":[{"@type":"CommentAction","name":"Comment","target":["http:\/\/www.wetterauer-landbote.de\/?p=2021#respond"]}]},{"@type":"WebPage","@id":"http:\/\/www.wetterauer-landbote.de\/?p=2021","url":"http:\/\/www.wetterauer-landbote.de\/?p=2021","name":"Verbannt die Killer aus dem Wohnzimmer - Wetterauer-Landbote","isPartOf":{"@id":"https:\/\/www.wetterauer-landbote.de\/#website"},"primaryImageOfPage":{"@id":"http:\/\/www.wetterauer-landbote.de\/?p=2021#primaryimage"},"image":{"@id":"http:\/\/www.wetterauer-landbote.de\/?p=2021#primaryimage"},"thumbnailUrl":"http:\/\/www.wetterauer-landbote.de\/wp-content\/uploads\/2013\/05\/Klaus-300x283.jpg","datePublished":"2015-01-10T12:30:33+00:00","author":{"@id":"https:\/\/www.wetterauer-landbote.de\/#\/schema\/person\/9447e3ac7c660566ad02397024da58de"},"description":"Pl\u00e4doyer gegen Gewaltkonsum, Paffen im Winter \u2013 und gegen den ARD\/ZDF-Beitragsservice. Nissens Woche \u2013 die zweite","breadcrumb":{"@id":"http:\/\/www.wetterauer-landbote.de\/?p=2021#breadcrumb"},"inLanguage":"de","potentialAction":[{"@type":"ReadAction","target":["http:\/\/www.wetterauer-landbote.de\/?p=2021"]}]},{"@type":"ImageObject","inLanguage":"de","@id":"http:\/\/www.wetterauer-landbote.de\/?p=2021#primaryimage","url":"https:\/\/i0.wp.com\/www.wetterauer-landbote.de\/wp-content\/uploads\/2013\/05\/Klaus.jpg?fit=3960%2C3744&ssl=1","contentUrl":"https:\/\/i0.wp.com\/www.wetterauer-landbote.de\/wp-content\/uploads\/2013\/05\/Klaus.jpg?fit=3960%2C3744&ssl=1","width":3960,"height":3744},{"@type":"BreadcrumbList","@id":"http:\/\/www.wetterauer-landbote.de\/?p=2021#breadcrumb","itemListElement":[{"@type":"ListItem","position":1,"name":"Home","item":"https:\/\/www.wetterauer-landbote.de\/"},{"@type":"ListItem","position":2,"name":"Verbannt die Killer aus dem Wohnzimmer"}]},{"@type":"WebSite","@id":"https:\/\/www.wetterauer-landbote.de\/#website","url":"https:\/\/www.wetterauer-landbote.de\/","name":"Wetterauer-Landbote","description":"","potentialAction":[{"@type":"SearchAction","target":{"@type":"EntryPoint","urlTemplate":"https:\/\/www.wetterauer-landbote.de\/?s={search_term_string}"},"query-input":{"@type":"PropertyValueSpecification","valueRequired":true,"valueName":"search_term_string"}}],"inLanguage":"de"},{"@type":"Person","@id":"https:\/\/www.wetterauer-landbote.de\/#\/schema\/person\/9447e3ac7c660566ad02397024da58de","name":"Klaus Nissen","image":{"@type":"ImageObject","inLanguage":"de","@id":"https:\/\/www.wetterauer-landbote.de\/#\/schema\/person\/image\/","url":"https:\/\/secure.gravatar.com\/avatar\/ffda957c55478b0d5d109569d5d611aafe841ea3bcf7e096eb738f5ecdb66c7c?s=96&d=mm&r=g","contentUrl":"https:\/\/secure.gravatar.com\/avatar\/ffda957c55478b0d5d109569d5d611aafe841ea3bcf7e096eb738f5ecdb66c7c?s=96&d=mm&r=g","caption":"Klaus Nissen"},"sameAs":["http:\/\/wetterauer-landbote.de"],"url":"https:\/\/www.wetterauer-landbote.de\/?author=3"}]}},"jetpack_featured_media_url":"","jetpack_sharing_enabled":true,"jetpack_likes_enabled":true,"_links":{"self":[{"href":"https:\/\/www.wetterauer-landbote.de\/index.php?rest_route=\/wp\/v2\/posts\/2021","targetHints":{"allow":["GET"]}}],"collection":[{"href":"https:\/\/www.wetterauer-landbote.de\/index.php?rest_route=\/wp\/v2\/posts"}],"about":[{"href":"https:\/\/www.wetterauer-landbote.de\/index.php?rest_route=\/wp\/v2\/types\/post"}],"author":[{"embeddable":true,"href":"https:\/\/www.wetterauer-landbote.de\/index.php?rest_route=\/wp\/v2\/users\/3"}],"replies":[{"embeddable":true,"href":"https:\/\/www.wetterauer-landbote.de\/index.php?rest_route=%2Fwp%2Fv2%2Fcomments&post=2021"}],"version-history":[{"count":1,"href":"https:\/\/www.wetterauer-landbote.de\/index.php?rest_route=\/wp\/v2\/posts\/2021\/revisions"}],"predecessor-version":[{"id":2024,"href":"https:\/\/www.wetterauer-landbote.de\/index.php?rest_route=\/wp\/v2\/posts\/2021\/revisions\/2024"}],"wp:attachment":[{"href":"https:\/\/www.wetterauer-landbote.de\/index.php?rest_route=%2Fwp%2Fv2%2Fmedia&parent=2021"}],"wp:term":[{"taxonomy":"category","embeddable":true,"href":"https:\/\/www.wetterauer-landbote.de\/index.php?rest_route=%2Fwp%2Fv2%2Fcategories&post=2021"},{"taxonomy":"post_tag","embeddable":true,"href":"https:\/\/www.wetterauer-landbote.de\/index.php?rest_route=%2Fwp%2Fv2%2Ftags&post=2021"}],"curies":[{"name":"wp","href":"https:\/\/api.w.org\/{rel}","templated":true}]}}