{"id":1824,"date":"2014-12-08T14:02:52","date_gmt":"2014-12-08T12:02:52","guid":{"rendered":"http:\/\/www.wetterauer-landbote.de\/?p=1824"},"modified":"2014-12-10T20:50:59","modified_gmt":"2014-12-10T18:50:59","slug":"die-freiheit-gesaegt","status":"publish","type":"post","link":"https:\/\/www.wetterauer-landbote.de\/?p=1824","title":{"rendered":"In die Freiheit ges\u00e4gt"},"content":{"rendered":"<h2>Vor 180 Jahren &#8211; Das Bravourst\u00fcck von Babenhausen<strong><a href=\"https:\/\/i0.wp.com\/www.wetterauer-landbote.de\/wp-content\/uploads\/2014\/12\/Schulz.gif\"><img data-recalc-dims=\"1\" loading=\"lazy\" decoding=\"async\" class=\"alignright  wp-image-1826\" src=\"https:\/\/i0.wp.com\/www.wetterauer-landbote.de\/wp-content\/uploads\/2014\/12\/Schulz.gif?resize=149%2C212\" alt=\"Schulz\" width=\"149\" height=\"212\" \/><\/a><\/strong><\/h2>\n<p><strong>Von Ursula W\u00f6ll<\/strong><\/p>\n<p>Der demokratische Oppositionelle Wilhelm Schulz (Bild) fl\u00fcchtete vor 180 Jahren ganz spektakul\u00e4r aus dem Gef\u00e4ngnis im Babenhausener Schloss. Es hatte sich &#8222;ein loch in sein Loch&#8220; gemacht. Ohne seine Frau Caroline w\u00e4re die Flucht nicht m\u00f6glich gewesen.<\/p>\n<p><!--more--><\/p>\n<h3><strong>In die Freiheit ges\u00e4gt<\/strong><\/h3>\n<p>Versetzen Sie sich genau 180 Jahre zur\u00fcck, also in den Dezember 1834. In Babenhausen im Gro\u00dfherzogtum Hessen ist die Vorbereitung eines Gef\u00e4ngnis-Ausbruchs in die entscheidende Phase getreten. Es ist ein Bravourst\u00fcck, das seiner Verfilmung noch harrt. Wilhelm Schulz, ein demokratischer Oppositioneller, war wegen seiner Meinung zu 5 Jahren Festungshaft verurteilt und sa\u00df seit etlichen Monaten im als Gef\u00e4ngnis dienenden Babenhausener Schloss. Ein Jahr Untersuchungshaft in Darmstadt hatte er bereits hinter sich. Schon 1819\/20 war er ein Jahr lang eingelocht gewesen. Das reichte, nun machte er sich &#8222;ein Loch in sein Loch&#8220;. In der Nacht vom 30. auf 31. Dezember 1834 s\u00e4gte er die in vielen vorangegangenen N\u00e4chten geduldig anges\u00e4gten Fenstergitter endg\u00fcltig durch und seilte sich aus dem 3. (!) Stock ab, kletterte \u00fcber die innere Mauer, lief \u00fcber den zugefrorenen Wassergraben, kletterte \u00fcber die Au\u00dfenmauer und brachte sich mit einem achtst\u00fcndigen Fu\u00dfmarsch nach Frankreich in Sicherheit. Ein so ausgefuchstes Unternehmen bedarf logistischer Hilfe von au\u00dfen.<\/p>\n<div id=\"attachment_1829\" style=\"width: 594px\" class=\"wp-caption alignnone\"><a href=\"https:\/\/i0.wp.com\/www.wetterauer-landbote.de\/wp-content\/uploads\/2014\/12\/Babenhausen2.gif\"><img data-recalc-dims=\"1\" loading=\"lazy\" decoding=\"async\" aria-describedby=\"caption-attachment-1829\" class=\"size-large wp-image-1829\" src=\"https:\/\/i0.wp.com\/www.wetterauer-landbote.de\/wp-content\/uploads\/2014\/12\/Babenhausen2.gif?resize=584%2C222\" alt=\"Das Schloss in Babenhausen\" width=\"584\" height=\"222\" srcset=\"https:\/\/i0.wp.com\/www.wetterauer-landbote.de\/wp-content\/uploads\/2014\/12\/Babenhausen2.gif?resize=1024%2C391&amp;ssl=1 1024w, https:\/\/i0.wp.com\/www.wetterauer-landbote.de\/wp-content\/uploads\/2014\/12\/Babenhausen2.gif?resize=300%2C114&amp;ssl=1 300w, https:\/\/i0.wp.com\/www.wetterauer-landbote.de\/wp-content\/uploads\/2014\/12\/Babenhausen2.gif?resize=500%2C191&amp;ssl=1 500w, https:\/\/i0.wp.com\/www.wetterauer-landbote.de\/wp-content\/uploads\/2014\/12\/Babenhausen2.gif?w=1168 1168w, https:\/\/i0.wp.com\/www.wetterauer-landbote.de\/wp-content\/uploads\/2014\/12\/Babenhausen2.gif?w=1752 1752w\" sizes=\"auto, (max-width: 584px) 100vw, 584px\" \/><\/a><p id=\"caption-attachment-1829\" class=\"wp-caption-text\">Das Schloss in Babenhausen<\/p><\/div>\n<p>&#8222;Die Ehen sind selten, in denen die Frau dem Manne die Freiheit nicht nimmt, sondern gibt&#8220;, schreibt Wilhelm sp\u00e4ter in dem ihm eigenen humorvoll-ironischen Stil. Denn ohne Caroline Schulz, geborene Sartorius, w\u00e4re sein k\u00fchner Ausbruch nicht m\u00f6glich gewesen. Und die beiden w\u00e4ren nicht \u00fcber Stra\u00dfburg in Z\u00fcrich gelandet, dem Ziel vieler Emigranten im Vorm\u00e4rz. Dort wohnten sie in der Spiegelgasse, Wand an Wand mit Georg B\u00fcchner auf demselben Flur. Sie holten dessen Braut Minna aus Stra\u00dfburg ans Krankenbett des jungen Dichters und standen ihm bis zu seinem fr\u00fchen Tod im Jahr 1837 bei. Caroline Schulz beschrieb seine letzten Tage in ihrem Tagebuch und schickte Ausz\u00fcge an die Familie B\u00fcchner nach Darmstadt, die dadurch erhalten blieben. Sp\u00e4ter wohnte das Paar in Z\u00fcrich-Hottingen, gegen\u00fcber dem gefl\u00fcchteten Ferdinand Freiligrath und dessen Frau, mit denen es sich befreundete.<\/p>\n<h4><strong>Die unbekannte Caroline<\/strong><\/h4>\n<p>Caroline muss eine bemerkenswerte Frau gewesen sein, mutig, belesen, intellektuell und fr\u00f6hlich. Doch \u00fcber sie ist kaum etwas archiviert. Es existiert offenbar nicht einmal ein Bildnis oder ein Schattenriss von ihr. Wilhelm Schulz schrieb zwar, dass sie sich beide von dem Maler Johann Baptist Kirner portr\u00e4tieren lie\u00dfen. Das d\u00fcrfte um 1830 in M\u00fcnchen gewesen sein, aber wo sind diese Portr\u00e4ts? Caroline starb bereits 1847 mit nur 47 Jahren. So erlebte sie nicht mehr, dass Wilhelm Schulz 1848 als Abgeordneter in die Paulskirche einzog. Nach ihrem Tod war er so hilflos, dass ihm der junge Gottfried Keller ein halbes Jahr den Haushalt f\u00fchrte und er erneut heiratete. Nach seinem Tod 1860 vernichtete die zweite Ehefrau den Nachlass, vielleicht auch die Portr\u00e4ts?<\/p>\n<p>Fest steht, dass Caroline als Tochter des Gymnasiallehrers Sartorius in Darmstadt aufwuchs. Sie kam \u00f6fter in den konspirativen Zirkel, der sich beim B\u00e4cker Wilhelm Kahl traf, um \u00fcber Zensur und allgegenw\u00e4rtige Spitzel zu klagen und \u00fcber Reformen zu debattieren. Sogar mehrmals besuchte auch der uns wohlbekannte Oppositionelle Friedrich Ludwig Weidig aus Butzbach diesen Zirkel in Darmstadt, dem auch Wilhelm angeh\u00f6rte. Wilhelm und Caroline verliebten sich, doch erst nach neunj\u00e4hriger Verlobung heirateten beide am 27. M\u00e4rz 1828. Er war da gerade 31 Jahre alt. Nach dem Ausscheiden aus dem Milit\u00e4r mit 350 Gulden Ruhegehalt versehen, hatte er Jura in Giessen, der einzigen Universit\u00e4t des Gro\u00dfherzogtums, studiert und dann in Erlangen mit einer philosophischen Arbeit promoviert. Sie war bei der Hochzeit mit 28 Jahren bereits ein sp\u00e4tes M\u00e4dchen, nach heutigen Begriffen eine tatkr\u00e4ftigee, gebildete und fr\u00f6hliche Frau.<\/p>\n<h5><strong>Flucht minuti\u00f6s ins Werk gesetzt<\/strong><\/h5>\n<p>Es wurde ein unruhiges Leben durch Berufsverbot und Ausweisung, und nun die Haft des publizistisch t\u00e4tigen Mannes. Besuchen durfte Caroline ihn nicht, ihm aber schreiben. Ein reger Briefverkehr entstand, in dem beide zwischen die harmlosen, vom Zensor lesbaren Zeilen ihre Botschaften mit Tinte aus aufgel\u00f6stem Alaun schrieben, die erst nach Erw\u00e4rmung sichtbar wurden. So wurde die Flucht minuti\u00f6s ins Werk gesetzt. Caroline, die sich zwei St\u00fcbchen in Babenhausen gemietet hatte, wusste, was sie als n\u00e4chstes einschmuggeln sollte und machte selbst Vorschl\u00e4ge. Bis hin zum Kaffeekochen und immer in fr\u00f6hlich-forschem Ton. Doch die Nacht des Abseilens muss sie mehr Nerven als Wilhelm gekostet haben. Der erfuhr mittels Alauntinte, wo Caroline die Sachen versteckt hatte. Feile und S\u00e4gen erreichten ihn in einem Koffer mit doppeltem Boden und im Fu\u00df einer Lampe, die Caroline abgeben durfte, weil der Gemahl so schlecht sah. &#8222;Wir geben unseren Gegnern die Lampe in die Hand und f\u00fchren sie damit hinters Licht&#8220;, so ihr Kommentar. Sie gab auch Teppiche und Pelze ab, schlie\u00dflich war es Winter. Diese dienten Wilhelm als Draperien, um das Ger\u00e4usch seiner n\u00e4chtlichen S\u00e4gearbeit zu d\u00e4mpfen. Am Ende wurde ein ganzes Sofa bewilligt, dessen Unterseite mit 66 Ellen sehr starken Gurten zum Herablassen aus dem 3. Stock pr\u00e4pariert war.<\/p>\n<p>Kurz nach Weihnachten drohte der Plan zu scheitern. Ein Aufseher wollte die Fenstergitter pr\u00fcfen. In h\u00f6chster Not bot ihm Wilhelm ein Glas von seinem Quittenlik\u00f6r an, und der Mann verga\u00df seine Absicht. Wie schon oben verraten, gelang das gef\u00e4hrliche Unternehmen. Wegen der K\u00e4lte war die Wache in der Fluchtnacht in ihrer Stube geblieben. Wilhelm rutschte zwar immer schneller nach unten, doch holte er sich nur blutige H\u00e4nde dabei. Der absichtlich verlorene Brief, der die Verfolger auf eine falsche F\u00e4hrte nach Offenbach lockte, tat seine Wirkung. Und die Babenhausener verdienen ein Extralob: Sie gaben keines ihrer Pferde heraus, so dass sich die Fahndung verz\u00f6gerte. Heute erinnern sie im von Ute und Georg Wittenberger geleiteten Museum an die historische Begebenheit. \u00dcber das Wiedersehen mit seiner Befreierin am 2. Januar 1835 im Elsass schreibt Wilhelm: &#8222;Das war einer jener seltenen Augenblicke, die ein ganzes Leben hindurch nachgl\u00e4nzen.&#8220;<\/p>\n<h6><strong>Nachgedichteter Briefwechsel<\/strong><\/h6>\n<p>Seine sorgf\u00e4ltig vorbereitete Flucht aus der Babenhausener Festung am Jahresende 1834 beschrieb Wilhelm Schulz selbst im &#8222;Briefwechsel eines Staatsgefangenen mit seiner Befreierin&#8220;, allerdings erst gut 11 Jahre sp\u00e4ter. Verlegt wurden die beiden B\u00e4ndchen 1846 bei Bassermann in Mannheim, wo man etwas freier atmen konnte. Doch 1846 lagen dem Verfasser nur noch wenige der vielen Originalbriefe vor, die er mit Caroline w\u00e4hrend seiner Babenhausener Haftmonate wechselte. Will hei\u00dfen, dass Wilhelm Schulz Teile des wirklichen Briefwechsels &#8222;nachdichtete&#8220; und ihn \u00fcberdies mit vielen Erl\u00e4uterungen der historischen und privaten Situation anreicherte. So beschreibt er ausf\u00fchrlich seinen Werdegang oder l\u00e4sst Caroline \u00fcber das Babenhausener Dorfleben berichten. Schlimmer noch: Der Historiker Karl Esselborn vom Geschichts- und Heimatverein Babenhausen hat Wilhelms ausf\u00fchrlichen Text selbst etwas bearbeitet und 1934 (!) in der Reihe &#8222;Beitr\u00e4ge zur Geschichte Babenhausens in Vergangenheit und Gegenwart&#8220; herausgegeben. Titel nun: &#8222;Eines hessischen Demagogen Werdegang, Verurteilung und Flucht aus seiner Babenh\u00e4user Festungshaft&#8220;. Unter diesem Titel ist es in der Giessener Uni-B\u00fccherei unter M 26131-35 ausleihbar.<\/p>\n","protected":false},"excerpt":{"rendered":"<p>Vor 180 Jahren &#8211; Das Bravourst\u00fcck von Babenhausen Von Ursula W\u00f6ll Der demokratische Oppositionelle Wilhelm Schulz (Bild) fl\u00fcchtete vor 180 Jahren ganz spektakul\u00e4r aus dem Gef\u00e4ngnis im Babenhausener Schloss. Es hatte sich &#8222;ein loch in sein Loch&#8220; gemacht. Ohne seine &hellip; <a href=\"https:\/\/www.wetterauer-landbote.de\/?p=1824\">Weiterlesen <span class=\"meta-nav\">&rarr;<\/span><\/a><\/p>\n","protected":false},"author":1,"featured_media":0,"comment_status":"open","ping_status":"open","sticky":false,"template":"","format":"standard","meta":{"_jetpack_memberships_contains_paid_content":false,"footnotes":""},"categories":[1],"tags":[],"class_list":["post-1824","post","type-post","status-publish","format-standard","hentry","category-allgemein"],"yoast_head":"<!-- This site is optimized with the Yoast SEO plugin v27.0 - https:\/\/yoast.com\/product\/yoast-seo-wordpress\/ -->\n<title>In die Freiheit ges\u00e4gt - Wetterauer-Landbote<\/title>\n<meta name=\"description\" content=\"Der demokratische Oppositionelle Wilhelm Schulz hat sich vor 180 Jahren spektakul\u00e4r aus dem Gef\u00e4ngnis im Babenhausener Schloss in die Freiheit ges\u00e4gt\" \/>\n<meta name=\"robots\" content=\"index, follow, max-snippet:-1, max-image-preview:large, max-video-preview:-1\" \/>\n<link rel=\"canonical\" href=\"https:\/\/www.wetterauer-landbote.de\/?p=1824\" \/>\n<meta property=\"og:locale\" content=\"de_DE\" \/>\n<meta property=\"og:type\" content=\"article\" \/>\n<meta property=\"og:title\" content=\"In die Freiheit ges\u00e4gt - Wetterauer-Landbote\" \/>\n<meta property=\"og:description\" content=\"Der demokratische Oppositionelle Wilhelm Schulz hat sich vor 180 Jahren spektakul\u00e4r aus dem Gef\u00e4ngnis im Babenhausener Schloss in die Freiheit ges\u00e4gt\" \/>\n<meta property=\"og:url\" content=\"https:\/\/www.wetterauer-landbote.de\/?p=1824\" \/>\n<meta property=\"og:site_name\" content=\"Wetterauer-Landbote\" \/>\n<meta property=\"article:published_time\" content=\"2014-12-08T12:02:52+00:00\" \/>\n<meta property=\"article:modified_time\" content=\"2014-12-10T18:50:59+00:00\" \/>\n<meta property=\"og:image\" content=\"http:\/\/www.wetterauer-landbote.de\/wp-content\/uploads\/2014\/12\/Schulz.gif\" \/>\n<meta name=\"author\" content=\"harpo\" \/>\n<meta name=\"twitter:label1\" content=\"Verfasst von\" \/>\n\t<meta name=\"twitter:data1\" content=\"harpo\" \/>\n\t<meta name=\"twitter:label2\" content=\"Gesch\u00e4tzte Lesezeit\" \/>\n\t<meta name=\"twitter:data2\" content=\"6\u00a0Minuten\" \/>\n<script type=\"application\/ld+json\" class=\"yoast-schema-graph\">{\"@context\":\"https:\/\/schema.org\",\"@graph\":[{\"@type\":\"Article\",\"@id\":\"https:\/\/www.wetterauer-landbote.de\/?p=1824#article\",\"isPartOf\":{\"@id\":\"https:\/\/www.wetterauer-landbote.de\/?p=1824\"},\"author\":{\"name\":\"harpo\",\"@id\":\"http:\/\/www.wetterauer-landbote.de\/#\/schema\/person\/fa7509b189bc402f223dd5337ab92ed0\"},\"headline\":\"In die Freiheit ges\u00e4gt\",\"datePublished\":\"2014-12-08T12:02:52+00:00\",\"dateModified\":\"2014-12-10T18:50:59+00:00\",\"mainEntityOfPage\":{\"@id\":\"https:\/\/www.wetterauer-landbote.de\/?p=1824\"},\"wordCount\":1194,\"commentCount\":1,\"image\":{\"@id\":\"https:\/\/www.wetterauer-landbote.de\/?p=1824#primaryimage\"},\"thumbnailUrl\":\"http:\/\/www.wetterauer-landbote.de\/wp-content\/uploads\/2014\/12\/Schulz.gif\",\"inLanguage\":\"de\",\"potentialAction\":[{\"@type\":\"CommentAction\",\"name\":\"Comment\",\"target\":[\"https:\/\/www.wetterauer-landbote.de\/?p=1824#respond\"]}]},{\"@type\":\"WebPage\",\"@id\":\"https:\/\/www.wetterauer-landbote.de\/?p=1824\",\"url\":\"https:\/\/www.wetterauer-landbote.de\/?p=1824\",\"name\":\"In die Freiheit ges\u00e4gt - Wetterauer-Landbote\",\"isPartOf\":{\"@id\":\"http:\/\/www.wetterauer-landbote.de\/#website\"},\"primaryImageOfPage\":{\"@id\":\"https:\/\/www.wetterauer-landbote.de\/?p=1824#primaryimage\"},\"image\":{\"@id\":\"https:\/\/www.wetterauer-landbote.de\/?p=1824#primaryimage\"},\"thumbnailUrl\":\"http:\/\/www.wetterauer-landbote.de\/wp-content\/uploads\/2014\/12\/Schulz.gif\",\"datePublished\":\"2014-12-08T12:02:52+00:00\",\"dateModified\":\"2014-12-10T18:50:59+00:00\",\"author\":{\"@id\":\"http:\/\/www.wetterauer-landbote.de\/#\/schema\/person\/fa7509b189bc402f223dd5337ab92ed0\"},\"description\":\"Der demokratische Oppositionelle Wilhelm Schulz hat sich vor 180 Jahren spektakul\u00e4r aus dem Gef\u00e4ngnis im Babenhausener Schloss in die Freiheit ges\u00e4gt\",\"breadcrumb\":{\"@id\":\"https:\/\/www.wetterauer-landbote.de\/?p=1824#breadcrumb\"},\"inLanguage\":\"de\",\"potentialAction\":[{\"@type\":\"ReadAction\",\"target\":[\"https:\/\/www.wetterauer-landbote.de\/?p=1824\"]}]},{\"@type\":\"ImageObject\",\"inLanguage\":\"de\",\"@id\":\"https:\/\/www.wetterauer-landbote.de\/?p=1824#primaryimage\",\"url\":\"https:\/\/i0.wp.com\/www.wetterauer-landbote.de\/wp-content\/uploads\/2014\/12\/Schulz.gif?fit=521%2C751&ssl=1\",\"contentUrl\":\"https:\/\/i0.wp.com\/www.wetterauer-landbote.de\/wp-content\/uploads\/2014\/12\/Schulz.gif?fit=521%2C751&ssl=1\",\"width\":521,\"height\":751},{\"@type\":\"BreadcrumbList\",\"@id\":\"https:\/\/www.wetterauer-landbote.de\/?p=1824#breadcrumb\",\"itemListElement\":[{\"@type\":\"ListItem\",\"position\":1,\"name\":\"Home\",\"item\":\"http:\/\/www.wetterauer-landbote.de\/\"},{\"@type\":\"ListItem\",\"position\":2,\"name\":\"In die Freiheit ges\u00e4gt\"}]},{\"@type\":\"WebSite\",\"@id\":\"http:\/\/www.wetterauer-landbote.de\/#website\",\"url\":\"http:\/\/www.wetterauer-landbote.de\/\",\"name\":\"Wetterauer-Landbote\",\"description\":\"\",\"potentialAction\":[{\"@type\":\"SearchAction\",\"target\":{\"@type\":\"EntryPoint\",\"urlTemplate\":\"http:\/\/www.wetterauer-landbote.de\/?s={search_term_string}\"},\"query-input\":{\"@type\":\"PropertyValueSpecification\",\"valueRequired\":true,\"valueName\":\"search_term_string\"}}],\"inLanguage\":\"de\"},{\"@type\":\"Person\",\"@id\":\"http:\/\/www.wetterauer-landbote.de\/#\/schema\/person\/fa7509b189bc402f223dd5337ab92ed0\",\"name\":\"harpo\",\"image\":{\"@type\":\"ImageObject\",\"inLanguage\":\"de\",\"@id\":\"http:\/\/www.wetterauer-landbote.de\/#\/schema\/person\/image\/\",\"url\":\"https:\/\/secure.gravatar.com\/avatar\/198bcecc77c146e5ea8d4540d99560b4b486a090b927ff654b2c125224d88117?s=96&d=mm&r=g\",\"contentUrl\":\"https:\/\/secure.gravatar.com\/avatar\/198bcecc77c146e5ea8d4540d99560b4b486a090b927ff654b2c125224d88117?s=96&d=mm&r=g\",\"caption\":\"harpo\"},\"url\":\"https:\/\/www.wetterauer-landbote.de\/?author=1\"}]}<\/script>\n<!-- \/ Yoast SEO plugin. -->","yoast_head_json":{"title":"In die Freiheit ges\u00e4gt - Wetterauer-Landbote","description":"Der demokratische Oppositionelle Wilhelm Schulz hat sich vor 180 Jahren spektakul\u00e4r aus dem Gef\u00e4ngnis im Babenhausener Schloss in die Freiheit ges\u00e4gt","robots":{"index":"index","follow":"follow","max-snippet":"max-snippet:-1","max-image-preview":"max-image-preview:large","max-video-preview":"max-video-preview:-1"},"canonical":"https:\/\/www.wetterauer-landbote.de\/?p=1824","og_locale":"de_DE","og_type":"article","og_title":"In die Freiheit ges\u00e4gt - Wetterauer-Landbote","og_description":"Der demokratische Oppositionelle Wilhelm Schulz hat sich vor 180 Jahren spektakul\u00e4r aus dem Gef\u00e4ngnis im Babenhausener Schloss in die Freiheit ges\u00e4gt","og_url":"https:\/\/www.wetterauer-landbote.de\/?p=1824","og_site_name":"Wetterauer-Landbote","article_published_time":"2014-12-08T12:02:52+00:00","article_modified_time":"2014-12-10T18:50:59+00:00","og_image":[{"url":"http:\/\/www.wetterauer-landbote.de\/wp-content\/uploads\/2014\/12\/Schulz.gif","type":"","width":"","height":""}],"author":"harpo","twitter_misc":{"Verfasst von":"harpo","Gesch\u00e4tzte Lesezeit":"6\u00a0Minuten"},"schema":{"@context":"https:\/\/schema.org","@graph":[{"@type":"Article","@id":"https:\/\/www.wetterauer-landbote.de\/?p=1824#article","isPartOf":{"@id":"https:\/\/www.wetterauer-landbote.de\/?p=1824"},"author":{"name":"harpo","@id":"http:\/\/www.wetterauer-landbote.de\/#\/schema\/person\/fa7509b189bc402f223dd5337ab92ed0"},"headline":"In die Freiheit ges\u00e4gt","datePublished":"2014-12-08T12:02:52+00:00","dateModified":"2014-12-10T18:50:59+00:00","mainEntityOfPage":{"@id":"https:\/\/www.wetterauer-landbote.de\/?p=1824"},"wordCount":1194,"commentCount":1,"image":{"@id":"https:\/\/www.wetterauer-landbote.de\/?p=1824#primaryimage"},"thumbnailUrl":"http:\/\/www.wetterauer-landbote.de\/wp-content\/uploads\/2014\/12\/Schulz.gif","inLanguage":"de","potentialAction":[{"@type":"CommentAction","name":"Comment","target":["https:\/\/www.wetterauer-landbote.de\/?p=1824#respond"]}]},{"@type":"WebPage","@id":"https:\/\/www.wetterauer-landbote.de\/?p=1824","url":"https:\/\/www.wetterauer-landbote.de\/?p=1824","name":"In die Freiheit ges\u00e4gt - Wetterauer-Landbote","isPartOf":{"@id":"http:\/\/www.wetterauer-landbote.de\/#website"},"primaryImageOfPage":{"@id":"https:\/\/www.wetterauer-landbote.de\/?p=1824#primaryimage"},"image":{"@id":"https:\/\/www.wetterauer-landbote.de\/?p=1824#primaryimage"},"thumbnailUrl":"http:\/\/www.wetterauer-landbote.de\/wp-content\/uploads\/2014\/12\/Schulz.gif","datePublished":"2014-12-08T12:02:52+00:00","dateModified":"2014-12-10T18:50:59+00:00","author":{"@id":"http:\/\/www.wetterauer-landbote.de\/#\/schema\/person\/fa7509b189bc402f223dd5337ab92ed0"},"description":"Der demokratische Oppositionelle Wilhelm Schulz hat sich vor 180 Jahren spektakul\u00e4r aus dem Gef\u00e4ngnis im Babenhausener Schloss in die Freiheit ges\u00e4gt","breadcrumb":{"@id":"https:\/\/www.wetterauer-landbote.de\/?p=1824#breadcrumb"},"inLanguage":"de","potentialAction":[{"@type":"ReadAction","target":["https:\/\/www.wetterauer-landbote.de\/?p=1824"]}]},{"@type":"ImageObject","inLanguage":"de","@id":"https:\/\/www.wetterauer-landbote.de\/?p=1824#primaryimage","url":"https:\/\/i0.wp.com\/www.wetterauer-landbote.de\/wp-content\/uploads\/2014\/12\/Schulz.gif?fit=521%2C751&ssl=1","contentUrl":"https:\/\/i0.wp.com\/www.wetterauer-landbote.de\/wp-content\/uploads\/2014\/12\/Schulz.gif?fit=521%2C751&ssl=1","width":521,"height":751},{"@type":"BreadcrumbList","@id":"https:\/\/www.wetterauer-landbote.de\/?p=1824#breadcrumb","itemListElement":[{"@type":"ListItem","position":1,"name":"Home","item":"http:\/\/www.wetterauer-landbote.de\/"},{"@type":"ListItem","position":2,"name":"In die Freiheit ges\u00e4gt"}]},{"@type":"WebSite","@id":"http:\/\/www.wetterauer-landbote.de\/#website","url":"http:\/\/www.wetterauer-landbote.de\/","name":"Wetterauer-Landbote","description":"","potentialAction":[{"@type":"SearchAction","target":{"@type":"EntryPoint","urlTemplate":"http:\/\/www.wetterauer-landbote.de\/?s={search_term_string}"},"query-input":{"@type":"PropertyValueSpecification","valueRequired":true,"valueName":"search_term_string"}}],"inLanguage":"de"},{"@type":"Person","@id":"http:\/\/www.wetterauer-landbote.de\/#\/schema\/person\/fa7509b189bc402f223dd5337ab92ed0","name":"harpo","image":{"@type":"ImageObject","inLanguage":"de","@id":"http:\/\/www.wetterauer-landbote.de\/#\/schema\/person\/image\/","url":"https:\/\/secure.gravatar.com\/avatar\/198bcecc77c146e5ea8d4540d99560b4b486a090b927ff654b2c125224d88117?s=96&d=mm&r=g","contentUrl":"https:\/\/secure.gravatar.com\/avatar\/198bcecc77c146e5ea8d4540d99560b4b486a090b927ff654b2c125224d88117?s=96&d=mm&r=g","caption":"harpo"},"url":"https:\/\/www.wetterauer-landbote.de\/?author=1"}]}},"jetpack_featured_media_url":"","jetpack_sharing_enabled":true,"jetpack_likes_enabled":true,"_links":{"self":[{"href":"https:\/\/www.wetterauer-landbote.de\/index.php?rest_route=\/wp\/v2\/posts\/1824","targetHints":{"allow":["GET"]}}],"collection":[{"href":"https:\/\/www.wetterauer-landbote.de\/index.php?rest_route=\/wp\/v2\/posts"}],"about":[{"href":"https:\/\/www.wetterauer-landbote.de\/index.php?rest_route=\/wp\/v2\/types\/post"}],"author":[{"embeddable":true,"href":"https:\/\/www.wetterauer-landbote.de\/index.php?rest_route=\/wp\/v2\/users\/1"}],"replies":[{"embeddable":true,"href":"https:\/\/www.wetterauer-landbote.de\/index.php?rest_route=%2Fwp%2Fv2%2Fcomments&post=1824"}],"version-history":[{"count":4,"href":"https:\/\/www.wetterauer-landbote.de\/index.php?rest_route=\/wp\/v2\/posts\/1824\/revisions"}],"predecessor-version":[{"id":1831,"href":"https:\/\/www.wetterauer-landbote.de\/index.php?rest_route=\/wp\/v2\/posts\/1824\/revisions\/1831"}],"wp:attachment":[{"href":"https:\/\/www.wetterauer-landbote.de\/index.php?rest_route=%2Fwp%2Fv2%2Fmedia&parent=1824"}],"wp:term":[{"taxonomy":"category","embeddable":true,"href":"https:\/\/www.wetterauer-landbote.de\/index.php?rest_route=%2Fwp%2Fv2%2Fcategories&post=1824"},{"taxonomy":"post_tag","embeddable":true,"href":"https:\/\/www.wetterauer-landbote.de\/index.php?rest_route=%2Fwp%2Fv2%2Ftags&post=1824"}],"curies":[{"name":"wp","href":"https:\/\/api.w.org\/{rel}","templated":true}]}}