{"id":1650,"date":"2014-11-11T17:34:38","date_gmt":"2014-11-11T15:34:38","guid":{"rendered":"http:\/\/www.wetterauer-landbote.de\/?p=1650"},"modified":"2014-11-11T19:45:29","modified_gmt":"2014-11-11T17:45:29","slug":"klage-wegen-ttip","status":"publish","type":"post","link":"https:\/\/www.wetterauer-landbote.de\/?p=1650","title":{"rendered":"Klage wegen TTIP"},"content":{"rendered":"<h2>B\u00fcrgerinitiative zulassen<\/h2>\n<p><strong>Von Anton J. Seib<\/strong><a href=\"https:\/\/i0.wp.com\/www.wetterauer-landbote.de\/wp-content\/uploads\/2014\/11\/Blogbeitrag_Joseph_Stiglitz_1200x630.jpg\"><img data-recalc-dims=\"1\" loading=\"lazy\" decoding=\"async\" class=\"alignright wp-image-1652 \" src=\"https:\/\/i0.wp.com\/www.wetterauer-landbote.de\/wp-content\/uploads\/2014\/11\/Blogbeitrag_Joseph_Stiglitz_1200x630.jpg?resize=324%2C175\" alt=\"Blogbeitrag_Joseph_Stiglitz_1200x630\" width=\"324\" height=\"175\" \/><\/a><\/p>\n<p>Gegner des EU-US-Freihandelsabkommens TTIP haben Klage beim h\u00f6chsten EU-Gericht eingelegt. Das B\u00fcndnis \u00abStop TTIP\u00bb wendet sich gegen eine Entscheidung der EU-Kommission, wonach eine sogenannte Europ\u00e4ische B\u00fcrgerinitiative gegen TTIP nicht zugelassen wird. Das meldet die Nachrichtenagentur dpa.<\/p>\n<p><!--more--><\/p>\n<h3><strong>Klage wegen TTIP<\/strong><\/h3>\n<h4>Mit einer Europ\u00e4ischen B\u00fcrgerinitiative k\u00f6nnen Europ\u00e4er Themen auf die Tagesordnung der EU-Kommission setzen. Sie ben\u00f6tigen daf\u00fcr eine Million Unterschriften &#8211; Gesetze oder Verordnungen k\u00f6nnen sie allerdings nicht erzwingen. Die Kommission hatte die Anti-TTIP-Initiative im September mit der Begr\u00fcndung zur\u00fcckgewiesen, deren Ziele gingen \u00fcber das hinaus, was im Rahmen einer solchen B\u00fcrgerinitiative erreicht werden k\u00f6nne. Unabh\u00e4ngig von der Klage hatdie Initiative inzwischen europaweit rund 650 000 Unterschriften gesammelt.<br \/>\n<b><br \/>\n<\/b><strong>Zahlentricksereien<\/strong><\/h4>\n<p>\u201eDie Zustimmung\u00a0in Deutschland zum Freihandelsabkommen TTIP sinkt: W\u00e4hrend noch im Februar dieses Jahres die Unterst\u00fctzung in der Bev\u00f6lkerung bei 55 Prozent lag, sieht mittlerweile nicht einmal mehr die H\u00e4lfte aller Deutschen das geplante Abkommen zwischen der EU und den USA positiv. Jeder Vierte fordert sogar einen Stopp der Verhandlungen.\u201c<br \/>\n(Foodwatch, 1. November 2014)<\/p>\n<p>\u201eHandelsabkommen TTIP in Deutschland \u00fcberraschend beliebt. W\u00e4hrend sich die Gegner des\u00a0TTIP-Abkommens mit den\u00a0USA\u00a0mit langen Unterschriftenlisten br\u00fcsten, scheinen viele B\u00fcrger auch klar die Vorz\u00fcge zu sehen. Eine Umfrage zeigt eine erstaunlich hohe Zustimmung zu TTIP. Schon bald k\u00f6nnte es auf der anderen Seite des Atlantiks aber einen R\u00fcckschlag f\u00fcr das Abkommen geben.\u201c<br \/>\n(dpa\/t-online.de 31. 10. 2014)<\/p>\n<p>\u201eW\u00e4hrend sich die Gegner des\u00a0TTIP-Abkommens mit den\u00a0USA\u00a0mit langen Unterschriftenlisten br\u00fcsten, scheinen viele B\u00fcrger auch klar die Vorz\u00fcge zu sehen. Eine Umfrage zeigt eine erstaunlich hohe Zustimmung zu TTIP. Schon bald k\u00f6nnte es auf der anderen Seite des Atlantiks aber einen R\u00fcckschlag f\u00fcr das Abkommen geben.&#8220; (spiegel online, 31. 10. 2014)<\/p>\n<p>Ja, so ist das mit den Medien. Man kann sich die Wahrheit auch zurecht biegen. Nat\u00fcrlich sinkt die Zustimmung zu TTIP. Foodwatch hat recht und kann das mit Zahlen belegen. In den b\u00fcrgerlichen Medien, die anscheinend eine Phobie in Sachen B\u00fcrgerbewegungen wie Attac, Campact, Foodwatch usw. haben, werden auch Zahlen genannt, aber die Zusammenh\u00e4nge verk\u00fcrzt. Spiegel online behauptet, die B\u00fcrger s\u00e4hen die Vorz\u00fcge des Freihandelsabkommens, weil 48 Prozent der Deutschen es f\u00fcr eine gute Sache hielten. Wie bitte? Es fehlen zwei Prozent zur H\u00e4lfte und der Jubel-Schreiber jazzen das Abkommen hoch?<\/p>\n<p>F\u00fcr die Jubel-Schreiber der Deutschen Presseagentur (dpa) ist das Handelsabkommen \u201e\u00fcberraschend beliebt\u201c. Auch sie st\u00fctzen sich auf Zahlen, die etwas anderes aussagen.<br \/>\nWas sagt uns das: immer genau hinsehen, wenn die b\u00fcrgerlichen Medien etwas verbreiten. Auch mal im Netz die Meinung anderer einholen. Das ist ja heute nicht\u00a0so schwierig.<\/p>\n<h5><strong>Verfassungsrechtler: Freihandelsabkommen versto\u00dfen gegen Grundgesetz<\/strong><b> <\/b><\/h5>\n<p>Die beiden geplanten\u00a0Freihandelsabkommen\u00a0TTIP\u00a0und Ceta k\u00f6nnten am deutschen Grundgesetz scheitern. Zu diesem Ergebnis kommt der\u00a0V\u00f6lkerrechtler Andreas Fischer-Lescano\u00a0in einem Beitrag f\u00fcr die Wochenzeitung DIE ZEIT. &#8222;Es ist absehbar, dass zahlreiche Regelungen, die die Abkommen vorsehen, gegen das Grundgesetz und das Unionsrecht versto\u00dfen werden&#8220;, schreibt der Jurist. Vor allem die umstrittenen Schiedsgerichte seien nicht mit deutschen Gesetzen vereinbar.<br \/>\n(Quelle: <a href=\"http:\/\/www.zeit.de\/wirtschaft\/2014-10\/ttip-ceta-freihandelsabkommen-schiedsgerichte\" target=\"_blank\">http:\/\/www.zeit.de\/wirtschaft\/2014-10\/ttip-ceta-freihandelsabkommen-schiedsgerichte<\/a>)<\/p>\n<h6><strong>Nobelpreistr\u00e4ger redet Klartext<\/strong><\/h6>\n<p>\u201eKonzerne versuchen durch geheim verhandelte Handelsabkommen zu bekommen, was sie im offenen politischen Prozess nicht erreichen.\u201c<br \/>\nDas sagt kein altkommunistisch verblendeter Alt-Linker und antiamerikanischer Aktivist, sondern der amerikanische \u00d6konom und Wirtschafts-Nobelpreistr\u00e4ger Joseph Stiglitz.<\/p>\n<h6><b>Und noch eine kritische Stimme <\/b><\/h6>\n<p>\u201eDer Investor-Staat-Streitbeilegungsmechanismus (ISDS-Mechanismus) ist in dem geplanten TTIP-Abkommen zwischen der Europ\u00e4ischen Union und den USA \u00fcberfl\u00fcssig und strikt abzulehnen. Die geplanten Regelungen benachteiligen die mittelst\u00e4ndische Wirtschaft, hebeln die Rechtsstaatlichkeit aus und gehen so zu Lasten der Mitgliedsstaaten der EU.\u201c<br \/>\nWer sagt das? Sarah Wagenknecht, das Schreckgespenst der deutschen Kapitalisten? Nein. Das ist die Position des \u201eBundesverbandes mittelst\u00e4ndische Wirtschaft\u201c.<br \/>\n(<a href=\"http:\/\/www.wetterauer-landbote.de\/wp-content\/uploads\/2014\/11\/Positionspapier_TTIP.pdf\" target=\"_blank\">Positionspapier\u00a0BVMW zu\u00a0TTIP<\/a>)<\/p>\n<h6><strong>Wie Deutschland den Investorenschutz ungehen k\u00f6nnte<\/strong><b> <\/b><\/h6>\n<p>Der wissenschaftliche Dienst des Bundestags hat einen Weg gefunden, wie Deutschland den bei vielen Kritikern und inzwischen auch bei der Bundes-SPD umstrittenen Investorenschutz samt Schiedsgerichten umgehen k\u00f6nnte. \u201e&#8217;Nach internationalem Recht k\u00f6nnte die Bundesregierung einen Vorbehalt einlegen &#8211; und so &#8222;die Geltung einzelner Vertragsbestimmungen f\u00fcr sich ausschlie\u00dfen&#8216;, hei\u00dft es im Gutachten (\u2026). Grunds\u00e4tzlich sei das bei Ceta und TTIP\u00a0m\u00f6glich\u201c, hei\u00dft es in s\u00fcddeutsche.de Den vollst\u00e4ndigen Artikel finden Sie hier: (<a href=\"http:\/\/www.sueddeutsche.de\/wirtschaft\/freihandelsabkommen-ceta-und-ttip-wie-deutschland-den-investorenschutz-umgehen-koennte-1.2211891\" target=\"_blank\">http:\/\/www.sueddeutsche.de\/wirtschaft\/freihandelsabkommen-ceta-und-ttip-wie-deutschland-den-investorenschutz-umgehen-koennte-1.2211891<\/a>)<\/p>\n","protected":false},"excerpt":{"rendered":"<p>B\u00fcrgerinitiative zulassen Von Anton J. Seib Gegner des EU-US-Freihandelsabkommens TTIP haben Klage beim h\u00f6chsten EU-Gericht eingelegt. Das B\u00fcndnis \u00abStop TTIP\u00bb wendet sich gegen eine Entscheidung der EU-Kommission, wonach eine sogenannte Europ\u00e4ische B\u00fcrgerinitiative gegen TTIP nicht zugelassen wird. Das meldet die &hellip; <a href=\"https:\/\/www.wetterauer-landbote.de\/?p=1650\">Weiterlesen <span class=\"meta-nav\">&rarr;<\/span><\/a><\/p>\n","protected":false},"author":2,"featured_media":0,"comment_status":"open","ping_status":"open","sticky":false,"template":"","format":"standard","meta":{"_jetpack_memberships_contains_paid_content":false,"footnotes":""},"categories":[1],"tags":[],"class_list":["post-1650","post","type-post","status-publish","format-standard","hentry","category-allgemein"],"yoast_head":"<!-- This site is optimized with the Yoast SEO plugin v27.0 - https:\/\/yoast.com\/product\/yoast-seo-wordpress\/ -->\n<title>Klage wegen TTIP - Wetterauer-Landbote<\/title>\n<meta name=\"description\" content=\"Das B\u00fcndnis \u00abStop TTIP\u00bb klagt gegen die EU-Kommission, weil die die Europ\u00e4ische B\u00fcrgerinitiative gegen TTIP nicht zuassen will. Klage wegen TTIP\" \/>\n<meta name=\"robots\" content=\"index, follow, max-snippet:-1, max-image-preview:large, max-video-preview:-1\" \/>\n<link rel=\"canonical\" href=\"https:\/\/www.wetterauer-landbote.de\/?p=1650\" \/>\n<meta property=\"og:locale\" content=\"de_DE\" \/>\n<meta property=\"og:type\" content=\"article\" \/>\n<meta property=\"og:title\" content=\"Klage wegen TTIP - Wetterauer-Landbote\" \/>\n<meta property=\"og:description\" content=\"Das B\u00fcndnis \u00abStop TTIP\u00bb klagt gegen die EU-Kommission, weil die die Europ\u00e4ische B\u00fcrgerinitiative gegen TTIP nicht zuassen will. Klage wegen TTIP\" \/>\n<meta property=\"og:url\" content=\"https:\/\/www.wetterauer-landbote.de\/?p=1650\" \/>\n<meta property=\"og:site_name\" content=\"Wetterauer-Landbote\" \/>\n<meta property=\"article:published_time\" content=\"2014-11-11T15:34:38+00:00\" \/>\n<meta property=\"article:modified_time\" content=\"2014-11-11T17:45:29+00:00\" \/>\n<meta property=\"og:image\" content=\"http:\/\/www.wetterauer-landbote.de\/wp-content\/uploads\/2014\/11\/Blogbeitrag_Joseph_Stiglitz_1200x630-1024x537.jpg\" \/>\n<meta name=\"author\" content=\"Anton Seib\" \/>\n<meta name=\"twitter:label1\" content=\"Verfasst von\" \/>\n\t<meta name=\"twitter:data1\" content=\"Anton Seib\" \/>\n\t<meta name=\"twitter:label2\" content=\"Gesch\u00e4tzte Lesezeit\" \/>\n\t<meta name=\"twitter:data2\" content=\"4\u00a0Minuten\" \/>\n<script type=\"application\/ld+json\" class=\"yoast-schema-graph\">{\"@context\":\"https:\/\/schema.org\",\"@graph\":[{\"@type\":\"Article\",\"@id\":\"https:\/\/www.wetterauer-landbote.de\/?p=1650#article\",\"isPartOf\":{\"@id\":\"https:\/\/www.wetterauer-landbote.de\/?p=1650\"},\"author\":{\"name\":\"Anton Seib\",\"@id\":\"http:\/\/www.wetterauer-landbote.de\/#\/schema\/person\/0c9c6c6881b05366b8f69c67ccfd2a58\"},\"headline\":\"Klage wegen TTIP\",\"datePublished\":\"2014-11-11T15:34:38+00:00\",\"dateModified\":\"2014-11-11T17:45:29+00:00\",\"mainEntityOfPage\":{\"@id\":\"https:\/\/www.wetterauer-landbote.de\/?p=1650\"},\"wordCount\":739,\"commentCount\":0,\"image\":{\"@id\":\"https:\/\/www.wetterauer-landbote.de\/?p=1650#primaryimage\"},\"thumbnailUrl\":\"http:\/\/www.wetterauer-landbote.de\/wp-content\/uploads\/2014\/11\/Blogbeitrag_Joseph_Stiglitz_1200x630-1024x537.jpg\",\"inLanguage\":\"de\",\"potentialAction\":[{\"@type\":\"CommentAction\",\"name\":\"Comment\",\"target\":[\"https:\/\/www.wetterauer-landbote.de\/?p=1650#respond\"]}]},{\"@type\":\"WebPage\",\"@id\":\"https:\/\/www.wetterauer-landbote.de\/?p=1650\",\"url\":\"https:\/\/www.wetterauer-landbote.de\/?p=1650\",\"name\":\"Klage wegen TTIP - Wetterauer-Landbote\",\"isPartOf\":{\"@id\":\"http:\/\/www.wetterauer-landbote.de\/#website\"},\"primaryImageOfPage\":{\"@id\":\"https:\/\/www.wetterauer-landbote.de\/?p=1650#primaryimage\"},\"image\":{\"@id\":\"https:\/\/www.wetterauer-landbote.de\/?p=1650#primaryimage\"},\"thumbnailUrl\":\"http:\/\/www.wetterauer-landbote.de\/wp-content\/uploads\/2014\/11\/Blogbeitrag_Joseph_Stiglitz_1200x630-1024x537.jpg\",\"datePublished\":\"2014-11-11T15:34:38+00:00\",\"dateModified\":\"2014-11-11T17:45:29+00:00\",\"author\":{\"@id\":\"http:\/\/www.wetterauer-landbote.de\/#\/schema\/person\/0c9c6c6881b05366b8f69c67ccfd2a58\"},\"description\":\"Das B\u00fcndnis \u00abStop TTIP\u00bb klagt gegen die EU-Kommission, weil die die Europ\u00e4ische B\u00fcrgerinitiative gegen TTIP nicht zuassen will. Klage wegen TTIP\",\"breadcrumb\":{\"@id\":\"https:\/\/www.wetterauer-landbote.de\/?p=1650#breadcrumb\"},\"inLanguage\":\"de\",\"potentialAction\":[{\"@type\":\"ReadAction\",\"target\":[\"https:\/\/www.wetterauer-landbote.de\/?p=1650\"]}]},{\"@type\":\"ImageObject\",\"inLanguage\":\"de\",\"@id\":\"https:\/\/www.wetterauer-landbote.de\/?p=1650#primaryimage\",\"url\":\"https:\/\/i0.wp.com\/www.wetterauer-landbote.de\/wp-content\/uploads\/2014\/11\/Blogbeitrag_Joseph_Stiglitz_1200x630.jpg?fit=1200%2C630&ssl=1\",\"contentUrl\":\"https:\/\/i0.wp.com\/www.wetterauer-landbote.de\/wp-content\/uploads\/2014\/11\/Blogbeitrag_Joseph_Stiglitz_1200x630.jpg?fit=1200%2C630&ssl=1\",\"width\":1200,\"height\":630},{\"@type\":\"BreadcrumbList\",\"@id\":\"https:\/\/www.wetterauer-landbote.de\/?p=1650#breadcrumb\",\"itemListElement\":[{\"@type\":\"ListItem\",\"position\":1,\"name\":\"Home\",\"item\":\"http:\/\/www.wetterauer-landbote.de\/\"},{\"@type\":\"ListItem\",\"position\":2,\"name\":\"Klage wegen TTIP\"}]},{\"@type\":\"WebSite\",\"@id\":\"http:\/\/www.wetterauer-landbote.de\/#website\",\"url\":\"http:\/\/www.wetterauer-landbote.de\/\",\"name\":\"Wetterauer-Landbote\",\"description\":\"\",\"potentialAction\":[{\"@type\":\"SearchAction\",\"target\":{\"@type\":\"EntryPoint\",\"urlTemplate\":\"http:\/\/www.wetterauer-landbote.de\/?s={search_term_string}\"},\"query-input\":{\"@type\":\"PropertyValueSpecification\",\"valueRequired\":true,\"valueName\":\"search_term_string\"}}],\"inLanguage\":\"de\"},{\"@type\":\"Person\",\"@id\":\"http:\/\/www.wetterauer-landbote.de\/#\/schema\/person\/0c9c6c6881b05366b8f69c67ccfd2a58\",\"name\":\"Anton Seib\",\"image\":{\"@type\":\"ImageObject\",\"inLanguage\":\"de\",\"@id\":\"http:\/\/www.wetterauer-landbote.de\/#\/schema\/person\/image\/\",\"url\":\"https:\/\/secure.gravatar.com\/avatar\/babb7666d3166b2dd2b08fe0663fe6dcf21f9031b7aee223500b599dcd379886?s=96&d=mm&r=g\",\"contentUrl\":\"https:\/\/secure.gravatar.com\/avatar\/babb7666d3166b2dd2b08fe0663fe6dcf21f9031b7aee223500b599dcd379886?s=96&d=mm&r=g\",\"caption\":\"Anton Seib\"},\"sameAs\":[\"http:\/\/wetterauer-landbote.de\"],\"url\":\"https:\/\/www.wetterauer-landbote.de\/?author=2\"}]}<\/script>\n<!-- \/ Yoast SEO plugin. -->","yoast_head_json":{"title":"Klage wegen TTIP - Wetterauer-Landbote","description":"Das B\u00fcndnis \u00abStop TTIP\u00bb klagt gegen die EU-Kommission, weil die die Europ\u00e4ische B\u00fcrgerinitiative gegen TTIP nicht zuassen will. Klage wegen TTIP","robots":{"index":"index","follow":"follow","max-snippet":"max-snippet:-1","max-image-preview":"max-image-preview:large","max-video-preview":"max-video-preview:-1"},"canonical":"https:\/\/www.wetterauer-landbote.de\/?p=1650","og_locale":"de_DE","og_type":"article","og_title":"Klage wegen TTIP - Wetterauer-Landbote","og_description":"Das B\u00fcndnis \u00abStop TTIP\u00bb klagt gegen die EU-Kommission, weil die die Europ\u00e4ische B\u00fcrgerinitiative gegen TTIP nicht zuassen will. Klage wegen TTIP","og_url":"https:\/\/www.wetterauer-landbote.de\/?p=1650","og_site_name":"Wetterauer-Landbote","article_published_time":"2014-11-11T15:34:38+00:00","article_modified_time":"2014-11-11T17:45:29+00:00","og_image":[{"url":"http:\/\/www.wetterauer-landbote.de\/wp-content\/uploads\/2014\/11\/Blogbeitrag_Joseph_Stiglitz_1200x630-1024x537.jpg","type":"","width":"","height":""}],"author":"Anton Seib","twitter_misc":{"Verfasst von":"Anton Seib","Gesch\u00e4tzte Lesezeit":"4\u00a0Minuten"},"schema":{"@context":"https:\/\/schema.org","@graph":[{"@type":"Article","@id":"https:\/\/www.wetterauer-landbote.de\/?p=1650#article","isPartOf":{"@id":"https:\/\/www.wetterauer-landbote.de\/?p=1650"},"author":{"name":"Anton Seib","@id":"http:\/\/www.wetterauer-landbote.de\/#\/schema\/person\/0c9c6c6881b05366b8f69c67ccfd2a58"},"headline":"Klage wegen TTIP","datePublished":"2014-11-11T15:34:38+00:00","dateModified":"2014-11-11T17:45:29+00:00","mainEntityOfPage":{"@id":"https:\/\/www.wetterauer-landbote.de\/?p=1650"},"wordCount":739,"commentCount":0,"image":{"@id":"https:\/\/www.wetterauer-landbote.de\/?p=1650#primaryimage"},"thumbnailUrl":"http:\/\/www.wetterauer-landbote.de\/wp-content\/uploads\/2014\/11\/Blogbeitrag_Joseph_Stiglitz_1200x630-1024x537.jpg","inLanguage":"de","potentialAction":[{"@type":"CommentAction","name":"Comment","target":["https:\/\/www.wetterauer-landbote.de\/?p=1650#respond"]}]},{"@type":"WebPage","@id":"https:\/\/www.wetterauer-landbote.de\/?p=1650","url":"https:\/\/www.wetterauer-landbote.de\/?p=1650","name":"Klage wegen TTIP - Wetterauer-Landbote","isPartOf":{"@id":"http:\/\/www.wetterauer-landbote.de\/#website"},"primaryImageOfPage":{"@id":"https:\/\/www.wetterauer-landbote.de\/?p=1650#primaryimage"},"image":{"@id":"https:\/\/www.wetterauer-landbote.de\/?p=1650#primaryimage"},"thumbnailUrl":"http:\/\/www.wetterauer-landbote.de\/wp-content\/uploads\/2014\/11\/Blogbeitrag_Joseph_Stiglitz_1200x630-1024x537.jpg","datePublished":"2014-11-11T15:34:38+00:00","dateModified":"2014-11-11T17:45:29+00:00","author":{"@id":"http:\/\/www.wetterauer-landbote.de\/#\/schema\/person\/0c9c6c6881b05366b8f69c67ccfd2a58"},"description":"Das B\u00fcndnis \u00abStop TTIP\u00bb klagt gegen die EU-Kommission, weil die die Europ\u00e4ische B\u00fcrgerinitiative gegen TTIP nicht zuassen will. Klage wegen TTIP","breadcrumb":{"@id":"https:\/\/www.wetterauer-landbote.de\/?p=1650#breadcrumb"},"inLanguage":"de","potentialAction":[{"@type":"ReadAction","target":["https:\/\/www.wetterauer-landbote.de\/?p=1650"]}]},{"@type":"ImageObject","inLanguage":"de","@id":"https:\/\/www.wetterauer-landbote.de\/?p=1650#primaryimage","url":"https:\/\/i0.wp.com\/www.wetterauer-landbote.de\/wp-content\/uploads\/2014\/11\/Blogbeitrag_Joseph_Stiglitz_1200x630.jpg?fit=1200%2C630&ssl=1","contentUrl":"https:\/\/i0.wp.com\/www.wetterauer-landbote.de\/wp-content\/uploads\/2014\/11\/Blogbeitrag_Joseph_Stiglitz_1200x630.jpg?fit=1200%2C630&ssl=1","width":1200,"height":630},{"@type":"BreadcrumbList","@id":"https:\/\/www.wetterauer-landbote.de\/?p=1650#breadcrumb","itemListElement":[{"@type":"ListItem","position":1,"name":"Home","item":"http:\/\/www.wetterauer-landbote.de\/"},{"@type":"ListItem","position":2,"name":"Klage wegen TTIP"}]},{"@type":"WebSite","@id":"http:\/\/www.wetterauer-landbote.de\/#website","url":"http:\/\/www.wetterauer-landbote.de\/","name":"Wetterauer-Landbote","description":"","potentialAction":[{"@type":"SearchAction","target":{"@type":"EntryPoint","urlTemplate":"http:\/\/www.wetterauer-landbote.de\/?s={search_term_string}"},"query-input":{"@type":"PropertyValueSpecification","valueRequired":true,"valueName":"search_term_string"}}],"inLanguage":"de"},{"@type":"Person","@id":"http:\/\/www.wetterauer-landbote.de\/#\/schema\/person\/0c9c6c6881b05366b8f69c67ccfd2a58","name":"Anton Seib","image":{"@type":"ImageObject","inLanguage":"de","@id":"http:\/\/www.wetterauer-landbote.de\/#\/schema\/person\/image\/","url":"https:\/\/secure.gravatar.com\/avatar\/babb7666d3166b2dd2b08fe0663fe6dcf21f9031b7aee223500b599dcd379886?s=96&d=mm&r=g","contentUrl":"https:\/\/secure.gravatar.com\/avatar\/babb7666d3166b2dd2b08fe0663fe6dcf21f9031b7aee223500b599dcd379886?s=96&d=mm&r=g","caption":"Anton Seib"},"sameAs":["http:\/\/wetterauer-landbote.de"],"url":"https:\/\/www.wetterauer-landbote.de\/?author=2"}]}},"jetpack_featured_media_url":"","jetpack_sharing_enabled":true,"jetpack_likes_enabled":true,"_links":{"self":[{"href":"https:\/\/www.wetterauer-landbote.de\/index.php?rest_route=\/wp\/v2\/posts\/1650","targetHints":{"allow":["GET"]}}],"collection":[{"href":"https:\/\/www.wetterauer-landbote.de\/index.php?rest_route=\/wp\/v2\/posts"}],"about":[{"href":"https:\/\/www.wetterauer-landbote.de\/index.php?rest_route=\/wp\/v2\/types\/post"}],"author":[{"embeddable":true,"href":"https:\/\/www.wetterauer-landbote.de\/index.php?rest_route=\/wp\/v2\/users\/2"}],"replies":[{"embeddable":true,"href":"https:\/\/www.wetterauer-landbote.de\/index.php?rest_route=%2Fwp%2Fv2%2Fcomments&post=1650"}],"version-history":[{"count":6,"href":"https:\/\/www.wetterauer-landbote.de\/index.php?rest_route=\/wp\/v2\/posts\/1650\/revisions"}],"predecessor-version":[{"id":1659,"href":"https:\/\/www.wetterauer-landbote.de\/index.php?rest_route=\/wp\/v2\/posts\/1650\/revisions\/1659"}],"wp:attachment":[{"href":"https:\/\/www.wetterauer-landbote.de\/index.php?rest_route=%2Fwp%2Fv2%2Fmedia&parent=1650"}],"wp:term":[{"taxonomy":"category","embeddable":true,"href":"https:\/\/www.wetterauer-landbote.de\/index.php?rest_route=%2Fwp%2Fv2%2Fcategories&post=1650"},{"taxonomy":"post_tag","embeddable":true,"href":"https:\/\/www.wetterauer-landbote.de\/index.php?rest_route=%2Fwp%2Fv2%2Ftags&post=1650"}],"curies":[{"name":"wp","href":"https:\/\/api.w.org\/{rel}","templated":true}]}}