{"id":1558,"date":"2014-10-22T19:43:30","date_gmt":"2014-10-22T17:43:30","guid":{"rendered":"http:\/\/www.wetterauer-landbote.de\/?p=1558"},"modified":"2014-11-11T21:26:27","modified_gmt":"2014-11-11T19:26:27","slug":"ausgezeichnete-antifaschisten","status":"publish","type":"post","link":"https:\/\/www.wetterauer-landbote.de\/?p=1558","title":{"rendered":"Ausgezeichnete Antifaschisten"},"content":{"rendered":"<h2>Antifaschistische Bildungsinitiative erh\u00e4lt Wetterauer Sozialpreis<a href=\"https:\/\/i0.wp.com\/www.wetterauer-landbote.de\/wp-content\/uploads\/2014\/02\/antifa-bi.jpg\"><img data-recalc-dims=\"1\" loading=\"lazy\" decoding=\"async\" class=\"alignright size-full wp-image-707\" src=\"https:\/\/i0.wp.com\/www.wetterauer-landbote.de\/wp-content\/uploads\/2014\/02\/antifa-bi.jpg?resize=132%2C127\" alt=\"antifa-bi\" width=\"132\" height=\"127\" \/><\/a><\/h2>\n<p>F\u00fcr ihr beispielhaftes ehrenamtliches soziales Engagement erh\u00e4lt die \u201eAntifaschistische Bildungsinitiative\u201c (Antifa-BI) den Sozialpreis des Wetteraukreises. Der Preis ist mit 2000 Euro dotiert.<\/p>\n<p><!--more--><\/p>\n<h3><strong>Ausgezeichnete Antifaschisten<\/strong><\/h3>\n<p>\u201eDie Preistr\u00e4ger setzen sich seit vielen Jahren f\u00fcr eine offene Gesellschaft ohne Diskriminierung ein und treten rechtsextremen Tendenzen und Fremdenhass entschlossen entgegen&#8220;, begr\u00fcndet Erster Kreisbeigeordneter Helmut Betschel-Pfl\u00fcgel\u00a0 (Gr\u00fcne) die Entscheidung der Jury. Die Antifa-BI zeige, dass Aufkl\u00e4rung und Bildung die besten Mittel seien, um rechtes Gedankengut aktiv zu bek\u00e4mpfen.<\/p>\n<p>Der Preis wird der Antifa-BI am Montag, 24. November 2014, verliehen. Die Laudatio h\u00e4lt Dr. Benno Hafeneger. Er ist Professor f\u00fcr Erziehungswissenschaften mit dem Schwerpunkt &#8222;Jugendforschung und Jugendbildung&#8220; an der Philipps-Universit\u00e4t Marburg. Er ist ein Experte f\u00fcr Jugend und Rechtsextremismus.<\/p>\n<p>Der Wetterauer Landbote hat die Antifa-BI bereits am 4. Juni 2014 ausf\u00fchrlich vorgestellt.<a href=\"http:\/\/www.wetterauer-landbote.de\/?p=1018\" target=\"_blank\"> http:\/\/www.wetterauer-landbote.de\/?p=1018<\/a><\/p>\n","protected":false},"excerpt":{"rendered":"<p>Antifaschistische Bildungsinitiative erh\u00e4lt Wetterauer Sozialpreis F\u00fcr ihr beispielhaftes ehrenamtliches soziales Engagement erh\u00e4lt die \u201eAntifaschistische Bildungsinitiative\u201c (Antifa-BI) den Sozialpreis des Wetteraukreises. Der Preis ist mit 2000 Euro dotiert.<\/p>\n","protected":false},"author":1,"featured_media":0,"comment_status":"open","ping_status":"open","sticky":false,"template":"","format":"standard","meta":{"_jetpack_memberships_contains_paid_content":false,"footnotes":""},"categories":[1],"tags":[],"class_list":["post-1558","post","type-post","status-publish","format-standard","hentry","category-allgemein"],"yoast_head":"<!-- This site is optimized with the Yoast SEO plugin v27.0 - https:\/\/yoast.com\/product\/yoast-seo-wordpress\/ -->\n<title>Ausgezeichnete Antifaschisten - Wetterauer-Landbote<\/title>\n<meta name=\"description\" content=\"Die Antifaschistische Bildungsinitiative (Antifa-BI) erh\u00e4lt den mit 2000 Euro dotierten Sozialpreis des Wetteraukreises. Ausgezeichnete Antifaschisten\" \/>\n<meta name=\"robots\" content=\"index, follow, max-snippet:-1, max-image-preview:large, max-video-preview:-1\" \/>\n<link rel=\"canonical\" href=\"http:\/\/www.wetterauer-landbote.de\/?p=1558\" \/>\n<meta property=\"og:locale\" content=\"de_DE\" \/>\n<meta property=\"og:type\" content=\"article\" \/>\n<meta property=\"og:title\" content=\"Ausgezeichnete Antifaschisten - Wetterauer-Landbote\" \/>\n<meta property=\"og:description\" content=\"Die Antifaschistische Bildungsinitiative (Antifa-BI) erh\u00e4lt den mit 2000 Euro dotierten Sozialpreis des Wetteraukreises. Ausgezeichnete Antifaschisten\" \/>\n<meta property=\"og:url\" content=\"http:\/\/www.wetterauer-landbote.de\/?p=1558\" \/>\n<meta property=\"og:site_name\" content=\"Wetterauer-Landbote\" \/>\n<meta property=\"article:published_time\" content=\"2014-10-22T17:43:30+00:00\" \/>\n<meta property=\"article:modified_time\" content=\"2014-11-11T19:26:27+00:00\" \/>\n<meta property=\"og:image\" content=\"http:\/\/www.wetterauer-landbote.de\/wp-content\/uploads\/2014\/02\/antifa-bi.jpg\" \/>\n<meta name=\"author\" content=\"harpo\" \/>\n<meta name=\"twitter:label1\" content=\"Verfasst von\" \/>\n\t<meta name=\"twitter:data1\" content=\"harpo\" \/>\n\t<meta name=\"twitter:label2\" content=\"Gesch\u00e4tzte Lesezeit\" \/>\n\t<meta name=\"twitter:data2\" content=\"1\u00a0Minute\" \/>\n<script type=\"application\/ld+json\" class=\"yoast-schema-graph\">{\"@context\":\"https:\/\/schema.org\",\"@graph\":[{\"@type\":\"Article\",\"@id\":\"http:\/\/www.wetterauer-landbote.de\/?p=1558#article\",\"isPartOf\":{\"@id\":\"http:\/\/www.wetterauer-landbote.de\/?p=1558\"},\"author\":{\"name\":\"harpo\",\"@id\":\"http:\/\/www.wetterauer-landbote.de\/#\/schema\/person\/fa7509b189bc402f223dd5337ab92ed0\"},\"headline\":\"Ausgezeichnete Antifaschisten\",\"datePublished\":\"2014-10-22T17:43:30+00:00\",\"dateModified\":\"2014-11-11T19:26:27+00:00\",\"mainEntityOfPage\":{\"@id\":\"http:\/\/www.wetterauer-landbote.de\/?p=1558\"},\"wordCount\":148,\"commentCount\":0,\"image\":{\"@id\":\"http:\/\/www.wetterauer-landbote.de\/?p=1558#primaryimage\"},\"thumbnailUrl\":\"http:\/\/www.wetterauer-landbote.de\/wp-content\/uploads\/2014\/02\/antifa-bi.jpg\",\"inLanguage\":\"de\",\"potentialAction\":[{\"@type\":\"CommentAction\",\"name\":\"Comment\",\"target\":[\"http:\/\/www.wetterauer-landbote.de\/?p=1558#respond\"]}]},{\"@type\":\"WebPage\",\"@id\":\"http:\/\/www.wetterauer-landbote.de\/?p=1558\",\"url\":\"http:\/\/www.wetterauer-landbote.de\/?p=1558\",\"name\":\"Ausgezeichnete Antifaschisten - Wetterauer-Landbote\",\"isPartOf\":{\"@id\":\"http:\/\/www.wetterauer-landbote.de\/#website\"},\"primaryImageOfPage\":{\"@id\":\"http:\/\/www.wetterauer-landbote.de\/?p=1558#primaryimage\"},\"image\":{\"@id\":\"http:\/\/www.wetterauer-landbote.de\/?p=1558#primaryimage\"},\"thumbnailUrl\":\"http:\/\/www.wetterauer-landbote.de\/wp-content\/uploads\/2014\/02\/antifa-bi.jpg\",\"datePublished\":\"2014-10-22T17:43:30+00:00\",\"dateModified\":\"2014-11-11T19:26:27+00:00\",\"author\":{\"@id\":\"http:\/\/www.wetterauer-landbote.de\/#\/schema\/person\/fa7509b189bc402f223dd5337ab92ed0\"},\"description\":\"Die Antifaschistische Bildungsinitiative (Antifa-BI) erh\u00e4lt den mit 2000 Euro dotierten Sozialpreis des Wetteraukreises. Ausgezeichnete Antifaschisten\",\"breadcrumb\":{\"@id\":\"http:\/\/www.wetterauer-landbote.de\/?p=1558#breadcrumb\"},\"inLanguage\":\"de\",\"potentialAction\":[{\"@type\":\"ReadAction\",\"target\":[\"http:\/\/www.wetterauer-landbote.de\/?p=1558\"]}]},{\"@type\":\"ImageObject\",\"inLanguage\":\"de\",\"@id\":\"http:\/\/www.wetterauer-landbote.de\/?p=1558#primaryimage\",\"url\":\"https:\/\/i0.wp.com\/www.wetterauer-landbote.de\/wp-content\/uploads\/2014\/02\/antifa-bi.jpg?fit=132%2C127&ssl=1\",\"contentUrl\":\"https:\/\/i0.wp.com\/www.wetterauer-landbote.de\/wp-content\/uploads\/2014\/02\/antifa-bi.jpg?fit=132%2C127&ssl=1\",\"width\":132,\"height\":127},{\"@type\":\"BreadcrumbList\",\"@id\":\"http:\/\/www.wetterauer-landbote.de\/?p=1558#breadcrumb\",\"itemListElement\":[{\"@type\":\"ListItem\",\"position\":1,\"name\":\"Home\",\"item\":\"http:\/\/www.wetterauer-landbote.de\/\"},{\"@type\":\"ListItem\",\"position\":2,\"name\":\"Ausgezeichnete Antifaschisten\"}]},{\"@type\":\"WebSite\",\"@id\":\"http:\/\/www.wetterauer-landbote.de\/#website\",\"url\":\"http:\/\/www.wetterauer-landbote.de\/\",\"name\":\"Wetterauer-Landbote\",\"description\":\"\",\"potentialAction\":[{\"@type\":\"SearchAction\",\"target\":{\"@type\":\"EntryPoint\",\"urlTemplate\":\"http:\/\/www.wetterauer-landbote.de\/?s={search_term_string}\"},\"query-input\":{\"@type\":\"PropertyValueSpecification\",\"valueRequired\":true,\"valueName\":\"search_term_string\"}}],\"inLanguage\":\"de\"},{\"@type\":\"Person\",\"@id\":\"http:\/\/www.wetterauer-landbote.de\/#\/schema\/person\/fa7509b189bc402f223dd5337ab92ed0\",\"name\":\"harpo\",\"image\":{\"@type\":\"ImageObject\",\"inLanguage\":\"de\",\"@id\":\"http:\/\/www.wetterauer-landbote.de\/#\/schema\/person\/image\/\",\"url\":\"https:\/\/secure.gravatar.com\/avatar\/198bcecc77c146e5ea8d4540d99560b4b486a090b927ff654b2c125224d88117?s=96&d=mm&r=g\",\"contentUrl\":\"https:\/\/secure.gravatar.com\/avatar\/198bcecc77c146e5ea8d4540d99560b4b486a090b927ff654b2c125224d88117?s=96&d=mm&r=g\",\"caption\":\"harpo\"},\"url\":\"https:\/\/www.wetterauer-landbote.de\/?author=1\"}]}<\/script>\n<!-- \/ Yoast SEO plugin. -->","yoast_head_json":{"title":"Ausgezeichnete Antifaschisten - Wetterauer-Landbote","description":"Die Antifaschistische Bildungsinitiative (Antifa-BI) erh\u00e4lt den mit 2000 Euro dotierten Sozialpreis des Wetteraukreises. Ausgezeichnete Antifaschisten","robots":{"index":"index","follow":"follow","max-snippet":"max-snippet:-1","max-image-preview":"max-image-preview:large","max-video-preview":"max-video-preview:-1"},"canonical":"http:\/\/www.wetterauer-landbote.de\/?p=1558","og_locale":"de_DE","og_type":"article","og_title":"Ausgezeichnete Antifaschisten - Wetterauer-Landbote","og_description":"Die Antifaschistische Bildungsinitiative (Antifa-BI) erh\u00e4lt den mit 2000 Euro dotierten Sozialpreis des Wetteraukreises. Ausgezeichnete Antifaschisten","og_url":"http:\/\/www.wetterauer-landbote.de\/?p=1558","og_site_name":"Wetterauer-Landbote","article_published_time":"2014-10-22T17:43:30+00:00","article_modified_time":"2014-11-11T19:26:27+00:00","og_image":[{"url":"http:\/\/www.wetterauer-landbote.de\/wp-content\/uploads\/2014\/02\/antifa-bi.jpg","type":"","width":"","height":""}],"author":"harpo","twitter_misc":{"Verfasst von":"harpo","Gesch\u00e4tzte Lesezeit":"1\u00a0Minute"},"schema":{"@context":"https:\/\/schema.org","@graph":[{"@type":"Article","@id":"http:\/\/www.wetterauer-landbote.de\/?p=1558#article","isPartOf":{"@id":"http:\/\/www.wetterauer-landbote.de\/?p=1558"},"author":{"name":"harpo","@id":"http:\/\/www.wetterauer-landbote.de\/#\/schema\/person\/fa7509b189bc402f223dd5337ab92ed0"},"headline":"Ausgezeichnete Antifaschisten","datePublished":"2014-10-22T17:43:30+00:00","dateModified":"2014-11-11T19:26:27+00:00","mainEntityOfPage":{"@id":"http:\/\/www.wetterauer-landbote.de\/?p=1558"},"wordCount":148,"commentCount":0,"image":{"@id":"http:\/\/www.wetterauer-landbote.de\/?p=1558#primaryimage"},"thumbnailUrl":"http:\/\/www.wetterauer-landbote.de\/wp-content\/uploads\/2014\/02\/antifa-bi.jpg","inLanguage":"de","potentialAction":[{"@type":"CommentAction","name":"Comment","target":["http:\/\/www.wetterauer-landbote.de\/?p=1558#respond"]}]},{"@type":"WebPage","@id":"http:\/\/www.wetterauer-landbote.de\/?p=1558","url":"http:\/\/www.wetterauer-landbote.de\/?p=1558","name":"Ausgezeichnete Antifaschisten - Wetterauer-Landbote","isPartOf":{"@id":"http:\/\/www.wetterauer-landbote.de\/#website"},"primaryImageOfPage":{"@id":"http:\/\/www.wetterauer-landbote.de\/?p=1558#primaryimage"},"image":{"@id":"http:\/\/www.wetterauer-landbote.de\/?p=1558#primaryimage"},"thumbnailUrl":"http:\/\/www.wetterauer-landbote.de\/wp-content\/uploads\/2014\/02\/antifa-bi.jpg","datePublished":"2014-10-22T17:43:30+00:00","dateModified":"2014-11-11T19:26:27+00:00","author":{"@id":"http:\/\/www.wetterauer-landbote.de\/#\/schema\/person\/fa7509b189bc402f223dd5337ab92ed0"},"description":"Die Antifaschistische Bildungsinitiative (Antifa-BI) erh\u00e4lt den mit 2000 Euro dotierten Sozialpreis des Wetteraukreises. Ausgezeichnete Antifaschisten","breadcrumb":{"@id":"http:\/\/www.wetterauer-landbote.de\/?p=1558#breadcrumb"},"inLanguage":"de","potentialAction":[{"@type":"ReadAction","target":["http:\/\/www.wetterauer-landbote.de\/?p=1558"]}]},{"@type":"ImageObject","inLanguage":"de","@id":"http:\/\/www.wetterauer-landbote.de\/?p=1558#primaryimage","url":"https:\/\/i0.wp.com\/www.wetterauer-landbote.de\/wp-content\/uploads\/2014\/02\/antifa-bi.jpg?fit=132%2C127&ssl=1","contentUrl":"https:\/\/i0.wp.com\/www.wetterauer-landbote.de\/wp-content\/uploads\/2014\/02\/antifa-bi.jpg?fit=132%2C127&ssl=1","width":132,"height":127},{"@type":"BreadcrumbList","@id":"http:\/\/www.wetterauer-landbote.de\/?p=1558#breadcrumb","itemListElement":[{"@type":"ListItem","position":1,"name":"Home","item":"http:\/\/www.wetterauer-landbote.de\/"},{"@type":"ListItem","position":2,"name":"Ausgezeichnete Antifaschisten"}]},{"@type":"WebSite","@id":"http:\/\/www.wetterauer-landbote.de\/#website","url":"http:\/\/www.wetterauer-landbote.de\/","name":"Wetterauer-Landbote","description":"","potentialAction":[{"@type":"SearchAction","target":{"@type":"EntryPoint","urlTemplate":"http:\/\/www.wetterauer-landbote.de\/?s={search_term_string}"},"query-input":{"@type":"PropertyValueSpecification","valueRequired":true,"valueName":"search_term_string"}}],"inLanguage":"de"},{"@type":"Person","@id":"http:\/\/www.wetterauer-landbote.de\/#\/schema\/person\/fa7509b189bc402f223dd5337ab92ed0","name":"harpo","image":{"@type":"ImageObject","inLanguage":"de","@id":"http:\/\/www.wetterauer-landbote.de\/#\/schema\/person\/image\/","url":"https:\/\/secure.gravatar.com\/avatar\/198bcecc77c146e5ea8d4540d99560b4b486a090b927ff654b2c125224d88117?s=96&d=mm&r=g","contentUrl":"https:\/\/secure.gravatar.com\/avatar\/198bcecc77c146e5ea8d4540d99560b4b486a090b927ff654b2c125224d88117?s=96&d=mm&r=g","caption":"harpo"},"url":"https:\/\/www.wetterauer-landbote.de\/?author=1"}]}},"jetpack_featured_media_url":"","jetpack_sharing_enabled":true,"jetpack_likes_enabled":true,"_links":{"self":[{"href":"https:\/\/www.wetterauer-landbote.de\/index.php?rest_route=\/wp\/v2\/posts\/1558","targetHints":{"allow":["GET"]}}],"collection":[{"href":"https:\/\/www.wetterauer-landbote.de\/index.php?rest_route=\/wp\/v2\/posts"}],"about":[{"href":"https:\/\/www.wetterauer-landbote.de\/index.php?rest_route=\/wp\/v2\/types\/post"}],"author":[{"embeddable":true,"href":"https:\/\/www.wetterauer-landbote.de\/index.php?rest_route=\/wp\/v2\/users\/1"}],"replies":[{"embeddable":true,"href":"https:\/\/www.wetterauer-landbote.de\/index.php?rest_route=%2Fwp%2Fv2%2Fcomments&post=1558"}],"version-history":[{"count":6,"href":"https:\/\/www.wetterauer-landbote.de\/index.php?rest_route=\/wp\/v2\/posts\/1558\/revisions"}],"predecessor-version":[{"id":1660,"href":"https:\/\/www.wetterauer-landbote.de\/index.php?rest_route=\/wp\/v2\/posts\/1558\/revisions\/1660"}],"wp:attachment":[{"href":"https:\/\/www.wetterauer-landbote.de\/index.php?rest_route=%2Fwp%2Fv2%2Fmedia&parent=1558"}],"wp:term":[{"taxonomy":"category","embeddable":true,"href":"https:\/\/www.wetterauer-landbote.de\/index.php?rest_route=%2Fwp%2Fv2%2Fcategories&post=1558"},{"taxonomy":"post_tag","embeddable":true,"href":"https:\/\/www.wetterauer-landbote.de\/index.php?rest_route=%2Fwp%2Fv2%2Ftags&post=1558"}],"curies":[{"name":"wp","href":"https:\/\/api.w.org\/{rel}","templated":true}]}}