{"id":1462,"date":"2014-10-10T11:44:47","date_gmt":"2014-10-10T09:44:47","guid":{"rendered":"http:\/\/www.wetterauer-landbote.de\/?p=1462"},"modified":"2014-10-10T11:45:28","modified_gmt":"2014-10-10T09:45:28","slug":"bilder-im-bild","status":"publish","type":"post","link":"https:\/\/www.wetterauer-landbote.de\/?p=1462","title":{"rendered":"Bilder im Bild"},"content":{"rendered":"<h2>B\u00e4rbel Thomas stellt in der Phantastischen Bibliothek Wetzlar aus<\/h2>\n<p><strong>Von J\u00f6rg-Peter Schmidt<a href=\"https:\/\/i0.wp.com\/www.wetterauer-landbote.de\/wp-content\/uploads\/2014\/10\/eule.gif\"><img data-recalc-dims=\"1\" loading=\"lazy\" decoding=\"async\" class=\"alignright wp-image-1463\" src=\"https:\/\/i0.wp.com\/www.wetterauer-landbote.de\/wp-content\/uploads\/2014\/10\/eule.gif?resize=102%2C178\" alt=\"eule\" width=\"102\" height=\"178\" \/><\/a><\/strong><\/p>\n<p>In den Bildern der gelernten Glas- und Porzellanmalerin B\u00e4rbel Thomas sind andere Bilder zu endtdecken. Im Federkleid einer Eule verbirgt sich beispielsweise ein Wolf. In der Phantastischen Bibliothek in Wetzlar sind ihre Werke noch bis ztum 20. November 2014 zu sehen.<\/p>\n<p><!--more--><\/p>\n<h3><strong>Bilder im Bild<\/strong><\/h3>\n<p>Sicherlich ist jeder K\u00fcnstler aufgeregt vor seiner ersten Vernissage. Das ging B\u00e4rbel Thomas aus Sinn jetzt nicht anders: Wie w\u00fcrden ihre Malereien und Zeichnungen bei den \u00fcber 100 G\u00e4sten aufgenommen werden, die zur Er\u00f6ffnung ihrer Ausstellung in die Phantastische Bibliothek nach Wetzlar gekommen waren? Um es vorwegzunehmen:\u00a0\u00a0 Die Bilder der gelernten Glas- und Porzellanmalerin stie\u00dfen sofort auf Begeisterung.<\/p>\n<p>Schon vor Beginn der Vernissage, die durch den syrischen Kanunspieler Youssef Nassif aus Braunfels musikalisch umrahmt wurde, hatten sich viele der Kunstfreunde im Foyer der Bibliothek neugierig erste Eindr\u00fccke von den Bildern verschafft. Sie begaben sich dabei auf eine Entdeckungsreise in geheimnisvolle Traumwelten: In den jeweiligen Motiven der Exponate sind auf den zweiten oder dritten Blick weitere Bilder versteckt.<\/p>\n<p>B\u00e4rbel Thomas l\u00e4dt also zum k\u00fcnstlerischen Spiel ein \u2013\u00ad nach dem Motto \u201eIch sehe, was Du nicht siehst\u201c. Eines der Bilder zeigt eine Eule. \u201eAha, in dem Federkleid des Nachtvogels sind W\u00f6lfe verborgen\u201c, stellte w\u00e4hrend der\u00a0 Vernissage fasziniert ein Kunstfreund fest, der von einem anderen Betrachter gefragt wurde: \u201eSiehst du denn nicht die vielen geheimnisvollen Gesichter am Rande des Bildes?\u201c\u00a0 Aber auch die anderen Gem\u00e4lde oder Zeichnungen, die beispielsweise B\u00e4ume, Schlangen oder andere Tiere zeigen, tragen so manche R\u00e4tsel in sich.<\/p>\n<div id=\"attachment_1464\" style=\"width: 1007px\" class=\"wp-caption alignright\"><a href=\"https:\/\/i0.wp.com\/www.wetterauer-landbote.de\/wp-content\/uploads\/2014\/10\/eule1.gif\"><img data-recalc-dims=\"1\" loading=\"lazy\" decoding=\"async\" aria-describedby=\"caption-attachment-1464\" class=\"wp-image-1464 size-full\" src=\"https:\/\/i0.wp.com\/www.wetterauer-landbote.de\/wp-content\/uploads\/2014\/10\/eule1.gif?resize=584%2C501\" alt=\"eule1\" width=\"584\" height=\"501\" \/><\/a><p id=\"caption-attachment-1464\" class=\"wp-caption-text\">B\u00e4rbel Thomas mit ihrer Eule in deren Federkleid sich ein Wolf verbirgt. (Foto: J\u00f6rg-Peter Schmidt)<\/p><\/div>\n<p>\u00dcbrigens fand bei den Besuchern Anklang, dass die Ausstellungser\u00f6ffnung so abwechslungsreich gestaltet\u00a0 war. So untermalten Zitate aus B\u00fcchern wie\u00a0 J. K. Rowlings \u201eHarry Potter\u201c oder \u201eDer Schrecksenmeister\u201c von Walter Moers, die jeweils aus der Runde des Publikums\u00a0 vorgetragen wurden, die k\u00fcnstlerische Aussage von B\u00e4rbel Thomas, dass verschiedene Menschen aus ihren jeweiligen Blickwinkeln Dinge anders sehen und bewerten.<\/p>\n<p>Darauf ging die K\u00fcnstlerin in ihrer mit viel Applaus bedachten Rede auch ein. Sie forderte die G\u00e4ste auf: \u201eErlaubt euch eigene Sicht und Gef\u00fchle und stellt ruhigen Gewissens Fragen. Denn manchmal kann es uns helfen, zu sehen, was andere sehen.\u201c \u00a0Die Vernissage wurde abgerundet durch den Kanunspieler Youssef Nassif, der \u00a0mit seinem\u00a0 Instrument (einer Art \u201eZither\u201c) die Zuh\u00f6rer verzauberte.<\/p>\n<p><em>Die Bilder von B\u00e4rbel Thomas sind noch bis zum 20. November 2014 montags bis donnerstags von 9 bis 18 Uhr und freitags von 9 bis 13 Uhr in der Phantastischen bibliothek in 35578 Wetzlar, Turmstra\u00dfe 20, zu sehen.<\/em><\/p>\n","protected":false},"excerpt":{"rendered":"<p>B\u00e4rbel Thomas stellt in der Phantastischen Bibliothek Wetzlar aus Von J\u00f6rg-Peter Schmidt In den Bildern der gelernten Glas- und Porzellanmalerin B\u00e4rbel Thomas sind andere Bilder zu endtdecken. Im Federkleid einer Eule verbirgt sich beispielsweise ein Wolf. In der Phantastischen Bibliothek &hellip; <a href=\"https:\/\/www.wetterauer-landbote.de\/?p=1462\">Weiterlesen <span class=\"meta-nav\">&rarr;<\/span><\/a><\/p>\n","protected":false},"author":1,"featured_media":0,"comment_status":"open","ping_status":"open","sticky":false,"template":"","format":"standard","meta":{"_jetpack_memberships_contains_paid_content":false,"footnotes":""},"categories":[39],"tags":[],"class_list":["post-1462","post","type-post","status-publish","format-standard","hentry","category-tipps"],"yoast_head":"<!-- This site is optimized with the Yoast SEO plugin v27.0 - https:\/\/yoast.com\/product\/yoast-seo-wordpress\/ -->\n<title>Bilder im Bild - Wetterauer-Landbote<\/title>\n<meta name=\"description\" content=\"B\u00e4rbel Thomas versteckt in ihren Bildern andere Bilder. Ihre Werke sind in der Phantastischen Bibliothek in Wetzlar zu sehen. Bilder im Bild\" \/>\n<meta name=\"robots\" content=\"index, follow, max-snippet:-1, max-image-preview:large, max-video-preview:-1\" \/>\n<link rel=\"canonical\" href=\"https:\/\/www.wetterauer-landbote.de\/?p=1462\" \/>\n<meta property=\"og:locale\" content=\"de_DE\" \/>\n<meta property=\"og:type\" content=\"article\" \/>\n<meta property=\"og:title\" content=\"Bilder im Bild - Wetterauer-Landbote\" \/>\n<meta property=\"og:description\" content=\"B\u00e4rbel Thomas versteckt in ihren Bildern andere Bilder. Ihre Werke sind in der Phantastischen Bibliothek in Wetzlar zu sehen. Bilder im Bild\" \/>\n<meta property=\"og:url\" content=\"https:\/\/www.wetterauer-landbote.de\/?p=1462\" \/>\n<meta property=\"og:site_name\" content=\"Wetterauer-Landbote\" \/>\n<meta property=\"article:published_time\" content=\"2014-10-10T09:44:47+00:00\" \/>\n<meta property=\"article:modified_time\" content=\"2014-10-10T09:45:28+00:00\" \/>\n<meta property=\"og:image\" content=\"http:\/\/www.wetterauer-landbote.de\/wp-content\/uploads\/2014\/10\/eule.gif\" \/>\n<meta name=\"author\" content=\"harpo\" \/>\n<meta name=\"twitter:label1\" content=\"Verfasst von\" \/>\n\t<meta name=\"twitter:data1\" content=\"harpo\" \/>\n\t<meta name=\"twitter:label2\" content=\"Gesch\u00e4tzte Lesezeit\" \/>\n\t<meta name=\"twitter:data2\" content=\"2\u00a0Minuten\" \/>\n<script type=\"application\/ld+json\" class=\"yoast-schema-graph\">{\"@context\":\"https:\/\/schema.org\",\"@graph\":[{\"@type\":\"Article\",\"@id\":\"https:\/\/www.wetterauer-landbote.de\/?p=1462#article\",\"isPartOf\":{\"@id\":\"https:\/\/www.wetterauer-landbote.de\/?p=1462\"},\"author\":{\"name\":\"harpo\",\"@id\":\"http:\/\/www.wetterauer-landbote.de\/#\/schema\/person\/fa7509b189bc402f223dd5337ab92ed0\"},\"headline\":\"Bilder im Bild\",\"datePublished\":\"2014-10-10T09:44:47+00:00\",\"dateModified\":\"2014-10-10T09:45:28+00:00\",\"mainEntityOfPage\":{\"@id\":\"https:\/\/www.wetterauer-landbote.de\/?p=1462\"},\"wordCount\":451,\"commentCount\":0,\"image\":{\"@id\":\"https:\/\/www.wetterauer-landbote.de\/?p=1462#primaryimage\"},\"thumbnailUrl\":\"http:\/\/www.wetterauer-landbote.de\/wp-content\/uploads\/2014\/10\/eule.gif\",\"articleSection\":[\"Tipps\"],\"inLanguage\":\"de\",\"potentialAction\":[{\"@type\":\"CommentAction\",\"name\":\"Comment\",\"target\":[\"https:\/\/www.wetterauer-landbote.de\/?p=1462#respond\"]}]},{\"@type\":\"WebPage\",\"@id\":\"https:\/\/www.wetterauer-landbote.de\/?p=1462\",\"url\":\"https:\/\/www.wetterauer-landbote.de\/?p=1462\",\"name\":\"Bilder im Bild - Wetterauer-Landbote\",\"isPartOf\":{\"@id\":\"http:\/\/www.wetterauer-landbote.de\/#website\"},\"primaryImageOfPage\":{\"@id\":\"https:\/\/www.wetterauer-landbote.de\/?p=1462#primaryimage\"},\"image\":{\"@id\":\"https:\/\/www.wetterauer-landbote.de\/?p=1462#primaryimage\"},\"thumbnailUrl\":\"http:\/\/www.wetterauer-landbote.de\/wp-content\/uploads\/2014\/10\/eule.gif\",\"datePublished\":\"2014-10-10T09:44:47+00:00\",\"dateModified\":\"2014-10-10T09:45:28+00:00\",\"author\":{\"@id\":\"http:\/\/www.wetterauer-landbote.de\/#\/schema\/person\/fa7509b189bc402f223dd5337ab92ed0\"},\"description\":\"B\u00e4rbel Thomas versteckt in ihren Bildern andere Bilder. Ihre Werke sind in der Phantastischen Bibliothek in Wetzlar zu sehen. Bilder im Bild\",\"breadcrumb\":{\"@id\":\"https:\/\/www.wetterauer-landbote.de\/?p=1462#breadcrumb\"},\"inLanguage\":\"de\",\"potentialAction\":[{\"@type\":\"ReadAction\",\"target\":[\"https:\/\/www.wetterauer-landbote.de\/?p=1462\"]}]},{\"@type\":\"ImageObject\",\"inLanguage\":\"de\",\"@id\":\"https:\/\/www.wetterauer-landbote.de\/?p=1462#primaryimage\",\"url\":\"https:\/\/i0.wp.com\/www.wetterauer-landbote.de\/wp-content\/uploads\/2014\/10\/eule.gif?fit=456%2C828&ssl=1\",\"contentUrl\":\"https:\/\/i0.wp.com\/www.wetterauer-landbote.de\/wp-content\/uploads\/2014\/10\/eule.gif?fit=456%2C828&ssl=1\",\"width\":456,\"height\":828},{\"@type\":\"BreadcrumbList\",\"@id\":\"https:\/\/www.wetterauer-landbote.de\/?p=1462#breadcrumb\",\"itemListElement\":[{\"@type\":\"ListItem\",\"position\":1,\"name\":\"Home\",\"item\":\"http:\/\/www.wetterauer-landbote.de\/\"},{\"@type\":\"ListItem\",\"position\":2,\"name\":\"Bilder im Bild\"}]},{\"@type\":\"WebSite\",\"@id\":\"http:\/\/www.wetterauer-landbote.de\/#website\",\"url\":\"http:\/\/www.wetterauer-landbote.de\/\",\"name\":\"Wetterauer-Landbote\",\"description\":\"\",\"potentialAction\":[{\"@type\":\"SearchAction\",\"target\":{\"@type\":\"EntryPoint\",\"urlTemplate\":\"http:\/\/www.wetterauer-landbote.de\/?s={search_term_string}\"},\"query-input\":{\"@type\":\"PropertyValueSpecification\",\"valueRequired\":true,\"valueName\":\"search_term_string\"}}],\"inLanguage\":\"de\"},{\"@type\":\"Person\",\"@id\":\"http:\/\/www.wetterauer-landbote.de\/#\/schema\/person\/fa7509b189bc402f223dd5337ab92ed0\",\"name\":\"harpo\",\"image\":{\"@type\":\"ImageObject\",\"inLanguage\":\"de\",\"@id\":\"http:\/\/www.wetterauer-landbote.de\/#\/schema\/person\/image\/\",\"url\":\"https:\/\/secure.gravatar.com\/avatar\/198bcecc77c146e5ea8d4540d99560b4b486a090b927ff654b2c125224d88117?s=96&d=mm&r=g\",\"contentUrl\":\"https:\/\/secure.gravatar.com\/avatar\/198bcecc77c146e5ea8d4540d99560b4b486a090b927ff654b2c125224d88117?s=96&d=mm&r=g\",\"caption\":\"harpo\"},\"url\":\"https:\/\/www.wetterauer-landbote.de\/?author=1\"}]}<\/script>\n<!-- \/ Yoast SEO plugin. -->","yoast_head_json":{"title":"Bilder im Bild - Wetterauer-Landbote","description":"B\u00e4rbel Thomas versteckt in ihren Bildern andere Bilder. Ihre Werke sind in der Phantastischen Bibliothek in Wetzlar zu sehen. Bilder im Bild","robots":{"index":"index","follow":"follow","max-snippet":"max-snippet:-1","max-image-preview":"max-image-preview:large","max-video-preview":"max-video-preview:-1"},"canonical":"https:\/\/www.wetterauer-landbote.de\/?p=1462","og_locale":"de_DE","og_type":"article","og_title":"Bilder im Bild - Wetterauer-Landbote","og_description":"B\u00e4rbel Thomas versteckt in ihren Bildern andere Bilder. Ihre Werke sind in der Phantastischen Bibliothek in Wetzlar zu sehen. Bilder im Bild","og_url":"https:\/\/www.wetterauer-landbote.de\/?p=1462","og_site_name":"Wetterauer-Landbote","article_published_time":"2014-10-10T09:44:47+00:00","article_modified_time":"2014-10-10T09:45:28+00:00","og_image":[{"url":"http:\/\/www.wetterauer-landbote.de\/wp-content\/uploads\/2014\/10\/eule.gif","type":"","width":"","height":""}],"author":"harpo","twitter_misc":{"Verfasst von":"harpo","Gesch\u00e4tzte Lesezeit":"2\u00a0Minuten"},"schema":{"@context":"https:\/\/schema.org","@graph":[{"@type":"Article","@id":"https:\/\/www.wetterauer-landbote.de\/?p=1462#article","isPartOf":{"@id":"https:\/\/www.wetterauer-landbote.de\/?p=1462"},"author":{"name":"harpo","@id":"http:\/\/www.wetterauer-landbote.de\/#\/schema\/person\/fa7509b189bc402f223dd5337ab92ed0"},"headline":"Bilder im Bild","datePublished":"2014-10-10T09:44:47+00:00","dateModified":"2014-10-10T09:45:28+00:00","mainEntityOfPage":{"@id":"https:\/\/www.wetterauer-landbote.de\/?p=1462"},"wordCount":451,"commentCount":0,"image":{"@id":"https:\/\/www.wetterauer-landbote.de\/?p=1462#primaryimage"},"thumbnailUrl":"http:\/\/www.wetterauer-landbote.de\/wp-content\/uploads\/2014\/10\/eule.gif","articleSection":["Tipps"],"inLanguage":"de","potentialAction":[{"@type":"CommentAction","name":"Comment","target":["https:\/\/www.wetterauer-landbote.de\/?p=1462#respond"]}]},{"@type":"WebPage","@id":"https:\/\/www.wetterauer-landbote.de\/?p=1462","url":"https:\/\/www.wetterauer-landbote.de\/?p=1462","name":"Bilder im Bild - Wetterauer-Landbote","isPartOf":{"@id":"http:\/\/www.wetterauer-landbote.de\/#website"},"primaryImageOfPage":{"@id":"https:\/\/www.wetterauer-landbote.de\/?p=1462#primaryimage"},"image":{"@id":"https:\/\/www.wetterauer-landbote.de\/?p=1462#primaryimage"},"thumbnailUrl":"http:\/\/www.wetterauer-landbote.de\/wp-content\/uploads\/2014\/10\/eule.gif","datePublished":"2014-10-10T09:44:47+00:00","dateModified":"2014-10-10T09:45:28+00:00","author":{"@id":"http:\/\/www.wetterauer-landbote.de\/#\/schema\/person\/fa7509b189bc402f223dd5337ab92ed0"},"description":"B\u00e4rbel Thomas versteckt in ihren Bildern andere Bilder. Ihre Werke sind in der Phantastischen Bibliothek in Wetzlar zu sehen. Bilder im Bild","breadcrumb":{"@id":"https:\/\/www.wetterauer-landbote.de\/?p=1462#breadcrumb"},"inLanguage":"de","potentialAction":[{"@type":"ReadAction","target":["https:\/\/www.wetterauer-landbote.de\/?p=1462"]}]},{"@type":"ImageObject","inLanguage":"de","@id":"https:\/\/www.wetterauer-landbote.de\/?p=1462#primaryimage","url":"https:\/\/i0.wp.com\/www.wetterauer-landbote.de\/wp-content\/uploads\/2014\/10\/eule.gif?fit=456%2C828&ssl=1","contentUrl":"https:\/\/i0.wp.com\/www.wetterauer-landbote.de\/wp-content\/uploads\/2014\/10\/eule.gif?fit=456%2C828&ssl=1","width":456,"height":828},{"@type":"BreadcrumbList","@id":"https:\/\/www.wetterauer-landbote.de\/?p=1462#breadcrumb","itemListElement":[{"@type":"ListItem","position":1,"name":"Home","item":"http:\/\/www.wetterauer-landbote.de\/"},{"@type":"ListItem","position":2,"name":"Bilder im Bild"}]},{"@type":"WebSite","@id":"http:\/\/www.wetterauer-landbote.de\/#website","url":"http:\/\/www.wetterauer-landbote.de\/","name":"Wetterauer-Landbote","description":"","potentialAction":[{"@type":"SearchAction","target":{"@type":"EntryPoint","urlTemplate":"http:\/\/www.wetterauer-landbote.de\/?s={search_term_string}"},"query-input":{"@type":"PropertyValueSpecification","valueRequired":true,"valueName":"search_term_string"}}],"inLanguage":"de"},{"@type":"Person","@id":"http:\/\/www.wetterauer-landbote.de\/#\/schema\/person\/fa7509b189bc402f223dd5337ab92ed0","name":"harpo","image":{"@type":"ImageObject","inLanguage":"de","@id":"http:\/\/www.wetterauer-landbote.de\/#\/schema\/person\/image\/","url":"https:\/\/secure.gravatar.com\/avatar\/198bcecc77c146e5ea8d4540d99560b4b486a090b927ff654b2c125224d88117?s=96&d=mm&r=g","contentUrl":"https:\/\/secure.gravatar.com\/avatar\/198bcecc77c146e5ea8d4540d99560b4b486a090b927ff654b2c125224d88117?s=96&d=mm&r=g","caption":"harpo"},"url":"https:\/\/www.wetterauer-landbote.de\/?author=1"}]}},"jetpack_featured_media_url":"","jetpack_sharing_enabled":true,"jetpack_likes_enabled":true,"_links":{"self":[{"href":"https:\/\/www.wetterauer-landbote.de\/index.php?rest_route=\/wp\/v2\/posts\/1462","targetHints":{"allow":["GET"]}}],"collection":[{"href":"https:\/\/www.wetterauer-landbote.de\/index.php?rest_route=\/wp\/v2\/posts"}],"about":[{"href":"https:\/\/www.wetterauer-landbote.de\/index.php?rest_route=\/wp\/v2\/types\/post"}],"author":[{"embeddable":true,"href":"https:\/\/www.wetterauer-landbote.de\/index.php?rest_route=\/wp\/v2\/users\/1"}],"replies":[{"embeddable":true,"href":"https:\/\/www.wetterauer-landbote.de\/index.php?rest_route=%2Fwp%2Fv2%2Fcomments&post=1462"}],"version-history":[{"count":1,"href":"https:\/\/www.wetterauer-landbote.de\/index.php?rest_route=\/wp\/v2\/posts\/1462\/revisions"}],"predecessor-version":[{"id":1465,"href":"https:\/\/www.wetterauer-landbote.de\/index.php?rest_route=\/wp\/v2\/posts\/1462\/revisions\/1465"}],"wp:attachment":[{"href":"https:\/\/www.wetterauer-landbote.de\/index.php?rest_route=%2Fwp%2Fv2%2Fmedia&parent=1462"}],"wp:term":[{"taxonomy":"category","embeddable":true,"href":"https:\/\/www.wetterauer-landbote.de\/index.php?rest_route=%2Fwp%2Fv2%2Fcategories&post=1462"},{"taxonomy":"post_tag","embeddable":true,"href":"https:\/\/www.wetterauer-landbote.de\/index.php?rest_route=%2Fwp%2Fv2%2Ftags&post=1462"}],"curies":[{"name":"wp","href":"https:\/\/api.w.org\/{rel}","templated":true}]}}