{"id":1204,"date":"2014-09-02T13:21:50","date_gmt":"2014-09-02T11:21:50","guid":{"rendered":"http:\/\/www.wetterauer-landbote.de\/?p=1204"},"modified":"2014-09-02T13:21:50","modified_gmt":"2014-09-02T11:21:50","slug":"repressionsfreie-erziehung","status":"publish","type":"post","link":"https:\/\/www.wetterauer-landbote.de\/?p=1204","title":{"rendered":"Repressionsfreie Erziehung"},"content":{"rendered":"<h2>Biografie \u00fcber Monika Seifert, P\u00e4dagogin der antiautorit\u00e4ren Erziehung<\/h2>\n<div id=\"attachment_1206\" style=\"width: 131px\" class=\"wp-caption alignright\"><a href=\"https:\/\/i0.wp.com\/www.wetterauer-landbote.de\/wp-content\/uploads\/2014\/09\/Seifert.gif\"><img data-recalc-dims=\"1\" loading=\"lazy\" decoding=\"async\" aria-describedby=\"caption-attachment-1206\" class=\" wp-image-1206\" src=\"https:\/\/i0.wp.com\/www.wetterauer-landbote.de\/wp-content\/uploads\/2014\/09\/Seifert.gif?resize=121%2C176\" alt=\"Monika Seifert\" width=\"121\" height=\"176\" srcset=\"https:\/\/i0.wp.com\/www.wetterauer-landbote.de\/wp-content\/uploads\/2014\/09\/Seifert.gif?resize=704%2C1024&amp;ssl=1 704w, https:\/\/i0.wp.com\/www.wetterauer-landbote.de\/wp-content\/uploads\/2014\/09\/Seifert.gif?resize=206%2C300&amp;ssl=1 206w\" sizes=\"auto, (max-width: 121px) 100vw, 121px\" \/><\/a><p id=\"caption-attachment-1206\" class=\"wp-caption-text\">Monika Seifert<\/p><\/div>\n<p><strong>Von Corinna Willf\u00fchr<\/strong><\/p>\n<p>Mit ihrer Biografie &#8222;Monika Seifert &#8211; P\u00e4dagogin der antiautorit\u00e4ren Erziehung&#8220; erinnert die\u00a0 Kronberger Professorin Wilma Aden-Grossmann an die Anf\u00e4nge der Diskussionen Ende der 60er \u00fcber die Frage, wie Kinder repressionsfrei erzogen werden k\u00f6nnen- eine Frage, die bis heute nicht beantwortet ist. Das Buch k\u00f6nnte die Diskussion neu beleben &#8211; unter Eltern wie unter P\u00e4deagogik-Studenten und Erziehungswissenschaftlern.<\/p>\n<p><!--more--><\/p>\n<h2>Repressionsfreie Erziehung<\/h2>\n<p>Ferienende \u2013 Schulbeginn. Aus und vorbei die freie Zeit. Jetzt beginnt er wieder der \u201eErnst des Lebens\u201c \u2013 nicht nur f\u00fcr den Nachwuchs. Denn, wenn die Kinder wieder zum Unterricht oder in erstmals in einen Kita m\u00fcssen\/k\u00f6nnen, stehen Auseinandersetzungen der Kinder mit den Eltern, unter den Eltern und der Eltern mit den Institutionen an, denen sie ihre Kinder anvertrauen. Was ist das Beste f\u00fcr Max oder Lena?<br \/>\nMit ihrer Biografie \u00fcber \u201eMonika Seifert \u2013 P\u00e4dagogin der antiautorit\u00e4ren Erziehung\u201c erinnert die Kronberger Professorin Wilma Aden-Grossmann an die Anf\u00e4nge der Diskussionen Ende der 60er \u00fcber die Frage, wie Kinder repressionsfrei erzogen werden k\u00f6nnen. Eine Frage, die bis heute nicht beantwortet ist. \u00dcber die mit ihrem Buch wieder neu diskutiert werden k\u00f6nnte \u2013 unter Eltern ebenso wie unter P\u00e4dagogik-Studenten oder Erziehungswissenschaftlern.<br \/>\nDer Sozialphilosoph Oskar Negt nannte sie die \u201eMutter der antiautorit\u00e4ren Kinderl\u00e4den\u201c, ihre Freundin Helga Heubach nach ihrem Tod ein \u201esoziales Genie\u201c. Fakt ist, das Monika Seifert 1967 in Frankfurt den ersten repressionsfreien Kindergarten, die Frankfurter Kinderschule, gr\u00fcndete.<br \/>\n1967 ist das Jahr des Besuchs von Mohammad Reza Pahlavi in der damaligen Bundeshauptstadt Bonn. 1967 ist das Jahr der Ermordung von Benno Ohnesorg durch einen Polizisten w\u00e4hrend einer Demonstration gegen den Schah und sein Regime in Berlin. Ein Jahr sp\u00e4ter demonstrieren die ersten 1000 Studenten in Frankfurt gegen den Vietnam-Krieg. Am Gr\u00fcndonnerstag 1968 wird Rudi Dutschke auf dem Berliner Kurf\u00fcrstendamm durch drei Sch\u00fcsse schwer verletzt. Bundesweit demonstrieren Tausende gegen den Vietnam-Krieg und die Berichterstattung der Springer-Presse. Im \u201eKampf gegen das Patriarchat\u201c attackieren Feministinnen ihre SDS-Genossen an der Frankfurter Goethe-Uni mit Tomaten.<br \/>\n\u00dcber die politischen Aktionen und Aktivit\u00e4ten der \u201e68er Revolution\u201c, die Stra\u00dfenk\u00e4mpfe und H\u00e4userbesetzungen, sind unz\u00e4hlige Publikationen ver\u00f6ffentlicht worden. Aber \u00fcber die Frau, die in der Zeit, als das Private auch als politisch relevant definiert wurde, eine repressionsfreie Erziehung als Voraussetzung f\u00fcr ein frei bestimmtes Leben forderte, gab es bislang keine umfassende Ver\u00f6ffentlichung.<br \/>\nDiese L\u00fccke schlie\u00dft die Kronberger Wissenschaftlerin Wilma Aden-Grossmann, Jahrgang 1936, mit ihrem Buch \u201eMonika Seifert \u2013 P\u00e4dagogin der antiautorit\u00e4ren Erziehung \u2013 eine Biografie\u201c. Wilma Aden-Grossmann lehrte als Professorin f\u00fcr Sozialp\u00e4dagogik an den Universit\u00e4ten Frankfurt (bis 1986), Dortmund (bis 1989) und Kassel. Seit 2001 ist sie emeritiert.<br \/>\nEine Biographie zum \u201eSchm\u00f6ckern\u201c im \u201eLeben einer Frau, die von vielen gesch\u00e4tzt wurde\u201c, aber dennoch nie eine ihr \u201eangemessene Stellung\u201c erhalten hat, ist ihr Buch nicht. Unterteilt in 15 Kapitel (.u.a. Studien zu Psychoanalyse und P\u00e4dagogik; Monika Seiferts Theorie der antiautorit\u00e4ren Erziehung; Die Kinderschule \u2013 das erste Jahr) mit jeweils mehreren thematischen Einzelabschnitten stellt Aden-Grossmann vielmehr das Leben Monika Seiferts in den Kontext der Debatten \u00fcber Erziehungsformen, wie sie in Ende der 60er\/Anfang der 70er diskutiert wurden. Als Wissenschaftlerin belegt sie ihre Ausf\u00fchrungen durch ein umfangreiches Quellenverzeichnis: vom Personenregister bis zu einer Liste zur \u201eGrauen Literatur\u201c, erg\u00e4nzt sie durch zahlreiche Schwei\u00df-Wei\u00df-Fotos.<\/p>\n<div id=\"attachment_1205\" style=\"width: 594px\" class=\"wp-caption alignnone\"><a href=\"https:\/\/i0.wp.com\/www.wetterauer-landbote.de\/wp-content\/uploads\/2014\/09\/Monika-Seifert-1970.gif\"><img data-recalc-dims=\"1\" loading=\"lazy\" decoding=\"async\" aria-describedby=\"caption-attachment-1205\" class=\"size-large wp-image-1205\" src=\"https:\/\/i0.wp.com\/www.wetterauer-landbote.de\/wp-content\/uploads\/2014\/09\/Monika-Seifert-1970.gif?resize=584%2C428\" alt=\"Monika Seifert 1970\" width=\"584\" height=\"428\" srcset=\"https:\/\/i0.wp.com\/www.wetterauer-landbote.de\/wp-content\/uploads\/2014\/09\/Monika-Seifert-1970.gif?resize=1024%2C752&amp;ssl=1 1024w, https:\/\/i0.wp.com\/www.wetterauer-landbote.de\/wp-content\/uploads\/2014\/09\/Monika-Seifert-1970.gif?resize=300%2C220&amp;ssl=1 300w, https:\/\/i0.wp.com\/www.wetterauer-landbote.de\/wp-content\/uploads\/2014\/09\/Monika-Seifert-1970.gif?resize=408%2C300&amp;ssl=1 408w, https:\/\/i0.wp.com\/www.wetterauer-landbote.de\/wp-content\/uploads\/2014\/09\/Monika-Seifert-1970.gif?w=1168 1168w\" sizes=\"auto, (max-width: 584px) 100vw, 584px\" \/><\/a><p id=\"caption-attachment-1205\" class=\"wp-caption-text\">Monika Seifert 1970<\/p><\/div>\n<p>Doch die Autorin verbindet mit Monika Seifert mehr als das Interesse an einem \u201eForschungsgegenstand\u201c: Wilma Aden-Grossmann und Monika Seifert waren mehr als<\/p>\n<div id=\"attachment_1207\" style=\"width: 186px\" class=\"wp-caption alignright\"><a href=\"https:\/\/i0.wp.com\/www.wetterauer-landbote.de\/wp-content\/uploads\/2014\/09\/Wilma-Aden-Grossman.gif\"><img data-recalc-dims=\"1\" loading=\"lazy\" decoding=\"async\" aria-describedby=\"caption-attachment-1207\" class=\"wp-image-1207 \" src=\"https:\/\/i0.wp.com\/www.wetterauer-landbote.de\/wp-content\/uploads\/2014\/09\/Wilma-Aden-Grossman.gif?resize=176%2C244\" alt=\"Wilma Aden-Grossman\" width=\"176\" height=\"244\" srcset=\"https:\/\/i0.wp.com\/www.wetterauer-landbote.de\/wp-content\/uploads\/2014\/09\/Wilma-Aden-Grossman.gif?resize=739%2C1024&amp;ssl=1 739w, https:\/\/i0.wp.com\/www.wetterauer-landbote.de\/wp-content\/uploads\/2014\/09\/Wilma-Aden-Grossman.gif?resize=216%2C300&amp;ssl=1 216w, https:\/\/i0.wp.com\/www.wetterauer-landbote.de\/wp-content\/uploads\/2014\/09\/Wilma-Aden-Grossman.gif?w=1168 1168w\" sizes=\"auto, (max-width: 176px) 100vw, 176px\" \/><\/a><p id=\"caption-attachment-1207\" class=\"wp-caption-text\">Wilma Aden-Grossman<\/p><\/div>\n<p>ein Jahrzehnt befreundet. In vielen kontroversen Debatten diskutierten sie \u00fcber die Wege f\u00fcr eine alternative Kindererziehung. Deren Ziel: dem Nachwuchs eine gr\u00f6\u00dftm\u00f6gliche Freiheit in seiner Entwicklung auf dem Weg zu einem selbstst\u00e4ndigen Individuum zu erm\u00f6glichen. \u201eDie normale Kleinfamilie ist der ungeeignetste Ort, Kindern jene st\u00e4ndige liebende Zuwendung (bei gleichzeitigem Freiheitsspielraum) zu garantieren, die sie brauchen\u201c, schrieb Monika Seifert 1970 in ihrem Beitrag \u201eBange machen gilt nicht mehr\u201c f\u00fcr die Zeitschrift Politik.<\/p>\n<h2>Die Mutter der antiautorit\u00e4ren Kinderl\u00e4den<\/h2>\n<p>Als Wilma Aden-Grossmann mit ihrem Mann Heinz Grossmann 1970 nach Kronberg zog, trennten sich ihre Wege. Das Paar gr\u00fcndete noch im gleichen Jahr mit engagierten Eltern in der Taunusstadt die \u201eFreie Kinderschule\u201c und den Tr\u00e4gerverein \u201eSozialp\u00e4dagogische Praxis\u201c. \u201eMonika Seifert empfand unseren Wegzug und die sp\u00e4tere Einschulung unseres Sohnes in Kronberg als Absage an ihr p\u00e4dagogisches Konzept. Das beendete zu meinem Bedauern unsere zuvor enge Freundschaft\u201c, so Wilma Aden-Grossmann. \u00dcber das Ende ihrer Freundschaft \u2013 und auch den Tod von Monika Seifert 2002 &#8211; hinaus, besch\u00e4ftigten die Kronberger Professorin Leben, Wirken und Einfluss der \u201eMutter der antiautorit\u00e4ren Kinderl\u00e4den\u201c.<br \/>\nMonika Seifert, 1932 geboren in Berlin, hatte keinen leichten Lebensweg. Als erste von zwei T\u00f6chtern aus der Ehe der \u00c4rzte und Psychoanalytiker Melitta und Alexander Mitscherlich erkrankte sie im Alter von sechs Jahren an paralytischer Poliomyelitis, der schwersten Form der Kinderl\u00e4hmung. Sie \u00fcberlebte die t\u00fcckische Krankheit. Doch \u00fcber Jahre musste die Heranwachsende ein Korsett tragen, nachts in einem Gipsbett liegen. Zur Schule gehen konnte sie nicht. Zeitlebens behielt sie eine sichtbare Kr\u00fcmmung ihrer Wirbels\u00e4ule, heute politisch unkorrekt \u201eeinen Buckel\u201c.<br \/>\nEin sichtbares Zeichen des \u201eAndersseins\u201c, das f\u00fcr sie auch bedeutete, dass sie wegen ihrer Behinderung nicht lange stehen oder sitzen und damit auch keine Schule besuchen konnte. Fast ein Jahr lag sie noch als 19-J\u00e4hrige wegen einer schweren Wirbels\u00e4ulenoperation in einer Klinik. Doch das hinderte Monika Seifert nicht daran, ein Studium anzustreben.<br \/>\nAber ohne Abitur, nicht einmal mit einem formalen Schulabschluss, schien das Ansinnen aussichtslos. Einzig an der Hochschule f\u00fcr Politik in Wilhelmshaven-R\u00fcstersiel bot sich die M\u00f6glichkeit f\u00fcr sie, die Allgemeine Hochschulreife zu erreichen. Voraussetzung allerdings: eine abgeschlossene Berufsausbildung nachzuweisen. Monika Mitscherlich erhielt sie nach einer Ausbildung zur Kosmetikerin.<br \/>\n1958 kam die 26-J\u00e4hrige nach Frankfurt zur\u00fcck, begann ihr Studium am Institut f\u00fcr Sozialforschung. Im selben Jahr f\u00fchrte sie eine Reise mit dem Sozialistischen Deutschen Studentenbund (SDS) \u2013 zwei Jahre zuvor war sie der SPD beigetreten \u2013 nach Polen, schrieb von ihrer Reise einen Artikel f\u00fcr die Studentenzeitung \u201ezoon politikon\u201c. Im Oktober wurde Monika Mitscherlich als einzige Frau in den Beirat des SDS-Bundesvorstandes gew\u00e4hlt. Im SDS lernte sie ihren sp\u00e4teren Mann J\u00fcrgen Seifert kennen. Am 20. November 1964 kam Anna, die erste Tochter des Paares zur Welt &#8211; obgleich \u00c4rzte Monika Seifert aufgrund ihrer Behinderung von einer Schwangerschaft abgeraten hatten.<br \/>\nEine erneute Abweisung ihrer pers\u00f6nlichen Entscheidungen erhielt Monika Seifert von einem ihr weit n\u00e4her als die \u00c4rzte-Autorit\u00e4ten stehendem Mann: ihrem Vater. Der Antrag der jungen Mutter, die mittlerweile ihre Anerkennung als Diplom-Soziologin hatte, eine Lehranalyse am \u201eSigmund-Freud-Institut\u201c zu machen, wurde abgelehnt. Den Vorsitz im Genehmigungsgremium f\u00fchrte Alexander Mitscherlich. Doch Monika Seifert resignierte nicht. \u00dcber die Volkswagenstiftung erhielt sie ein einj\u00e4hriges Stipendium f\u00fcr ein Zweitstudium der Psychoanalyse am Tavistock-Institute in London. In die englische Hauptstadt nahm sie ihre Tochter mit. W\u00e4hrend Monika Seifert Vorlesungen und Seminare besuchte, wurde Anna in der Kirkdale School betreut. Eine Schule, die sich an den Ideen des \u201eVaters der anti-autorit\u00e4ren P\u00e4dagogik\u201c A.S. Neill orientierte. Mit deren Modell einer repressionsfreien Erziehung kehrte Monika Seifert nach Deutschland zur\u00fcck. Da war ihre Tochter zweieinhalb Jahre alt. \u201eEin traditioneller Kindergarten in kommunaler oder Freier Tr\u00e4gerschaft kam f\u00fcr Monika Seifert nicht in Betracht\u201c, schreibt Wilma Aden-Grossmann. Als Monika Seifert nun das Konzept der Selbstregulierung der kindlichen Bed\u00fcrfnisse im Kreis der Eltern vorstellte, waren ihre Ideen in Deutschland neu und revolution\u00e4r.\u201c<br \/>\nIdeen, die sie aus ihrem Studium unter anderem der B\u00fccher von Wilhelm Reich oder Alexander Neill gewonnen hatte. Auch aus ihrer politischen Arbeit \u2013 und den vielen Gespr\u00e4chen im \u201eSalon Seifert\u201c, in den sie und ihr Mann einluden.<\/p>\n<h2>Langfristig wirkender Teil der 68er Bewegung<\/h2>\n<p>\u201eUnbestritten ist heute, dass die Kinderladenbewegung ein langfristig wirksamer Teil der 68er Bewegung war, aber damals galt die Gr\u00fcndung dieses repressionsfreien Kindergartens durch Eltern unter den politisch Aktiven, z.B. bei denen, die sich im H\u00e4userkampf engagierten, als politisch und uninteressant\u201c, so Aden-Grossmann. Sicher ist sich die Erziehungswissenschaftlerin, dass die antiautorit\u00e4re Erziehung bis heute nachhaltig die Erziehung in Familien, Kindertagesst\u00e4tten und Schulen beeinflusst hat: in den Regeln des Zusammenlebens, den Erziehungszielen und den Geschlechterstereotypen.<br \/>\nVer\u00e4nderungen, mit denen die Kinder der Protagonisten einer repressionsfreien Erziehung Ende der 60er und in den 70er Jahren unmittelbar konfrontiert waren, die aber auch mittelbar den Umgang von Eltern und ihrem Nachwuchs sowie die Anspr\u00fcche an die institutionellen Betreuungseinrichtungen f\u00fcr Klein- und Schulkinder beeinflussten. Bis heute.<br \/>\nSieben Jahre lang hat sich Monika Seifert f\u00fcr die repressionsfreie Kinderschule und f\u00fcr die Gr\u00fcndung einer Freien Schule in Frankfurt eingesetzt. Erneute private Traumata, so Aden-Grossmann, f\u00fchrten Anfang der 70er Jahre dazu, dass sie sich aus der p\u00e4dagogischen Arbeit weitgehend zur\u00fcckzog. Ihre Bewerbung auf eine Professoren-Stelle an der Frankfurter Hochschule wurde abgelehnt. Ihr Mann hatte sich in eine Studentin verliebt, die Trennung folgte. Bei einem Sturz auf ihrer Kellertreppe verletzte sie sich schwer.<br \/>\nDoch Monika Seifert gab erneut nicht auf. Ma\u00dfgeblich durch ihr Engagement wurde 1988 die Initiative 9. November in Frankfurt gegr\u00fcndet. Viele Jahre setzte sie sich f\u00fcr die Wiederbelebung j\u00fcdischer Kultur an den von den Nationalsozialisten in der Reichspogromnacht von 1938 zerst\u00f6rten Geb\u00e4uden der Mainstadt ein.<br \/>\nMonika Seifert starb am 14. M\u00e4rz 2002.<\/p>\n<pre>Wilma Aden-Grossmann\r\n\u201eMonika Seifert \u2013 P\u00e4dagogin der antiautorit\u00e4ren Erziehung\u201c\r\nEine Biographie\r\nVerlag Brandes &amp; Apsel, 187 Seiten, 19,90 Euro\r\nISBN 978-3-95558-056-8<\/pre>\n","protected":false},"excerpt":{"rendered":"<p>Biografie \u00fcber Monika Seifert, P\u00e4dagogin der antiautorit\u00e4ren Erziehung Von Corinna Willf\u00fchr Mit ihrer Biografie &#8222;Monika Seifert &#8211; P\u00e4dagogin der antiautorit\u00e4ren Erziehung&#8220; erinnert die\u00a0 Kronberger Professorin Wilma Aden-Grossmann an die Anf\u00e4nge der Diskussionen Ende der 60er \u00fcber die Frage, wie Kinder &hellip; <a href=\"https:\/\/www.wetterauer-landbote.de\/?p=1204\">Weiterlesen <span class=\"meta-nav\">&rarr;<\/span><\/a><\/p>\n","protected":false},"author":1,"featured_media":0,"comment_status":"open","ping_status":"open","sticky":false,"template":"","format":"standard","meta":{"_jetpack_memberships_contains_paid_content":false,"footnotes":""},"categories":[1],"tags":[],"class_list":["post-1204","post","type-post","status-publish","format-standard","hentry","category-allgemein"],"yoast_head":"<!-- This site is optimized with the Yoast SEO plugin v27.0 - https:\/\/yoast.com\/product\/yoast-seo-wordpress\/ -->\n<title>Repressionsfreie Erziehung - Wetterauer-Landbote<\/title>\n<meta name=\"description\" content=\"Die Biografie &quot;Monika Seifert - P\u00e4dagogin der antiautorit\u00e4ren Erziehung&quot; erinnert an die Anf\u00e4nge der Diskussionen \u00fcber repressionsfreie Erziehung.\" \/>\n<meta name=\"robots\" content=\"index, follow, max-snippet:-1, max-image-preview:large, max-video-preview:-1\" \/>\n<link rel=\"canonical\" href=\"https:\/\/www.wetterauer-landbote.de\/?p=1204\" \/>\n<meta property=\"og:locale\" content=\"de_DE\" \/>\n<meta property=\"og:type\" content=\"article\" \/>\n<meta property=\"og:title\" content=\"Repressionsfreie Erziehung - Wetterauer-Landbote\" \/>\n<meta property=\"og:description\" content=\"Die Biografie &quot;Monika Seifert - P\u00e4dagogin der antiautorit\u00e4ren Erziehung&quot; erinnert an die Anf\u00e4nge der Diskussionen \u00fcber repressionsfreie Erziehung.\" \/>\n<meta property=\"og:url\" content=\"https:\/\/www.wetterauer-landbote.de\/?p=1204\" \/>\n<meta property=\"og:site_name\" content=\"Wetterauer-Landbote\" \/>\n<meta property=\"article:published_time\" content=\"2014-09-02T11:21:50+00:00\" \/>\n<meta property=\"og:image\" content=\"http:\/\/www.wetterauer-landbote.de\/wp-content\/uploads\/2014\/09\/Seifert-704x1024.gif\" \/>\n<meta name=\"author\" content=\"harpo\" \/>\n<meta name=\"twitter:label1\" content=\"Verfasst von\" \/>\n\t<meta name=\"twitter:data1\" content=\"harpo\" \/>\n\t<meta name=\"twitter:label2\" content=\"Gesch\u00e4tzte Lesezeit\" \/>\n\t<meta name=\"twitter:data2\" content=\"8\u00a0Minuten\" \/>\n<script type=\"application\/ld+json\" class=\"yoast-schema-graph\">{\"@context\":\"https:\/\/schema.org\",\"@graph\":[{\"@type\":\"Article\",\"@id\":\"https:\/\/www.wetterauer-landbote.de\/?p=1204#article\",\"isPartOf\":{\"@id\":\"https:\/\/www.wetterauer-landbote.de\/?p=1204\"},\"author\":{\"name\":\"harpo\",\"@id\":\"http:\/\/www.wetterauer-landbote.de\/#\/schema\/person\/fa7509b189bc402f223dd5337ab92ed0\"},\"headline\":\"Repressionsfreie Erziehung\",\"datePublished\":\"2014-09-02T11:21:50+00:00\",\"mainEntityOfPage\":{\"@id\":\"https:\/\/www.wetterauer-landbote.de\/?p=1204\"},\"wordCount\":1579,\"commentCount\":0,\"image\":{\"@id\":\"https:\/\/www.wetterauer-landbote.de\/?p=1204#primaryimage\"},\"thumbnailUrl\":\"http:\/\/www.wetterauer-landbote.de\/wp-content\/uploads\/2014\/09\/Seifert-704x1024.gif\",\"inLanguage\":\"de\",\"potentialAction\":[{\"@type\":\"CommentAction\",\"name\":\"Comment\",\"target\":[\"https:\/\/www.wetterauer-landbote.de\/?p=1204#respond\"]}]},{\"@type\":\"WebPage\",\"@id\":\"https:\/\/www.wetterauer-landbote.de\/?p=1204\",\"url\":\"https:\/\/www.wetterauer-landbote.de\/?p=1204\",\"name\":\"Repressionsfreie Erziehung - Wetterauer-Landbote\",\"isPartOf\":{\"@id\":\"http:\/\/www.wetterauer-landbote.de\/#website\"},\"primaryImageOfPage\":{\"@id\":\"https:\/\/www.wetterauer-landbote.de\/?p=1204#primaryimage\"},\"image\":{\"@id\":\"https:\/\/www.wetterauer-landbote.de\/?p=1204#primaryimage\"},\"thumbnailUrl\":\"http:\/\/www.wetterauer-landbote.de\/wp-content\/uploads\/2014\/09\/Seifert-704x1024.gif\",\"datePublished\":\"2014-09-02T11:21:50+00:00\",\"author\":{\"@id\":\"http:\/\/www.wetterauer-landbote.de\/#\/schema\/person\/fa7509b189bc402f223dd5337ab92ed0\"},\"description\":\"Die Biografie \\\"Monika Seifert - P\u00e4dagogin der antiautorit\u00e4ren Erziehung\\\" erinnert an die Anf\u00e4nge der Diskussionen \u00fcber repressionsfreie Erziehung.\",\"breadcrumb\":{\"@id\":\"https:\/\/www.wetterauer-landbote.de\/?p=1204#breadcrumb\"},\"inLanguage\":\"de\",\"potentialAction\":[{\"@type\":\"ReadAction\",\"target\":[\"https:\/\/www.wetterauer-landbote.de\/?p=1204\"]}]},{\"@type\":\"ImageObject\",\"inLanguage\":\"de\",\"@id\":\"https:\/\/www.wetterauer-landbote.de\/?p=1204#primaryimage\",\"url\":\"https:\/\/i0.wp.com\/www.wetterauer-landbote.de\/wp-content\/uploads\/2014\/09\/Seifert.gif?fit=758%2C1102&ssl=1\",\"contentUrl\":\"https:\/\/i0.wp.com\/www.wetterauer-landbote.de\/wp-content\/uploads\/2014\/09\/Seifert.gif?fit=758%2C1102&ssl=1\",\"width\":758,\"height\":1102,\"caption\":\"Monika Seifert\"},{\"@type\":\"BreadcrumbList\",\"@id\":\"https:\/\/www.wetterauer-landbote.de\/?p=1204#breadcrumb\",\"itemListElement\":[{\"@type\":\"ListItem\",\"position\":1,\"name\":\"Home\",\"item\":\"http:\/\/www.wetterauer-landbote.de\/\"},{\"@type\":\"ListItem\",\"position\":2,\"name\":\"Repressionsfreie Erziehung\"}]},{\"@type\":\"WebSite\",\"@id\":\"http:\/\/www.wetterauer-landbote.de\/#website\",\"url\":\"http:\/\/www.wetterauer-landbote.de\/\",\"name\":\"Wetterauer-Landbote\",\"description\":\"\",\"potentialAction\":[{\"@type\":\"SearchAction\",\"target\":{\"@type\":\"EntryPoint\",\"urlTemplate\":\"http:\/\/www.wetterauer-landbote.de\/?s={search_term_string}\"},\"query-input\":{\"@type\":\"PropertyValueSpecification\",\"valueRequired\":true,\"valueName\":\"search_term_string\"}}],\"inLanguage\":\"de\"},{\"@type\":\"Person\",\"@id\":\"http:\/\/www.wetterauer-landbote.de\/#\/schema\/person\/fa7509b189bc402f223dd5337ab92ed0\",\"name\":\"harpo\",\"image\":{\"@type\":\"ImageObject\",\"inLanguage\":\"de\",\"@id\":\"http:\/\/www.wetterauer-landbote.de\/#\/schema\/person\/image\/\",\"url\":\"https:\/\/secure.gravatar.com\/avatar\/198bcecc77c146e5ea8d4540d99560b4b486a090b927ff654b2c125224d88117?s=96&d=mm&r=g\",\"contentUrl\":\"https:\/\/secure.gravatar.com\/avatar\/198bcecc77c146e5ea8d4540d99560b4b486a090b927ff654b2c125224d88117?s=96&d=mm&r=g\",\"caption\":\"harpo\"},\"url\":\"https:\/\/www.wetterauer-landbote.de\/?author=1\"}]}<\/script>\n<!-- \/ Yoast SEO plugin. -->","yoast_head_json":{"title":"Repressionsfreie Erziehung - Wetterauer-Landbote","description":"Die Biografie \"Monika Seifert - P\u00e4dagogin der antiautorit\u00e4ren Erziehung\" erinnert an die Anf\u00e4nge der Diskussionen \u00fcber repressionsfreie Erziehung.","robots":{"index":"index","follow":"follow","max-snippet":"max-snippet:-1","max-image-preview":"max-image-preview:large","max-video-preview":"max-video-preview:-1"},"canonical":"https:\/\/www.wetterauer-landbote.de\/?p=1204","og_locale":"de_DE","og_type":"article","og_title":"Repressionsfreie Erziehung - Wetterauer-Landbote","og_description":"Die Biografie \"Monika Seifert - P\u00e4dagogin der antiautorit\u00e4ren Erziehung\" erinnert an die Anf\u00e4nge der Diskussionen \u00fcber repressionsfreie Erziehung.","og_url":"https:\/\/www.wetterauer-landbote.de\/?p=1204","og_site_name":"Wetterauer-Landbote","article_published_time":"2014-09-02T11:21:50+00:00","og_image":[{"url":"http:\/\/www.wetterauer-landbote.de\/wp-content\/uploads\/2014\/09\/Seifert-704x1024.gif","type":"","width":"","height":""}],"author":"harpo","twitter_misc":{"Verfasst von":"harpo","Gesch\u00e4tzte Lesezeit":"8\u00a0Minuten"},"schema":{"@context":"https:\/\/schema.org","@graph":[{"@type":"Article","@id":"https:\/\/www.wetterauer-landbote.de\/?p=1204#article","isPartOf":{"@id":"https:\/\/www.wetterauer-landbote.de\/?p=1204"},"author":{"name":"harpo","@id":"http:\/\/www.wetterauer-landbote.de\/#\/schema\/person\/fa7509b189bc402f223dd5337ab92ed0"},"headline":"Repressionsfreie Erziehung","datePublished":"2014-09-02T11:21:50+00:00","mainEntityOfPage":{"@id":"https:\/\/www.wetterauer-landbote.de\/?p=1204"},"wordCount":1579,"commentCount":0,"image":{"@id":"https:\/\/www.wetterauer-landbote.de\/?p=1204#primaryimage"},"thumbnailUrl":"http:\/\/www.wetterauer-landbote.de\/wp-content\/uploads\/2014\/09\/Seifert-704x1024.gif","inLanguage":"de","potentialAction":[{"@type":"CommentAction","name":"Comment","target":["https:\/\/www.wetterauer-landbote.de\/?p=1204#respond"]}]},{"@type":"WebPage","@id":"https:\/\/www.wetterauer-landbote.de\/?p=1204","url":"https:\/\/www.wetterauer-landbote.de\/?p=1204","name":"Repressionsfreie Erziehung - Wetterauer-Landbote","isPartOf":{"@id":"http:\/\/www.wetterauer-landbote.de\/#website"},"primaryImageOfPage":{"@id":"https:\/\/www.wetterauer-landbote.de\/?p=1204#primaryimage"},"image":{"@id":"https:\/\/www.wetterauer-landbote.de\/?p=1204#primaryimage"},"thumbnailUrl":"http:\/\/www.wetterauer-landbote.de\/wp-content\/uploads\/2014\/09\/Seifert-704x1024.gif","datePublished":"2014-09-02T11:21:50+00:00","author":{"@id":"http:\/\/www.wetterauer-landbote.de\/#\/schema\/person\/fa7509b189bc402f223dd5337ab92ed0"},"description":"Die Biografie \"Monika Seifert - P\u00e4dagogin der antiautorit\u00e4ren Erziehung\" erinnert an die Anf\u00e4nge der Diskussionen \u00fcber repressionsfreie Erziehung.","breadcrumb":{"@id":"https:\/\/www.wetterauer-landbote.de\/?p=1204#breadcrumb"},"inLanguage":"de","potentialAction":[{"@type":"ReadAction","target":["https:\/\/www.wetterauer-landbote.de\/?p=1204"]}]},{"@type":"ImageObject","inLanguage":"de","@id":"https:\/\/www.wetterauer-landbote.de\/?p=1204#primaryimage","url":"https:\/\/i0.wp.com\/www.wetterauer-landbote.de\/wp-content\/uploads\/2014\/09\/Seifert.gif?fit=758%2C1102&ssl=1","contentUrl":"https:\/\/i0.wp.com\/www.wetterauer-landbote.de\/wp-content\/uploads\/2014\/09\/Seifert.gif?fit=758%2C1102&ssl=1","width":758,"height":1102,"caption":"Monika Seifert"},{"@type":"BreadcrumbList","@id":"https:\/\/www.wetterauer-landbote.de\/?p=1204#breadcrumb","itemListElement":[{"@type":"ListItem","position":1,"name":"Home","item":"http:\/\/www.wetterauer-landbote.de\/"},{"@type":"ListItem","position":2,"name":"Repressionsfreie Erziehung"}]},{"@type":"WebSite","@id":"http:\/\/www.wetterauer-landbote.de\/#website","url":"http:\/\/www.wetterauer-landbote.de\/","name":"Wetterauer-Landbote","description":"","potentialAction":[{"@type":"SearchAction","target":{"@type":"EntryPoint","urlTemplate":"http:\/\/www.wetterauer-landbote.de\/?s={search_term_string}"},"query-input":{"@type":"PropertyValueSpecification","valueRequired":true,"valueName":"search_term_string"}}],"inLanguage":"de"},{"@type":"Person","@id":"http:\/\/www.wetterauer-landbote.de\/#\/schema\/person\/fa7509b189bc402f223dd5337ab92ed0","name":"harpo","image":{"@type":"ImageObject","inLanguage":"de","@id":"http:\/\/www.wetterauer-landbote.de\/#\/schema\/person\/image\/","url":"https:\/\/secure.gravatar.com\/avatar\/198bcecc77c146e5ea8d4540d99560b4b486a090b927ff654b2c125224d88117?s=96&d=mm&r=g","contentUrl":"https:\/\/secure.gravatar.com\/avatar\/198bcecc77c146e5ea8d4540d99560b4b486a090b927ff654b2c125224d88117?s=96&d=mm&r=g","caption":"harpo"},"url":"https:\/\/www.wetterauer-landbote.de\/?author=1"}]}},"jetpack_featured_media_url":"","jetpack_sharing_enabled":true,"jetpack_likes_enabled":true,"_links":{"self":[{"href":"https:\/\/www.wetterauer-landbote.de\/index.php?rest_route=\/wp\/v2\/posts\/1204","targetHints":{"allow":["GET"]}}],"collection":[{"href":"https:\/\/www.wetterauer-landbote.de\/index.php?rest_route=\/wp\/v2\/posts"}],"about":[{"href":"https:\/\/www.wetterauer-landbote.de\/index.php?rest_route=\/wp\/v2\/types\/post"}],"author":[{"embeddable":true,"href":"https:\/\/www.wetterauer-landbote.de\/index.php?rest_route=\/wp\/v2\/users\/1"}],"replies":[{"embeddable":true,"href":"https:\/\/www.wetterauer-landbote.de\/index.php?rest_route=%2Fwp%2Fv2%2Fcomments&post=1204"}],"version-history":[{"count":1,"href":"https:\/\/www.wetterauer-landbote.de\/index.php?rest_route=\/wp\/v2\/posts\/1204\/revisions"}],"predecessor-version":[{"id":1208,"href":"https:\/\/www.wetterauer-landbote.de\/index.php?rest_route=\/wp\/v2\/posts\/1204\/revisions\/1208"}],"wp:attachment":[{"href":"https:\/\/www.wetterauer-landbote.de\/index.php?rest_route=%2Fwp%2Fv2%2Fmedia&parent=1204"}],"wp:term":[{"taxonomy":"category","embeddable":true,"href":"https:\/\/www.wetterauer-landbote.de\/index.php?rest_route=%2Fwp%2Fv2%2Fcategories&post=1204"},{"taxonomy":"post_tag","embeddable":true,"href":"https:\/\/www.wetterauer-landbote.de\/index.php?rest_route=%2Fwp%2Fv2%2Ftags&post=1204"}],"curies":[{"name":"wp","href":"https:\/\/api.w.org\/{rel}","templated":true}]}}