{"id":1158,"date":"2014-08-09T15:04:57","date_gmt":"2014-08-09T13:04:57","guid":{"rendered":"http:\/\/www.wetterauer-landbote.de\/?p=1158"},"modified":"2014-08-09T15:06:22","modified_gmt":"2014-08-09T13:06:22","slug":"atomwaffenfreie-welt-gefordert","status":"publish","type":"post","link":"https:\/\/www.wetterauer-landbote.de\/?p=1158","title":{"rendered":"Atomwaffenfreie Welt gefordert"},"content":{"rendered":"<h1>Mahnwachen zu Hiroshima und Nagasaki<a href=\"https:\/\/i0.wp.com\/www.wetterauer-landbote.de\/wp-content\/uploads\/2014\/08\/Nagasaki2.gif\"><img data-recalc-dims=\"1\" loading=\"lazy\" decoding=\"async\" class=\"alignright wp-image-1160 \" src=\"https:\/\/i0.wp.com\/www.wetterauer-landbote.de\/wp-content\/uploads\/2014\/08\/Nagasaki2.gif?resize=191%2C212\" alt=\"Nagasaki2\" width=\"191\" height=\"212\" \/><\/a><\/h1>\n<p>Am 69. Jahrestag der Atombombenabw\u00fcrfe \u00fcber Hiroshima (6.8.) und Nagasaki (9.8.) gab es Mahnwachen in \u00fcber 60 deutschen St\u00e4dten. Auch in einem relativ kleinen Ort wie Bad Hersfeld erschienen etwa 30 Leute vor Rathaus und Lullusbrunnen. Aufgerufen dazu hatte die Friedensinitiative Bad Hersfeld-Rotenburg.<\/p>\n<p><!--more--><\/p>\n<p>&nbsp;<\/p>\n<h2>Atomwaffenfreie Welt gefordert<\/h2>\n<p>Nicht nur, um mit einer Schweigeminute an die 150000 get\u00f6teten Japane<img data-recalc-dims=\"1\" loading=\"lazy\" decoding=\"async\" class=\"alignright wp-image-1159 \" src=\"https:\/\/i0.wp.com\/www.wetterauer-landbote.de\/wp-content\/uploads\/2014\/08\/Nagasaki1.gif?resize=289%2C311\" alt=\"Nagasaki1\" width=\"289\" height=\"311\" \/>r von 1945 zu erinnern, sondern auch, um die Forderung nach einer atomwaffenfreien Welt zu erneuern. Noch immer lagern heute 20000 Atomsprengk\u00f6pfe weltweit, jede dieser Waffen mit einer vielfachen Sprengkraft der beiden historischen Atombomben.\u00a0 In Deutschland gibt es 20 dieser Ungeheuer, die die USA auf dem Bundeswehrgel\u00e4nde in B\u00fcchel\/Eifel deponiert haben. Aber anstatt die langj\u00e4hrige Forderung nach Abtransport zu erf\u00fcllen, werden diese Atomsprengk\u00f6pfe nun sogar modernisiert. Der Sprecher der Friedensinitiative, Michael Held, und der Vertreter der IPPNW (\u00c4rzte gegen den Atomto<img data-recalc-dims=\"1\" loading=\"lazy\" decoding=\"async\" class=\"alignleft wp-image-1161\" src=\"https:\/\/i0.wp.com\/www.wetterauer-landbote.de\/wp-content\/uploads\/2014\/08\/nagasaki3.gif?resize=156%2C223\" alt=\"nagasaki3\" width=\"156\" height=\"223\" \/>d), Dr. Lutz Stephan, betonten deshalb, dass diese Atomwaffen aus B\u00fcchel wegkommen m\u00fcssen. Das w\u00fcrde ein erster Schritt hin zu einem atomwaffenfreien Europa sein. Sie appellierten an die Bundesregierung, das Stationierungsabkommen mit der US-Regierung zu k\u00fcndigen.\u00a0 Zu Beginn der Mahnwache heulte eine Fliegeralarmsirene aus dem letzten Weltkrieg, die ein Teilnehmer restauriert hatte. Den Bezug zu Japan stellte ein Zen-M\u00f6nch mit seinen Klangschalen her.<\/p>\n","protected":false},"excerpt":{"rendered":"<p>Mahnwachen zu Hiroshima und Nagasaki Am 69. Jahrestag der Atombombenabw\u00fcrfe \u00fcber Hiroshima (6.8.) und Nagasaki (9.8.) gab es Mahnwachen in \u00fcber 60 deutschen St\u00e4dten. Auch in einem relativ kleinen Ort wie Bad Hersfeld erschienen etwa 30 Leute vor Rathaus und &hellip; <a href=\"https:\/\/www.wetterauer-landbote.de\/?p=1158\">Weiterlesen <span class=\"meta-nav\">&rarr;<\/span><\/a><\/p>\n","protected":false},"author":1,"featured_media":0,"comment_status":"open","ping_status":"open","sticky":false,"template":"","format":"standard","meta":{"_jetpack_memberships_contains_paid_content":false,"footnotes":""},"categories":[1],"tags":[],"class_list":["post-1158","post","type-post","status-publish","format-standard","hentry","category-allgemein"],"yoast_head":"<!-- This site is optimized with the Yoast SEO plugin v27.0 - https:\/\/yoast.com\/product\/yoast-seo-wordpress\/ -->\n<title>Atomwaffenfreie Welt gefordert - Wetterauer-Landbote<\/title>\n<meta name=\"description\" content=\"Am 69. Jahrestag der Atombombenabw\u00fcrfe \u00fcber Hiroshima (6.8.) und Nagasaki (9.8.) gab es in Deutschland \u00fcber 60 Mahnwachen. Atomwaffenfreie Welt gefordert\" \/>\n<meta name=\"robots\" content=\"index, follow, max-snippet:-1, max-image-preview:large, max-video-preview:-1\" \/>\n<link rel=\"canonical\" href=\"http:\/\/www.wetterauer-landbote.de\/?p=1158\" \/>\n<meta property=\"og:locale\" content=\"de_DE\" \/>\n<meta property=\"og:type\" content=\"article\" \/>\n<meta property=\"og:title\" content=\"Atomwaffenfreie Welt gefordert - Wetterauer-Landbote\" \/>\n<meta property=\"og:description\" content=\"Am 69. Jahrestag der Atombombenabw\u00fcrfe \u00fcber Hiroshima (6.8.) und Nagasaki (9.8.) gab es in Deutschland \u00fcber 60 Mahnwachen. Atomwaffenfreie Welt gefordert\" \/>\n<meta property=\"og:url\" content=\"http:\/\/www.wetterauer-landbote.de\/?p=1158\" \/>\n<meta property=\"og:site_name\" content=\"Wetterauer-Landbote\" \/>\n<meta property=\"article:published_time\" content=\"2014-08-09T13:04:57+00:00\" \/>\n<meta property=\"article:modified_time\" content=\"2014-08-09T13:06:22+00:00\" \/>\n<meta property=\"og:image\" content=\"http:\/\/www.wetterauer-landbote.de\/wp-content\/uploads\/2014\/08\/Nagasaki2.gif\" \/>\n<meta name=\"author\" content=\"harpo\" \/>\n<meta name=\"twitter:label1\" content=\"Verfasst von\" \/>\n\t<meta name=\"twitter:data1\" content=\"harpo\" \/>\n\t<meta name=\"twitter:label2\" content=\"Gesch\u00e4tzte Lesezeit\" \/>\n\t<meta name=\"twitter:data2\" content=\"1\u00a0Minute\" \/>\n<script type=\"application\/ld+json\" class=\"yoast-schema-graph\">{\"@context\":\"https:\/\/schema.org\",\"@graph\":[{\"@type\":\"Article\",\"@id\":\"http:\/\/www.wetterauer-landbote.de\/?p=1158#article\",\"isPartOf\":{\"@id\":\"http:\/\/www.wetterauer-landbote.de\/?p=1158\"},\"author\":{\"name\":\"harpo\",\"@id\":\"https:\/\/www.wetterauer-landbote.de\/#\/schema\/person\/fa7509b189bc402f223dd5337ab92ed0\"},\"headline\":\"Atomwaffenfreie Welt gefordert\",\"datePublished\":\"2014-08-09T13:04:57+00:00\",\"dateModified\":\"2014-08-09T13:06:22+00:00\",\"mainEntityOfPage\":{\"@id\":\"http:\/\/www.wetterauer-landbote.de\/?p=1158\"},\"wordCount\":214,\"commentCount\":0,\"image\":{\"@id\":\"http:\/\/www.wetterauer-landbote.de\/?p=1158#primaryimage\"},\"thumbnailUrl\":\"http:\/\/www.wetterauer-landbote.de\/wp-content\/uploads\/2014\/08\/Nagasaki2.gif\",\"inLanguage\":\"de\",\"potentialAction\":[{\"@type\":\"CommentAction\",\"name\":\"Comment\",\"target\":[\"http:\/\/www.wetterauer-landbote.de\/?p=1158#respond\"]}]},{\"@type\":\"WebPage\",\"@id\":\"http:\/\/www.wetterauer-landbote.de\/?p=1158\",\"url\":\"http:\/\/www.wetterauer-landbote.de\/?p=1158\",\"name\":\"Atomwaffenfreie Welt gefordert - Wetterauer-Landbote\",\"isPartOf\":{\"@id\":\"https:\/\/www.wetterauer-landbote.de\/#website\"},\"primaryImageOfPage\":{\"@id\":\"http:\/\/www.wetterauer-landbote.de\/?p=1158#primaryimage\"},\"image\":{\"@id\":\"http:\/\/www.wetterauer-landbote.de\/?p=1158#primaryimage\"},\"thumbnailUrl\":\"http:\/\/www.wetterauer-landbote.de\/wp-content\/uploads\/2014\/08\/Nagasaki2.gif\",\"datePublished\":\"2014-08-09T13:04:57+00:00\",\"dateModified\":\"2014-08-09T13:06:22+00:00\",\"author\":{\"@id\":\"https:\/\/www.wetterauer-landbote.de\/#\/schema\/person\/fa7509b189bc402f223dd5337ab92ed0\"},\"description\":\"Am 69. Jahrestag der Atombombenabw\u00fcrfe \u00fcber Hiroshima (6.8.) und Nagasaki (9.8.) gab es in Deutschland \u00fcber 60 Mahnwachen. Atomwaffenfreie Welt gefordert\",\"breadcrumb\":{\"@id\":\"http:\/\/www.wetterauer-landbote.de\/?p=1158#breadcrumb\"},\"inLanguage\":\"de\",\"potentialAction\":[{\"@type\":\"ReadAction\",\"target\":[\"http:\/\/www.wetterauer-landbote.de\/?p=1158\"]}]},{\"@type\":\"ImageObject\",\"inLanguage\":\"de\",\"@id\":\"http:\/\/www.wetterauer-landbote.de\/?p=1158#primaryimage\",\"url\":\"https:\/\/i0.wp.com\/www.wetterauer-landbote.de\/wp-content\/uploads\/2014\/08\/Nagasaki2.gif?fit=430%2C480&ssl=1\",\"contentUrl\":\"https:\/\/i0.wp.com\/www.wetterauer-landbote.de\/wp-content\/uploads\/2014\/08\/Nagasaki2.gif?fit=430%2C480&ssl=1\",\"width\":430,\"height\":480},{\"@type\":\"BreadcrumbList\",\"@id\":\"http:\/\/www.wetterauer-landbote.de\/?p=1158#breadcrumb\",\"itemListElement\":[{\"@type\":\"ListItem\",\"position\":1,\"name\":\"Home\",\"item\":\"https:\/\/www.wetterauer-landbote.de\/\"},{\"@type\":\"ListItem\",\"position\":2,\"name\":\"Atomwaffenfreie Welt gefordert\"}]},{\"@type\":\"WebSite\",\"@id\":\"https:\/\/www.wetterauer-landbote.de\/#website\",\"url\":\"https:\/\/www.wetterauer-landbote.de\/\",\"name\":\"Wetterauer-Landbote\",\"description\":\"\",\"potentialAction\":[{\"@type\":\"SearchAction\",\"target\":{\"@type\":\"EntryPoint\",\"urlTemplate\":\"https:\/\/www.wetterauer-landbote.de\/?s={search_term_string}\"},\"query-input\":{\"@type\":\"PropertyValueSpecification\",\"valueRequired\":true,\"valueName\":\"search_term_string\"}}],\"inLanguage\":\"de\"},{\"@type\":\"Person\",\"@id\":\"https:\/\/www.wetterauer-landbote.de\/#\/schema\/person\/fa7509b189bc402f223dd5337ab92ed0\",\"name\":\"harpo\",\"image\":{\"@type\":\"ImageObject\",\"inLanguage\":\"de\",\"@id\":\"https:\/\/www.wetterauer-landbote.de\/#\/schema\/person\/image\/\",\"url\":\"https:\/\/secure.gravatar.com\/avatar\/198bcecc77c146e5ea8d4540d99560b4b486a090b927ff654b2c125224d88117?s=96&d=mm&r=g\",\"contentUrl\":\"https:\/\/secure.gravatar.com\/avatar\/198bcecc77c146e5ea8d4540d99560b4b486a090b927ff654b2c125224d88117?s=96&d=mm&r=g\",\"caption\":\"harpo\"},\"url\":\"https:\/\/www.wetterauer-landbote.de\/?author=1\"}]}<\/script>\n<!-- \/ Yoast SEO plugin. -->","yoast_head_json":{"title":"Atomwaffenfreie Welt gefordert - Wetterauer-Landbote","description":"Am 69. Jahrestag der Atombombenabw\u00fcrfe \u00fcber Hiroshima (6.8.) und Nagasaki (9.8.) gab es in Deutschland \u00fcber 60 Mahnwachen. Atomwaffenfreie Welt gefordert","robots":{"index":"index","follow":"follow","max-snippet":"max-snippet:-1","max-image-preview":"max-image-preview:large","max-video-preview":"max-video-preview:-1"},"canonical":"http:\/\/www.wetterauer-landbote.de\/?p=1158","og_locale":"de_DE","og_type":"article","og_title":"Atomwaffenfreie Welt gefordert - Wetterauer-Landbote","og_description":"Am 69. Jahrestag der Atombombenabw\u00fcrfe \u00fcber Hiroshima (6.8.) und Nagasaki (9.8.) gab es in Deutschland \u00fcber 60 Mahnwachen. Atomwaffenfreie Welt gefordert","og_url":"http:\/\/www.wetterauer-landbote.de\/?p=1158","og_site_name":"Wetterauer-Landbote","article_published_time":"2014-08-09T13:04:57+00:00","article_modified_time":"2014-08-09T13:06:22+00:00","og_image":[{"url":"http:\/\/www.wetterauer-landbote.de\/wp-content\/uploads\/2014\/08\/Nagasaki2.gif","type":"","width":"","height":""}],"author":"harpo","twitter_misc":{"Verfasst von":"harpo","Gesch\u00e4tzte Lesezeit":"1\u00a0Minute"},"schema":{"@context":"https:\/\/schema.org","@graph":[{"@type":"Article","@id":"http:\/\/www.wetterauer-landbote.de\/?p=1158#article","isPartOf":{"@id":"http:\/\/www.wetterauer-landbote.de\/?p=1158"},"author":{"name":"harpo","@id":"https:\/\/www.wetterauer-landbote.de\/#\/schema\/person\/fa7509b189bc402f223dd5337ab92ed0"},"headline":"Atomwaffenfreie Welt gefordert","datePublished":"2014-08-09T13:04:57+00:00","dateModified":"2014-08-09T13:06:22+00:00","mainEntityOfPage":{"@id":"http:\/\/www.wetterauer-landbote.de\/?p=1158"},"wordCount":214,"commentCount":0,"image":{"@id":"http:\/\/www.wetterauer-landbote.de\/?p=1158#primaryimage"},"thumbnailUrl":"http:\/\/www.wetterauer-landbote.de\/wp-content\/uploads\/2014\/08\/Nagasaki2.gif","inLanguage":"de","potentialAction":[{"@type":"CommentAction","name":"Comment","target":["http:\/\/www.wetterauer-landbote.de\/?p=1158#respond"]}]},{"@type":"WebPage","@id":"http:\/\/www.wetterauer-landbote.de\/?p=1158","url":"http:\/\/www.wetterauer-landbote.de\/?p=1158","name":"Atomwaffenfreie Welt gefordert - Wetterauer-Landbote","isPartOf":{"@id":"https:\/\/www.wetterauer-landbote.de\/#website"},"primaryImageOfPage":{"@id":"http:\/\/www.wetterauer-landbote.de\/?p=1158#primaryimage"},"image":{"@id":"http:\/\/www.wetterauer-landbote.de\/?p=1158#primaryimage"},"thumbnailUrl":"http:\/\/www.wetterauer-landbote.de\/wp-content\/uploads\/2014\/08\/Nagasaki2.gif","datePublished":"2014-08-09T13:04:57+00:00","dateModified":"2014-08-09T13:06:22+00:00","author":{"@id":"https:\/\/www.wetterauer-landbote.de\/#\/schema\/person\/fa7509b189bc402f223dd5337ab92ed0"},"description":"Am 69. Jahrestag der Atombombenabw\u00fcrfe \u00fcber Hiroshima (6.8.) und Nagasaki (9.8.) gab es in Deutschland \u00fcber 60 Mahnwachen. Atomwaffenfreie Welt gefordert","breadcrumb":{"@id":"http:\/\/www.wetterauer-landbote.de\/?p=1158#breadcrumb"},"inLanguage":"de","potentialAction":[{"@type":"ReadAction","target":["http:\/\/www.wetterauer-landbote.de\/?p=1158"]}]},{"@type":"ImageObject","inLanguage":"de","@id":"http:\/\/www.wetterauer-landbote.de\/?p=1158#primaryimage","url":"https:\/\/i0.wp.com\/www.wetterauer-landbote.de\/wp-content\/uploads\/2014\/08\/Nagasaki2.gif?fit=430%2C480&ssl=1","contentUrl":"https:\/\/i0.wp.com\/www.wetterauer-landbote.de\/wp-content\/uploads\/2014\/08\/Nagasaki2.gif?fit=430%2C480&ssl=1","width":430,"height":480},{"@type":"BreadcrumbList","@id":"http:\/\/www.wetterauer-landbote.de\/?p=1158#breadcrumb","itemListElement":[{"@type":"ListItem","position":1,"name":"Home","item":"https:\/\/www.wetterauer-landbote.de\/"},{"@type":"ListItem","position":2,"name":"Atomwaffenfreie Welt gefordert"}]},{"@type":"WebSite","@id":"https:\/\/www.wetterauer-landbote.de\/#website","url":"https:\/\/www.wetterauer-landbote.de\/","name":"Wetterauer-Landbote","description":"","potentialAction":[{"@type":"SearchAction","target":{"@type":"EntryPoint","urlTemplate":"https:\/\/www.wetterauer-landbote.de\/?s={search_term_string}"},"query-input":{"@type":"PropertyValueSpecification","valueRequired":true,"valueName":"search_term_string"}}],"inLanguage":"de"},{"@type":"Person","@id":"https:\/\/www.wetterauer-landbote.de\/#\/schema\/person\/fa7509b189bc402f223dd5337ab92ed0","name":"harpo","image":{"@type":"ImageObject","inLanguage":"de","@id":"https:\/\/www.wetterauer-landbote.de\/#\/schema\/person\/image\/","url":"https:\/\/secure.gravatar.com\/avatar\/198bcecc77c146e5ea8d4540d99560b4b486a090b927ff654b2c125224d88117?s=96&d=mm&r=g","contentUrl":"https:\/\/secure.gravatar.com\/avatar\/198bcecc77c146e5ea8d4540d99560b4b486a090b927ff654b2c125224d88117?s=96&d=mm&r=g","caption":"harpo"},"url":"https:\/\/www.wetterauer-landbote.de\/?author=1"}]}},"jetpack_featured_media_url":"","jetpack_sharing_enabled":true,"jetpack_likes_enabled":true,"_links":{"self":[{"href":"https:\/\/www.wetterauer-landbote.de\/index.php?rest_route=\/wp\/v2\/posts\/1158","targetHints":{"allow":["GET"]}}],"collection":[{"href":"https:\/\/www.wetterauer-landbote.de\/index.php?rest_route=\/wp\/v2\/posts"}],"about":[{"href":"https:\/\/www.wetterauer-landbote.de\/index.php?rest_route=\/wp\/v2\/types\/post"}],"author":[{"embeddable":true,"href":"https:\/\/www.wetterauer-landbote.de\/index.php?rest_route=\/wp\/v2\/users\/1"}],"replies":[{"embeddable":true,"href":"https:\/\/www.wetterauer-landbote.de\/index.php?rest_route=%2Fwp%2Fv2%2Fcomments&post=1158"}],"version-history":[{"count":2,"href":"https:\/\/www.wetterauer-landbote.de\/index.php?rest_route=\/wp\/v2\/posts\/1158\/revisions"}],"predecessor-version":[{"id":1163,"href":"https:\/\/www.wetterauer-landbote.de\/index.php?rest_route=\/wp\/v2\/posts\/1158\/revisions\/1163"}],"wp:attachment":[{"href":"https:\/\/www.wetterauer-landbote.de\/index.php?rest_route=%2Fwp%2Fv2%2Fmedia&parent=1158"}],"wp:term":[{"taxonomy":"category","embeddable":true,"href":"https:\/\/www.wetterauer-landbote.de\/index.php?rest_route=%2Fwp%2Fv2%2Fcategories&post=1158"},{"taxonomy":"post_tag","embeddable":true,"href":"https:\/\/www.wetterauer-landbote.de\/index.php?rest_route=%2Fwp%2Fv2%2Ftags&post=1158"}],"curies":[{"name":"wp","href":"https:\/\/api.w.org\/{rel}","templated":true}]}}