{"id":1096,"date":"2014-07-14T17:40:20","date_gmt":"2014-07-14T15:40:20","guid":{"rendered":"http:\/\/www.wetterauer-landbote.de\/?p=1096"},"modified":"2014-07-14T17:40:20","modified_gmt":"2014-07-14T15:40:20","slug":"musiktage-auf-hof-trages","status":"publish","type":"post","link":"https:\/\/www.wetterauer-landbote.de\/?p=1096","title":{"rendered":"Musiktage auf Hof Trages"},"content":{"rendered":"<h1>Romantik im Park, Jazz in der Schlosskapelle<\/h1>\n<p><strong>Von Corinna Willf\u00fchr<\/strong><a href=\"https:\/\/i0.wp.com\/www.wetterauer-landbote.de\/wp-content\/uploads\/2014\/07\/hof-trages.jpg\"><img data-recalc-dims=\"1\" loading=\"lazy\" decoding=\"async\" class=\"alignright wp-image-1098 \" src=\"https:\/\/i0.wp.com\/www.wetterauer-landbote.de\/wp-content\/uploads\/2014\/07\/hof-trages.jpg?resize=327%2C248\" alt=\"hof-trages\" width=\"327\" height=\"248\" \/><\/a><\/p>\n<p>An einen wahrlich m\u00e4rchenhaften Ort l\u00e4dt der F\u00f6rderverein \u201eFreunde der sommerlichen Musiktage Hof Trages\u201c f\u00fcr Mittwoch, 30. Juli, bis Sonntag, 3. August ein. Entstand doch in dem heute denkmalgesch\u00fctzten Anwesen des Hof Trages in Freigericht-Somborn (Main-Kinzig-Kreis) im Jahre 1836 das M\u00e4rchen \u201eGockel, Hinkel und Gackeleia\u201c von Clemens von Brentano. Der Dichter war wie seine Schwester Bettina von Arnim ebenso wie Karoline von G\u00fcnderrode des \u00d6fteren zu Gast auf dem Anwesen des Juristen und sp\u00e4teren preu\u00dfischen Ministers Friedrich Carl von Savigny (1779-1861). Jener war mitnichten nur ein Experte in Rechtsfragen, sondern auch ein Lehrer der Gebr\u00fcder Jakob und Wilhelm Grimm.<\/p>\n<p><!--more--><\/p>\n<h2>Musiktage auf Hof Trages<\/h2>\n<p>Auch wenn das heute noch im Besitz der Familie Savigny befindliche Areal mittlerweile von einem 14-Loch- Golfplatz umgeben ist und das italienische Restaurant im einstigen Gutshof vor allem betuchte G\u00e4ste anlockt: Wer durchs Gel\u00e4nde streift, kann noch immer ein wenig davon sp\u00fcren, dass der Hof Trages einst ein bedeutender Ort der deutschen Romantik war.<\/p>\n<h4>Will mein G\u00e4rtlein<\/h4>\n<p><img data-recalc-dims=\"1\" loading=\"lazy\" decoding=\"async\" class=\"alignright wp-image-1099 \" src=\"https:\/\/i0.wp.com\/www.wetterauer-landbote.de\/wp-content\/uploads\/2014\/07\/Wunderhorn.jpg?resize=235%2C348\" alt=\"Wunderhorn\" width=\"235\" height=\"348\" \/>Ganz besonders, wenn er\/sie zur Veranstaltung \u201eWill in mein G\u00e4rtlein gehen\u201c am Samstag, 2. August, kommt. Denn in dem Parkkonzert ab 16 Uhr bringen die Mezzo-Sopranistin Jenny Carlsted und der Tenor Simon Bode St\u00fccke aus \u201eDes Knaben Wunderhorn\u201c zu Geh\u00f6r. Die von Clemens Brentano und Achim von Arnim in den Jahren 1805 bis 1808 erstellte Sammlung enth\u00e4lt rund 600 Liebes-, Soldaten-, Wander und Kinderlieder vom Mittelalter bis ins sp\u00e4ter 18. Jahrhundert.<br \/>\n<img data-recalc-dims=\"1\" loading=\"lazy\" decoding=\"async\" class=\"alignleft wp-image-1097\" src=\"https:\/\/i0.wp.com\/www.wetterauer-landbote.de\/wp-content\/uploads\/2014\/07\/Bode.jpg?resize=237%2C162\" alt=\"Bode\" width=\"237\" height=\"162\" \/>Jenny Carlsted und Simon Bode sind hochkar\u00e4tige Mitglieder des Ensembles der Oper Frankfurt. Begleitet werden die beiden vom \u201eWunderhorn-Ensemble\u201c mit dem Violinisten Hartmut Krause, dem Cellisten Florian Fischer, Peter Josiger am Kontrabass, Jens Bischof an der Klarinette und Silke Schurak am Horn. Burkhard Klein, der Leiter des Br\u00fcder-Grimm-Museums in Steinau, wird das Publikum in die Geschichte des \u201eKnaben Wunderhorn\u201c einf\u00fchren.<\/p>\n<h4>Spirit of New Orleans<\/h4>\n<p>Dass an einem romantischen Ort auch \u201eThe Spirit of New Orleans\u201d wehen kann, ist am Mittwoch, 30. Juli, zum Auftakt der \u201eSommerlichen Musiktage auf Hof Trages\u201c zu erleben, wenn das Reimer von Essen-Trio in der Schlosskapelle gastiert. Am Freitag, 1. August, beim Open-Air-Konzert ist die \u201eAllotria Jazzband\u201c zu erleben. Die acht Herren aus der bayerischen Landeshauptstadt spielten mit Jazz-Gr\u00f6\u00dfen wie Ellington oder Goodman und produzierten selbst 16 Langspielplatten und nat\u00fcrlich viele CDS. Das konnte Wolfgang Amadeus Mozart zu seiner Zeit noch nicht, aber seine Musik ist dennoch bis heute unvergessen. In einer Gala zum Abschluss der Musikalischen Hoftage am Sonntag, 3. August, bringen das Kammerorchester Main-Kinzig und seine Solisten (nicht nur) die sch\u00f6nsten Arien aus den Mozart-Opern \u201eDon Giovanni\u201c, \u201eFigaros Hochzeit\u201c oder \u201eCosi fan tutte\u201c zu Geh\u00f6r.<\/p>\n<h4>Kapellen-Konzerte<\/h4>\n<p>Und dazwischen: Gibt es die Kapellen-Konzerte \u201eEs treibt mich hin und her\u201c am Donnerstag, 31. Juli, 16 Uhr. Gestaltet wird das Programm mit Texten von Heinrich Heine von der Mezzosopranistin Uta Gr\u00fcnewald. Begleitet wird sie bei ihrem Vortrag von Yevgeniya Scholz an Klavier. Am Abend konzertiert ab 20 Uhr das Musiker-Paar Gabor Lieli (Klarinette) und Katharina Teufel-Lieli an der Harfe. In dem 1866 errichteten freistehenden Bau im Stile der Neugotik (siehe Foto) befindet sich die Gruft der Familie von Savigny. Ganz anders der Ort, in denen das Open-Air-Kino sein Publikum entf\u00fchrt: ins \u201e Moulin Rouge\u201c nach Paris, zu erleben im Schlosshof.<br \/>\nJahr um Jahr zieht die Kulturreihe mehr Besucher aus nah und fern an. Zur Freude von Helmuth Smola. Der Kirchenmusiker, Chorleiter und Organist ist nicht nur Dirigent der Mainz-Kinzig-Kammermusiker, die zum Abschluss aufspielen, sondern hatte 2006 auch die Idee f\u00fcr die Kulturreihe. Nach acht Jahren kann der umtriebige Organisator f\u00fcr sich, seine Mitstreiter, die Kommune Freigericht und die Kulturinitative der benachbarten Gemeinde Rodenbach als Mitveranstalter in Anspruch nehmen, einen historischen Ort mit neuem Leben erf\u00fcllt zu haben \u2013 zum einen mit Veranstaltungen, die an dessen Geschichte erinnern, zum anderen als einen Ort f\u00fcr die Kultur der Gegenwart.<br \/>\n<a href=\"http:\/\/www.musiktage-trages.de\" target=\"_blank\">musiktage-trages.de<\/a><\/p>\n","protected":false},"excerpt":{"rendered":"<p>Romantik im Park, Jazz in der Schlosskapelle Von Corinna Willf\u00fchr An einen wahrlich m\u00e4rchenhaften Ort l\u00e4dt der F\u00f6rderverein \u201eFreunde der sommerlichen Musiktage Hof Trages\u201c f\u00fcr Mittwoch, 30. Juli, bis Sonntag, 3. August ein. Entstand doch in dem heute denkmalgesch\u00fctzten Anwesen &hellip; <a href=\"https:\/\/www.wetterauer-landbote.de\/?p=1096\">Weiterlesen <span class=\"meta-nav\">&rarr;<\/span><\/a><\/p>\n","protected":false},"author":1,"featured_media":0,"comment_status":"open","ping_status":"open","sticky":false,"template":"","format":"standard","meta":{"_jetpack_memberships_contains_paid_content":false,"footnotes":""},"categories":[1],"tags":[],"class_list":["post-1096","post","type-post","status-publish","format-standard","hentry","category-allgemein"],"yoast_head":"<!-- This site is optimized with the Yoast SEO plugin v27.0 - https:\/\/yoast.com\/product\/yoast-seo-wordpress\/ -->\n<title>Musiktage auf Hof Trages - Wetterauer-Landbote<\/title>\n<meta name=\"description\" content=\"An einen wahrlich m\u00e4rchenhaften Ort l\u00e4dt der F\u00f6rderverein \u201eFreunde der sommerlichen Musiktage Hof Trages\u201c ein. Musiktage auf Hof Trages\" \/>\n<meta name=\"robots\" content=\"index, follow, max-snippet:-1, max-image-preview:large, max-video-preview:-1\" \/>\n<link rel=\"canonical\" href=\"http:\/\/www.wetterauer-landbote.de\/?p=1096\" \/>\n<meta property=\"og:locale\" content=\"de_DE\" \/>\n<meta property=\"og:type\" content=\"article\" \/>\n<meta property=\"og:title\" content=\"Musiktage auf Hof Trages - Wetterauer-Landbote\" \/>\n<meta property=\"og:description\" content=\"An einen wahrlich m\u00e4rchenhaften Ort l\u00e4dt der F\u00f6rderverein \u201eFreunde der sommerlichen Musiktage Hof Trages\u201c ein. Musiktage auf Hof Trages\" \/>\n<meta property=\"og:url\" content=\"http:\/\/www.wetterauer-landbote.de\/?p=1096\" \/>\n<meta property=\"og:site_name\" content=\"Wetterauer-Landbote\" \/>\n<meta property=\"article:published_time\" content=\"2014-07-14T15:40:20+00:00\" \/>\n<meta property=\"og:image\" content=\"http:\/\/www.wetterauer-landbote.de\/wp-content\/uploads\/2014\/07\/hof-trages-1024x768.jpg\" \/>\n<meta name=\"author\" content=\"harpo\" \/>\n<meta name=\"twitter:label1\" content=\"Verfasst von\" \/>\n\t<meta name=\"twitter:data1\" content=\"harpo\" \/>\n\t<meta name=\"twitter:label2\" content=\"Gesch\u00e4tzte Lesezeit\" \/>\n\t<meta name=\"twitter:data2\" content=\"3\u00a0Minuten\" \/>\n<script type=\"application\/ld+json\" class=\"yoast-schema-graph\">{\"@context\":\"https:\/\/schema.org\",\"@graph\":[{\"@type\":\"Article\",\"@id\":\"http:\/\/www.wetterauer-landbote.de\/?p=1096#article\",\"isPartOf\":{\"@id\":\"http:\/\/www.wetterauer-landbote.de\/?p=1096\"},\"author\":{\"name\":\"harpo\",\"@id\":\"http:\/\/www.wetterauer-landbote.de\/#\/schema\/person\/fa7509b189bc402f223dd5337ab92ed0\"},\"headline\":\"Musiktage auf Hof Trages\",\"datePublished\":\"2014-07-14T15:40:20+00:00\",\"mainEntityOfPage\":{\"@id\":\"http:\/\/www.wetterauer-landbote.de\/?p=1096\"},\"wordCount\":651,\"commentCount\":1,\"image\":{\"@id\":\"http:\/\/www.wetterauer-landbote.de\/?p=1096#primaryimage\"},\"thumbnailUrl\":\"http:\/\/www.wetterauer-landbote.de\/wp-content\/uploads\/2014\/07\/hof-trages-1024x768.jpg\",\"inLanguage\":\"de\",\"potentialAction\":[{\"@type\":\"CommentAction\",\"name\":\"Comment\",\"target\":[\"http:\/\/www.wetterauer-landbote.de\/?p=1096#respond\"]}]},{\"@type\":\"WebPage\",\"@id\":\"http:\/\/www.wetterauer-landbote.de\/?p=1096\",\"url\":\"http:\/\/www.wetterauer-landbote.de\/?p=1096\",\"name\":\"Musiktage auf Hof Trages - Wetterauer-Landbote\",\"isPartOf\":{\"@id\":\"http:\/\/www.wetterauer-landbote.de\/#website\"},\"primaryImageOfPage\":{\"@id\":\"http:\/\/www.wetterauer-landbote.de\/?p=1096#primaryimage\"},\"image\":{\"@id\":\"http:\/\/www.wetterauer-landbote.de\/?p=1096#primaryimage\"},\"thumbnailUrl\":\"http:\/\/www.wetterauer-landbote.de\/wp-content\/uploads\/2014\/07\/hof-trages-1024x768.jpg\",\"datePublished\":\"2014-07-14T15:40:20+00:00\",\"author\":{\"@id\":\"http:\/\/www.wetterauer-landbote.de\/#\/schema\/person\/fa7509b189bc402f223dd5337ab92ed0\"},\"description\":\"An einen wahrlich m\u00e4rchenhaften Ort l\u00e4dt der F\u00f6rderverein \u201eFreunde der sommerlichen Musiktage Hof Trages\u201c ein. Musiktage auf Hof Trages\",\"breadcrumb\":{\"@id\":\"http:\/\/www.wetterauer-landbote.de\/?p=1096#breadcrumb\"},\"inLanguage\":\"de\",\"potentialAction\":[{\"@type\":\"ReadAction\",\"target\":[\"http:\/\/www.wetterauer-landbote.de\/?p=1096\"]}]},{\"@type\":\"ImageObject\",\"inLanguage\":\"de\",\"@id\":\"http:\/\/www.wetterauer-landbote.de\/?p=1096#primaryimage\",\"url\":\"https:\/\/i0.wp.com\/www.wetterauer-landbote.de\/wp-content\/uploads\/2014\/07\/hof-trages.jpg?fit=4320%2C3240&ssl=1\",\"contentUrl\":\"https:\/\/i0.wp.com\/www.wetterauer-landbote.de\/wp-content\/uploads\/2014\/07\/hof-trages.jpg?fit=4320%2C3240&ssl=1\",\"width\":4320,\"height\":3240},{\"@type\":\"BreadcrumbList\",\"@id\":\"http:\/\/www.wetterauer-landbote.de\/?p=1096#breadcrumb\",\"itemListElement\":[{\"@type\":\"ListItem\",\"position\":1,\"name\":\"Home\",\"item\":\"http:\/\/www.wetterauer-landbote.de\/\"},{\"@type\":\"ListItem\",\"position\":2,\"name\":\"Musiktage auf Hof Trages\"}]},{\"@type\":\"WebSite\",\"@id\":\"http:\/\/www.wetterauer-landbote.de\/#website\",\"url\":\"http:\/\/www.wetterauer-landbote.de\/\",\"name\":\"Wetterauer-Landbote\",\"description\":\"\",\"potentialAction\":[{\"@type\":\"SearchAction\",\"target\":{\"@type\":\"EntryPoint\",\"urlTemplate\":\"http:\/\/www.wetterauer-landbote.de\/?s={search_term_string}\"},\"query-input\":{\"@type\":\"PropertyValueSpecification\",\"valueRequired\":true,\"valueName\":\"search_term_string\"}}],\"inLanguage\":\"de\"},{\"@type\":\"Person\",\"@id\":\"http:\/\/www.wetterauer-landbote.de\/#\/schema\/person\/fa7509b189bc402f223dd5337ab92ed0\",\"name\":\"harpo\",\"image\":{\"@type\":\"ImageObject\",\"inLanguage\":\"de\",\"@id\":\"http:\/\/www.wetterauer-landbote.de\/#\/schema\/person\/image\/\",\"url\":\"https:\/\/secure.gravatar.com\/avatar\/198bcecc77c146e5ea8d4540d99560b4b486a090b927ff654b2c125224d88117?s=96&d=mm&r=g\",\"contentUrl\":\"https:\/\/secure.gravatar.com\/avatar\/198bcecc77c146e5ea8d4540d99560b4b486a090b927ff654b2c125224d88117?s=96&d=mm&r=g\",\"caption\":\"harpo\"},\"url\":\"https:\/\/www.wetterauer-landbote.de\/?author=1\"}]}<\/script>\n<!-- \/ Yoast SEO plugin. -->","yoast_head_json":{"title":"Musiktage auf Hof Trages - Wetterauer-Landbote","description":"An einen wahrlich m\u00e4rchenhaften Ort l\u00e4dt der F\u00f6rderverein \u201eFreunde der sommerlichen Musiktage Hof Trages\u201c ein. Musiktage auf Hof Trages","robots":{"index":"index","follow":"follow","max-snippet":"max-snippet:-1","max-image-preview":"max-image-preview:large","max-video-preview":"max-video-preview:-1"},"canonical":"http:\/\/www.wetterauer-landbote.de\/?p=1096","og_locale":"de_DE","og_type":"article","og_title":"Musiktage auf Hof Trages - Wetterauer-Landbote","og_description":"An einen wahrlich m\u00e4rchenhaften Ort l\u00e4dt der F\u00f6rderverein \u201eFreunde der sommerlichen Musiktage Hof Trages\u201c ein. Musiktage auf Hof Trages","og_url":"http:\/\/www.wetterauer-landbote.de\/?p=1096","og_site_name":"Wetterauer-Landbote","article_published_time":"2014-07-14T15:40:20+00:00","og_image":[{"url":"http:\/\/www.wetterauer-landbote.de\/wp-content\/uploads\/2014\/07\/hof-trages-1024x768.jpg","type":"","width":"","height":""}],"author":"harpo","twitter_misc":{"Verfasst von":"harpo","Gesch\u00e4tzte Lesezeit":"3\u00a0Minuten"},"schema":{"@context":"https:\/\/schema.org","@graph":[{"@type":"Article","@id":"http:\/\/www.wetterauer-landbote.de\/?p=1096#article","isPartOf":{"@id":"http:\/\/www.wetterauer-landbote.de\/?p=1096"},"author":{"name":"harpo","@id":"http:\/\/www.wetterauer-landbote.de\/#\/schema\/person\/fa7509b189bc402f223dd5337ab92ed0"},"headline":"Musiktage auf Hof Trages","datePublished":"2014-07-14T15:40:20+00:00","mainEntityOfPage":{"@id":"http:\/\/www.wetterauer-landbote.de\/?p=1096"},"wordCount":651,"commentCount":1,"image":{"@id":"http:\/\/www.wetterauer-landbote.de\/?p=1096#primaryimage"},"thumbnailUrl":"http:\/\/www.wetterauer-landbote.de\/wp-content\/uploads\/2014\/07\/hof-trages-1024x768.jpg","inLanguage":"de","potentialAction":[{"@type":"CommentAction","name":"Comment","target":["http:\/\/www.wetterauer-landbote.de\/?p=1096#respond"]}]},{"@type":"WebPage","@id":"http:\/\/www.wetterauer-landbote.de\/?p=1096","url":"http:\/\/www.wetterauer-landbote.de\/?p=1096","name":"Musiktage auf Hof Trages - Wetterauer-Landbote","isPartOf":{"@id":"http:\/\/www.wetterauer-landbote.de\/#website"},"primaryImageOfPage":{"@id":"http:\/\/www.wetterauer-landbote.de\/?p=1096#primaryimage"},"image":{"@id":"http:\/\/www.wetterauer-landbote.de\/?p=1096#primaryimage"},"thumbnailUrl":"http:\/\/www.wetterauer-landbote.de\/wp-content\/uploads\/2014\/07\/hof-trages-1024x768.jpg","datePublished":"2014-07-14T15:40:20+00:00","author":{"@id":"http:\/\/www.wetterauer-landbote.de\/#\/schema\/person\/fa7509b189bc402f223dd5337ab92ed0"},"description":"An einen wahrlich m\u00e4rchenhaften Ort l\u00e4dt der F\u00f6rderverein \u201eFreunde der sommerlichen Musiktage Hof Trages\u201c ein. Musiktage auf Hof Trages","breadcrumb":{"@id":"http:\/\/www.wetterauer-landbote.de\/?p=1096#breadcrumb"},"inLanguage":"de","potentialAction":[{"@type":"ReadAction","target":["http:\/\/www.wetterauer-landbote.de\/?p=1096"]}]},{"@type":"ImageObject","inLanguage":"de","@id":"http:\/\/www.wetterauer-landbote.de\/?p=1096#primaryimage","url":"https:\/\/i0.wp.com\/www.wetterauer-landbote.de\/wp-content\/uploads\/2014\/07\/hof-trages.jpg?fit=4320%2C3240&ssl=1","contentUrl":"https:\/\/i0.wp.com\/www.wetterauer-landbote.de\/wp-content\/uploads\/2014\/07\/hof-trages.jpg?fit=4320%2C3240&ssl=1","width":4320,"height":3240},{"@type":"BreadcrumbList","@id":"http:\/\/www.wetterauer-landbote.de\/?p=1096#breadcrumb","itemListElement":[{"@type":"ListItem","position":1,"name":"Home","item":"http:\/\/www.wetterauer-landbote.de\/"},{"@type":"ListItem","position":2,"name":"Musiktage auf Hof Trages"}]},{"@type":"WebSite","@id":"http:\/\/www.wetterauer-landbote.de\/#website","url":"http:\/\/www.wetterauer-landbote.de\/","name":"Wetterauer-Landbote","description":"","potentialAction":[{"@type":"SearchAction","target":{"@type":"EntryPoint","urlTemplate":"http:\/\/www.wetterauer-landbote.de\/?s={search_term_string}"},"query-input":{"@type":"PropertyValueSpecification","valueRequired":true,"valueName":"search_term_string"}}],"inLanguage":"de"},{"@type":"Person","@id":"http:\/\/www.wetterauer-landbote.de\/#\/schema\/person\/fa7509b189bc402f223dd5337ab92ed0","name":"harpo","image":{"@type":"ImageObject","inLanguage":"de","@id":"http:\/\/www.wetterauer-landbote.de\/#\/schema\/person\/image\/","url":"https:\/\/secure.gravatar.com\/avatar\/198bcecc77c146e5ea8d4540d99560b4b486a090b927ff654b2c125224d88117?s=96&d=mm&r=g","contentUrl":"https:\/\/secure.gravatar.com\/avatar\/198bcecc77c146e5ea8d4540d99560b4b486a090b927ff654b2c125224d88117?s=96&d=mm&r=g","caption":"harpo"},"url":"https:\/\/www.wetterauer-landbote.de\/?author=1"}]}},"jetpack_featured_media_url":"","jetpack_sharing_enabled":true,"jetpack_likes_enabled":true,"_links":{"self":[{"href":"https:\/\/www.wetterauer-landbote.de\/index.php?rest_route=\/wp\/v2\/posts\/1096","targetHints":{"allow":["GET"]}}],"collection":[{"href":"https:\/\/www.wetterauer-landbote.de\/index.php?rest_route=\/wp\/v2\/posts"}],"about":[{"href":"https:\/\/www.wetterauer-landbote.de\/index.php?rest_route=\/wp\/v2\/types\/post"}],"author":[{"embeddable":true,"href":"https:\/\/www.wetterauer-landbote.de\/index.php?rest_route=\/wp\/v2\/users\/1"}],"replies":[{"embeddable":true,"href":"https:\/\/www.wetterauer-landbote.de\/index.php?rest_route=%2Fwp%2Fv2%2Fcomments&post=1096"}],"version-history":[{"count":1,"href":"https:\/\/www.wetterauer-landbote.de\/index.php?rest_route=\/wp\/v2\/posts\/1096\/revisions"}],"predecessor-version":[{"id":1100,"href":"https:\/\/www.wetterauer-landbote.de\/index.php?rest_route=\/wp\/v2\/posts\/1096\/revisions\/1100"}],"wp:attachment":[{"href":"https:\/\/www.wetterauer-landbote.de\/index.php?rest_route=%2Fwp%2Fv2%2Fmedia&parent=1096"}],"wp:term":[{"taxonomy":"category","embeddable":true,"href":"https:\/\/www.wetterauer-landbote.de\/index.php?rest_route=%2Fwp%2Fv2%2Fcategories&post=1096"},{"taxonomy":"post_tag","embeddable":true,"href":"https:\/\/www.wetterauer-landbote.de\/index.php?rest_route=%2Fwp%2Fv2%2Ftags&post=1096"}],"curies":[{"name":"wp","href":"https:\/\/api.w.org\/{rel}","templated":true}]}}