{"id":1018,"date":"2014-06-04T16:18:54","date_gmt":"2014-06-04T14:18:54","guid":{"rendered":"http:\/\/www.wetterauer-landbote.de\/?p=1018"},"modified":"2014-06-04T16:39:25","modified_gmt":"2014-06-04T14:39:25","slug":"aufklaerung-gegen-neonazis","status":"publish","type":"post","link":"https:\/\/www.wetterauer-landbote.de\/?p=1018","title":{"rendered":"Aufkl\u00e4rung gegen Neonazis"},"content":{"rendered":"<h1>Antifaschistische Bildungsinititiative (Antifa-Bi) hat neues B\u00fcro<\/h1>\n<p><strong>Von Bruno Rieb<\/strong><img data-recalc-dims=\"1\" loading=\"lazy\" decoding=\"async\" class=\"alignright wp-image-1019\" src=\"https:\/\/i0.wp.com\/www.wetterauer-landbote.de\/wp-content\/uploads\/2014\/06\/antifa.jpg?resize=372%2C210\" alt=\"antifa\" width=\"372\" height=\"210\" \/><\/p>\n<p>Die Antifaschistische Bildungsinitiative Wetterau (Antifa-Bi) hat ein sch\u00f6nes neues B\u00fcro mitten in der Friedberger Altstadt bezogen. Es ist Ausdruck einer erfolgreichen, vielfach gelobten Arbeit.<\/p>\n<p><!--more--><\/p>\n<h2>Aufkl\u00e4rung gegen Neonazis<\/h2>\n<p>Seit 2005 kl\u00e4rt der Verein Antifaschistische Bildungsinitiative \u00fcber neonazistische Umtriebe in der Wetterau auf. 180 Mitglieder z\u00e4hlt er inzwischen, darunter auch Parteien wie SPD, Linke und Gr\u00fcne, Kommunen sind dabei, auch FDP-Mitglieder und sogar Pfarrer. \u201eWir sind breit aufgestellt\u201c, sagt der Vorsitzende Andreas Balser. Zur B\u00fcroer\u00f6ffnung am 31. Mai und 1. Juni kamen jeweils rund 100 Leute, darunter auch der Landrat und der 1. Kreisbeigeordnete. Die Antifa-Bi hat sich durch ihre hartn\u00e4ckige Aufkl\u00e4rungsarbeit gegen Neonazis einen guten Ruf erarbeitet. Ihre Arbeit finanziert sie durch die Mitgliedsbeitr\u00e4ge ab einen Euro pro Jahr und durch Spenden.<\/p>\n<p><iframe loading=\"lazy\" title=\"Rechte Aktivit\u00e4ten in der Wetterau\" width=\"584\" height=\"329\" src=\"https:\/\/www.youtube.com\/embed\/O-CouEs9B2I?feature=oembed\" frameborder=\"0\" allow=\"accelerometer; autoplay; clipboard-write; encrypted-media; gyroscope; picture-in-picture; web-share\" referrerpolicy=\"strict-origin-when-cross-origin\" allowfullscreen><\/iframe><\/p>\n<p>Als der Verein vor acht Jahren gegr\u00fcndet wurde, ging es noch hoch her. Neonazis seien mit Gewalt gegen Vereinsmitglieder vorgegangen, berichtet Balser. Damals hatte sich der Freie Nationalist Marcel W\u00f6ll in der Wetterau niedergelassen und versuchte in Hoch-Weisel ein Bildungszentrum aufzuziehen. W\u00f6ll brachte es bis zum Landesvorsitzenden der NPD. Der Spuk war aber bald wieder vorbei. W\u00f6ll setzte sich nach Th\u00fcringen ab.<\/p>\n<p>Die rechtsextremen Aktivit\u00e4ten haben sich in die \u00f6stliche Wetterau verlagert. Hier wohnen einige hochrangige hessische NPD-Funktion\u00e4re. Die Gastst\u00e4tte Schroth im B\u00fcdinger Stadtteil Orleshausen ist zu einem \u00fcberregionalen Veranstaltungsort der Neonazis geworden. K\u00fcrzlich versammelten sich hier rund 30 Junge Neonazis zu einer Schulung. Das sogenannte \u201eFreie Netz Hessen\u201c, eine Plattform der militanten Neonaziszene im Internet, berichtete \u00fcber das Treffen. Das zeige, dass mehr gegen die Rekrutierung junger Menschen durch die Neonazis getan werden m\u00fcsse, meint Balser.<\/p>\n<p>Die Antifa Bi tut das recht erfolgreich. Zu dem Film \u201eBlut muss flie\u00dfen\u201c bietet sie Schulworkshops an. Rund 16000 Menschen hat sie damit seit Anfang 2013 bereits erreicht, weit \u00fcber die Wetterau hinaus. Ende M\u00e4rz trat sie auf Einladung der Lehrergewerkschaft GEW mit dem Vortrag \u201eRechtsrock und Rechtsextremismus im Unterricht\u201c auf der Messe Didacta in Stuttgart auf.<\/p>\n<p>Mit einem Gebr\u00e4u aus Partys, Nazikult, Drogen und Gewalt scharte ein Rechtsextremer in Echzell, der sich selbst \u201eSchlitzer\u201c nannte, eine stattliche Anh\u00e4ngerschar um sich. Die Antifa Bi machte auf sein Treiben aufmerksam. Inzwischen sitzt der \u201eSchlitzer\u201c im Knast. Seine Bande, die sich \u201eOld Brothers\u201c nannte, hat sich aufgel\u00f6st. \u201eDie Anlaufstelle ist weg\u201c, sagt Balser. Gleichwohl sind einige aus dem Schlitzer-Umfeld noch in der rechten Szene aktiv.<\/p>\n<p>Ein neue Schnittstelle der rechtsextremen Szene hat sich mit der Projektwerkstatt in Karben entwickelt. Es sind laut Balser vor allem Neurechte aus Frankfurt, die sich hier versammeln. In Karben hat sich ein breites B\u00fcndnis gegen die Projektwerkstatt etabliert.<\/p>\n<p>Die Alternative f\u00fcr Deutschland (AfD) hat bei der Europawahl auch in der Wetterau kr\u00e4ftig Stimmen gesammelt. Balser spricht von einer \u201erechten Protestpartei\u201c. Sie sei f\u00fcr Neonazis ingteressant. So werbe ein ehemaliges NPD-Mitglied inzwischen f\u00fcr die AfD. Der NPDler war bekannt geworden, weil er im B\u00fcrgerb\u00fcro der Stadt Friedberg gearbeitet hatte. Nach Protesten war er versetzt worden.<\/p>\n<p>F\u00fcr ihre beharrlich Aufkl\u00e4rungsarbeit ist die Antifa-Bi mehrfach geehrt worden. Sie hat 2008 den Ehrenamtspreis der Wetterauer SPD erhalten. 2012 wurde sie vom Verein \u201eZivilcourage vereint\u201c ausgezeichnet.<\/p>\n<p>Im B\u00fcro der Antifa-Bi gibt es reichlich Informationsmaterial \u00fcber Neonazis. Eine Bibliothek, die Zeitschrift \u201eDer rechte Rand\u201c ist ebenso archiviert wie das Antifaschistische Infoblatt und zahlreiche Zeitungsartikel sowie kostenloses Informationsmaterial des Beratungsnetzwerkes Hessen. Workshops f\u00fcr Schulen mit dem Film \u201eBlut muss flie\u00dfen\u201c k\u00f6nnen hier vereinbart werden.<\/p>\n<p>Das neue B\u00fcro ist in der Schulstra\u00dfe 15 in Friedberg. Die \u00d6ffnungszeiten stehen noch nicht fest. Sie werden demn\u00e4chst auf der <a href=\"http:\/\/antifabi.de\/\" target=\"blank\">Homepage<\/a> der Bildungsinitiative ver\u00f6ffentlicht.<br \/>\nInformationen \u00fcber den film &#8222;Blut muss flie\u00dfen&#8220; gibt es <a href=\"http:\/\/www.filmfaktum.de\/de\/projekte-2\/blut-muss-fliessen-der-film.html\" target=\"blank\">hier<\/a><\/p>\n","protected":false},"excerpt":{"rendered":"<p>Antifaschistische Bildungsinititiative (Antifa-Bi) hat neues B\u00fcro Von Bruno Rieb Die Antifaschistische Bildungsinitiative Wetterau (Antifa-Bi) hat ein sch\u00f6nes neues B\u00fcro mitten in der Friedberger Altstadt bezogen. Es ist Ausdruck einer erfolgreichen, vielfach gelobten Arbeit.<\/p>\n","protected":false},"author":1,"featured_media":0,"comment_status":"open","ping_status":"open","sticky":false,"template":"","format":"standard","meta":{"_jetpack_memberships_contains_paid_content":false,"footnotes":""},"categories":[1],"tags":[],"class_list":["post-1018","post","type-post","status-publish","format-standard","hentry","category-allgemein"],"yoast_head":"<!-- This site is optimized with the Yoast SEO plugin v27.0 - https:\/\/yoast.com\/product\/yoast-seo-wordpress\/ -->\n<title>Aufkl\u00e4rung gegen Neonazis - Wetterauer-Landbote<\/title>\n<meta name=\"description\" content=\"Die Antifaschistische Bildungsinitiative Wetterau (Antifa-Bi) betreibt erfolgreich Aufkl\u00e4rung gegen Neonazis. Sie hat ein neues B\u00fcro in Friedberg bezogen.\" \/>\n<meta name=\"robots\" content=\"index, follow, max-snippet:-1, max-image-preview:large, max-video-preview:-1\" \/>\n<link rel=\"canonical\" href=\"http:\/\/www.wetterauer-landbote.de\/?p=1018\" \/>\n<meta property=\"og:locale\" content=\"de_DE\" \/>\n<meta property=\"og:type\" content=\"article\" \/>\n<meta property=\"og:title\" content=\"Aufkl\u00e4rung gegen Neonazis - Wetterauer-Landbote\" \/>\n<meta property=\"og:description\" content=\"Die Antifaschistische Bildungsinitiative Wetterau (Antifa-Bi) betreibt erfolgreich Aufkl\u00e4rung gegen Neonazis. Sie hat ein neues B\u00fcro in Friedberg bezogen.\" \/>\n<meta property=\"og:url\" content=\"http:\/\/www.wetterauer-landbote.de\/?p=1018\" \/>\n<meta property=\"og:site_name\" content=\"Wetterauer-Landbote\" \/>\n<meta property=\"article:published_time\" content=\"2014-06-04T14:18:54+00:00\" \/>\n<meta property=\"article:modified_time\" content=\"2014-06-04T14:39:25+00:00\" \/>\n<meta property=\"og:image\" content=\"http:\/\/www.wetterauer-landbote.de\/wp-content\/uploads\/2014\/06\/antifa.jpg\" \/>\n<meta name=\"author\" content=\"harpo\" \/>\n<meta name=\"twitter:label1\" content=\"Verfasst von\" \/>\n\t<meta name=\"twitter:data1\" content=\"harpo\" \/>\n\t<meta name=\"twitter:label2\" content=\"Gesch\u00e4tzte Lesezeit\" \/>\n\t<meta name=\"twitter:data2\" content=\"3\u00a0Minuten\" \/>\n<script type=\"application\/ld+json\" class=\"yoast-schema-graph\">{\"@context\":\"https:\/\/schema.org\",\"@graph\":[{\"@type\":\"Article\",\"@id\":\"http:\/\/www.wetterauer-landbote.de\/?p=1018#article\",\"isPartOf\":{\"@id\":\"http:\/\/www.wetterauer-landbote.de\/?p=1018\"},\"author\":{\"name\":\"harpo\",\"@id\":\"http:\/\/www.wetterauer-landbote.de\/#\/schema\/person\/fa7509b189bc402f223dd5337ab92ed0\"},\"headline\":\"Aufkl\u00e4rung gegen Neonazis\",\"datePublished\":\"2014-06-04T14:18:54+00:00\",\"dateModified\":\"2014-06-04T14:39:25+00:00\",\"mainEntityOfPage\":{\"@id\":\"http:\/\/www.wetterauer-landbote.de\/?p=1018\"},\"wordCount\":636,\"commentCount\":0,\"image\":{\"@id\":\"http:\/\/www.wetterauer-landbote.de\/?p=1018#primaryimage\"},\"thumbnailUrl\":\"http:\/\/www.wetterauer-landbote.de\/wp-content\/uploads\/2014\/06\/antifa.jpg\",\"inLanguage\":\"de\",\"potentialAction\":[{\"@type\":\"CommentAction\",\"name\":\"Comment\",\"target\":[\"http:\/\/www.wetterauer-landbote.de\/?p=1018#respond\"]}]},{\"@type\":\"WebPage\",\"@id\":\"http:\/\/www.wetterauer-landbote.de\/?p=1018\",\"url\":\"http:\/\/www.wetterauer-landbote.de\/?p=1018\",\"name\":\"Aufkl\u00e4rung gegen Neonazis - Wetterauer-Landbote\",\"isPartOf\":{\"@id\":\"http:\/\/www.wetterauer-landbote.de\/#website\"},\"primaryImageOfPage\":{\"@id\":\"http:\/\/www.wetterauer-landbote.de\/?p=1018#primaryimage\"},\"image\":{\"@id\":\"http:\/\/www.wetterauer-landbote.de\/?p=1018#primaryimage\"},\"thumbnailUrl\":\"http:\/\/www.wetterauer-landbote.de\/wp-content\/uploads\/2014\/06\/antifa.jpg\",\"datePublished\":\"2014-06-04T14:18:54+00:00\",\"dateModified\":\"2014-06-04T14:39:25+00:00\",\"author\":{\"@id\":\"http:\/\/www.wetterauer-landbote.de\/#\/schema\/person\/fa7509b189bc402f223dd5337ab92ed0\"},\"description\":\"Die Antifaschistische Bildungsinitiative Wetterau (Antifa-Bi) betreibt erfolgreich Aufkl\u00e4rung gegen Neonazis. Sie hat ein neues B\u00fcro in Friedberg bezogen.\",\"breadcrumb\":{\"@id\":\"http:\/\/www.wetterauer-landbote.de\/?p=1018#breadcrumb\"},\"inLanguage\":\"de\",\"potentialAction\":[{\"@type\":\"ReadAction\",\"target\":[\"http:\/\/www.wetterauer-landbote.de\/?p=1018\"]}]},{\"@type\":\"ImageObject\",\"inLanguage\":\"de\",\"@id\":\"http:\/\/www.wetterauer-landbote.de\/?p=1018#primaryimage\",\"url\":\"https:\/\/i0.wp.com\/www.wetterauer-landbote.de\/wp-content\/uploads\/2014\/06\/antifa.jpg?fit=791%2C437&ssl=1\",\"contentUrl\":\"https:\/\/i0.wp.com\/www.wetterauer-landbote.de\/wp-content\/uploads\/2014\/06\/antifa.jpg?fit=791%2C437&ssl=1\",\"width\":791,\"height\":437},{\"@type\":\"BreadcrumbList\",\"@id\":\"http:\/\/www.wetterauer-landbote.de\/?p=1018#breadcrumb\",\"itemListElement\":[{\"@type\":\"ListItem\",\"position\":1,\"name\":\"Home\",\"item\":\"http:\/\/www.wetterauer-landbote.de\/\"},{\"@type\":\"ListItem\",\"position\":2,\"name\":\"Aufkl\u00e4rung gegen Neonazis\"}]},{\"@type\":\"WebSite\",\"@id\":\"http:\/\/www.wetterauer-landbote.de\/#website\",\"url\":\"http:\/\/www.wetterauer-landbote.de\/\",\"name\":\"Wetterauer-Landbote\",\"description\":\"\",\"potentialAction\":[{\"@type\":\"SearchAction\",\"target\":{\"@type\":\"EntryPoint\",\"urlTemplate\":\"http:\/\/www.wetterauer-landbote.de\/?s={search_term_string}\"},\"query-input\":{\"@type\":\"PropertyValueSpecification\",\"valueRequired\":true,\"valueName\":\"search_term_string\"}}],\"inLanguage\":\"de\"},{\"@type\":\"Person\",\"@id\":\"http:\/\/www.wetterauer-landbote.de\/#\/schema\/person\/fa7509b189bc402f223dd5337ab92ed0\",\"name\":\"harpo\",\"image\":{\"@type\":\"ImageObject\",\"inLanguage\":\"de\",\"@id\":\"http:\/\/www.wetterauer-landbote.de\/#\/schema\/person\/image\/\",\"url\":\"https:\/\/secure.gravatar.com\/avatar\/198bcecc77c146e5ea8d4540d99560b4b486a090b927ff654b2c125224d88117?s=96&d=mm&r=g\",\"contentUrl\":\"https:\/\/secure.gravatar.com\/avatar\/198bcecc77c146e5ea8d4540d99560b4b486a090b927ff654b2c125224d88117?s=96&d=mm&r=g\",\"caption\":\"harpo\"},\"url\":\"https:\/\/www.wetterauer-landbote.de\/?author=1\"}]}<\/script>\n<!-- \/ Yoast SEO plugin. -->","yoast_head_json":{"title":"Aufkl\u00e4rung gegen Neonazis - Wetterauer-Landbote","description":"Die Antifaschistische Bildungsinitiative Wetterau (Antifa-Bi) betreibt erfolgreich Aufkl\u00e4rung gegen Neonazis. Sie hat ein neues B\u00fcro in Friedberg bezogen.","robots":{"index":"index","follow":"follow","max-snippet":"max-snippet:-1","max-image-preview":"max-image-preview:large","max-video-preview":"max-video-preview:-1"},"canonical":"http:\/\/www.wetterauer-landbote.de\/?p=1018","og_locale":"de_DE","og_type":"article","og_title":"Aufkl\u00e4rung gegen Neonazis - Wetterauer-Landbote","og_description":"Die Antifaschistische Bildungsinitiative Wetterau (Antifa-Bi) betreibt erfolgreich Aufkl\u00e4rung gegen Neonazis. Sie hat ein neues B\u00fcro in Friedberg bezogen.","og_url":"http:\/\/www.wetterauer-landbote.de\/?p=1018","og_site_name":"Wetterauer-Landbote","article_published_time":"2014-06-04T14:18:54+00:00","article_modified_time":"2014-06-04T14:39:25+00:00","og_image":[{"url":"http:\/\/www.wetterauer-landbote.de\/wp-content\/uploads\/2014\/06\/antifa.jpg","type":"","width":"","height":""}],"author":"harpo","twitter_misc":{"Verfasst von":"harpo","Gesch\u00e4tzte Lesezeit":"3\u00a0Minuten"},"schema":{"@context":"https:\/\/schema.org","@graph":[{"@type":"Article","@id":"http:\/\/www.wetterauer-landbote.de\/?p=1018#article","isPartOf":{"@id":"http:\/\/www.wetterauer-landbote.de\/?p=1018"},"author":{"name":"harpo","@id":"http:\/\/www.wetterauer-landbote.de\/#\/schema\/person\/fa7509b189bc402f223dd5337ab92ed0"},"headline":"Aufkl\u00e4rung gegen Neonazis","datePublished":"2014-06-04T14:18:54+00:00","dateModified":"2014-06-04T14:39:25+00:00","mainEntityOfPage":{"@id":"http:\/\/www.wetterauer-landbote.de\/?p=1018"},"wordCount":636,"commentCount":0,"image":{"@id":"http:\/\/www.wetterauer-landbote.de\/?p=1018#primaryimage"},"thumbnailUrl":"http:\/\/www.wetterauer-landbote.de\/wp-content\/uploads\/2014\/06\/antifa.jpg","inLanguage":"de","potentialAction":[{"@type":"CommentAction","name":"Comment","target":["http:\/\/www.wetterauer-landbote.de\/?p=1018#respond"]}]},{"@type":"WebPage","@id":"http:\/\/www.wetterauer-landbote.de\/?p=1018","url":"http:\/\/www.wetterauer-landbote.de\/?p=1018","name":"Aufkl\u00e4rung gegen Neonazis - Wetterauer-Landbote","isPartOf":{"@id":"http:\/\/www.wetterauer-landbote.de\/#website"},"primaryImageOfPage":{"@id":"http:\/\/www.wetterauer-landbote.de\/?p=1018#primaryimage"},"image":{"@id":"http:\/\/www.wetterauer-landbote.de\/?p=1018#primaryimage"},"thumbnailUrl":"http:\/\/www.wetterauer-landbote.de\/wp-content\/uploads\/2014\/06\/antifa.jpg","datePublished":"2014-06-04T14:18:54+00:00","dateModified":"2014-06-04T14:39:25+00:00","author":{"@id":"http:\/\/www.wetterauer-landbote.de\/#\/schema\/person\/fa7509b189bc402f223dd5337ab92ed0"},"description":"Die Antifaschistische Bildungsinitiative Wetterau (Antifa-Bi) betreibt erfolgreich Aufkl\u00e4rung gegen Neonazis. Sie hat ein neues B\u00fcro in Friedberg bezogen.","breadcrumb":{"@id":"http:\/\/www.wetterauer-landbote.de\/?p=1018#breadcrumb"},"inLanguage":"de","potentialAction":[{"@type":"ReadAction","target":["http:\/\/www.wetterauer-landbote.de\/?p=1018"]}]},{"@type":"ImageObject","inLanguage":"de","@id":"http:\/\/www.wetterauer-landbote.de\/?p=1018#primaryimage","url":"https:\/\/i0.wp.com\/www.wetterauer-landbote.de\/wp-content\/uploads\/2014\/06\/antifa.jpg?fit=791%2C437&ssl=1","contentUrl":"https:\/\/i0.wp.com\/www.wetterauer-landbote.de\/wp-content\/uploads\/2014\/06\/antifa.jpg?fit=791%2C437&ssl=1","width":791,"height":437},{"@type":"BreadcrumbList","@id":"http:\/\/www.wetterauer-landbote.de\/?p=1018#breadcrumb","itemListElement":[{"@type":"ListItem","position":1,"name":"Home","item":"http:\/\/www.wetterauer-landbote.de\/"},{"@type":"ListItem","position":2,"name":"Aufkl\u00e4rung gegen Neonazis"}]},{"@type":"WebSite","@id":"http:\/\/www.wetterauer-landbote.de\/#website","url":"http:\/\/www.wetterauer-landbote.de\/","name":"Wetterauer-Landbote","description":"","potentialAction":[{"@type":"SearchAction","target":{"@type":"EntryPoint","urlTemplate":"http:\/\/www.wetterauer-landbote.de\/?s={search_term_string}"},"query-input":{"@type":"PropertyValueSpecification","valueRequired":true,"valueName":"search_term_string"}}],"inLanguage":"de"},{"@type":"Person","@id":"http:\/\/www.wetterauer-landbote.de\/#\/schema\/person\/fa7509b189bc402f223dd5337ab92ed0","name":"harpo","image":{"@type":"ImageObject","inLanguage":"de","@id":"http:\/\/www.wetterauer-landbote.de\/#\/schema\/person\/image\/","url":"https:\/\/secure.gravatar.com\/avatar\/198bcecc77c146e5ea8d4540d99560b4b486a090b927ff654b2c125224d88117?s=96&d=mm&r=g","contentUrl":"https:\/\/secure.gravatar.com\/avatar\/198bcecc77c146e5ea8d4540d99560b4b486a090b927ff654b2c125224d88117?s=96&d=mm&r=g","caption":"harpo"},"url":"https:\/\/www.wetterauer-landbote.de\/?author=1"}]}},"jetpack_featured_media_url":"","jetpack_sharing_enabled":true,"jetpack_likes_enabled":true,"_links":{"self":[{"href":"https:\/\/www.wetterauer-landbote.de\/index.php?rest_route=\/wp\/v2\/posts\/1018","targetHints":{"allow":["GET"]}}],"collection":[{"href":"https:\/\/www.wetterauer-landbote.de\/index.php?rest_route=\/wp\/v2\/posts"}],"about":[{"href":"https:\/\/www.wetterauer-landbote.de\/index.php?rest_route=\/wp\/v2\/types\/post"}],"author":[{"embeddable":true,"href":"https:\/\/www.wetterauer-landbote.de\/index.php?rest_route=\/wp\/v2\/users\/1"}],"replies":[{"embeddable":true,"href":"https:\/\/www.wetterauer-landbote.de\/index.php?rest_route=%2Fwp%2Fv2%2Fcomments&post=1018"}],"version-history":[{"count":5,"href":"https:\/\/www.wetterauer-landbote.de\/index.php?rest_route=\/wp\/v2\/posts\/1018\/revisions"}],"predecessor-version":[{"id":1026,"href":"https:\/\/www.wetterauer-landbote.de\/index.php?rest_route=\/wp\/v2\/posts\/1018\/revisions\/1026"}],"wp:attachment":[{"href":"https:\/\/www.wetterauer-landbote.de\/index.php?rest_route=%2Fwp%2Fv2%2Fmedia&parent=1018"}],"wp:term":[{"taxonomy":"category","embeddable":true,"href":"https:\/\/www.wetterauer-landbote.de\/index.php?rest_route=%2Fwp%2Fv2%2Fcategories&post=1018"},{"taxonomy":"post_tag","embeddable":true,"href":"https:\/\/www.wetterauer-landbote.de\/index.php?rest_route=%2Fwp%2Fv2%2Ftags&post=1018"}],"curies":[{"name":"wp","href":"https:\/\/api.w.org\/{rel}","templated":true}]}}