{"id":988,"date":"2014-05-22T15:31:45","date_gmt":"2014-05-22T13:31:45","guid":{"rendered":"http:\/\/www.wetterauer-landbote.de\/?p=988"},"modified":"2014-05-22T15:52:04","modified_gmt":"2014-05-22T13:52:04","slug":"die-neonazis-und-ihr-kondom","status":"publish","type":"post","link":"http:\/\/www.wetterauer-landbote.de\/?p=988","title":{"rendered":"Die Neonazis und ihr Kondom"},"content":{"rendered":"<p><strong>Von Anton J. Seib<\/strong><\/p>\n<p>W\u00f6lfersheims B\u00fcrgermeister Rouven K\u00f6tter (SPD) war ebenso entsetzt, als er den Brief <a href=\"https:\/\/i0.wp.com\/www.wetterauer-landbote.de\/wp-content\/uploads\/2014\/05\/nazikondom.gif\"><img data-recalc-dims=\"1\" loading=\"lazy\" decoding=\"async\" class=\"alignright wp-image-989 \" src=\"https:\/\/i0.wp.com\/www.wetterauer-landbote.de\/wp-content\/uploads\/2014\/05\/nazikondom.gif?resize=210%2C208\" alt=\"nazikondom\" width=\"210\" height=\"208\" srcset=\"https:\/\/i0.wp.com\/www.wetterauer-landbote.de\/wp-content\/uploads\/2014\/05\/nazikondom.gif?resize=1024%2C1013 1024w, https:\/\/i0.wp.com\/www.wetterauer-landbote.de\/wp-content\/uploads\/2014\/05\/nazikondom.gif?resize=150%2C150 150w, https:\/\/i0.wp.com\/www.wetterauer-landbote.de\/wp-content\/uploads\/2014\/05\/nazikondom.gif?resize=300%2C296 300w, https:\/\/i0.wp.com\/www.wetterauer-landbote.de\/wp-content\/uploads\/2014\/05\/nazikondom.gif?resize=303%2C300 303w, https:\/\/i0.wp.com\/www.wetterauer-landbote.de\/wp-content\/uploads\/2014\/05\/nazikondom.gif?w=1168 1168w, https:\/\/i0.wp.com\/www.wetterauer-landbote.de\/wp-content\/uploads\/2014\/05\/nazikondom.gif?w=1752 1752w\" sizes=\"auto, (max-width: 210px) 100vw, 210px\" \/><\/a>\u00f6ffnete, wie der Gederner Pfarrer Kurt Johann. Beide hielten eine Hetzschrift in H\u00e4nden, Absender &#8222;Die Jugend f\u00fcr Deutschland &#8211; JN&#8220;, das ist die Jugendorganisation der rechtsradikalen NPD. Unterschrieben war das Pamphlet nicht. Beigef\u00fcgt war allerdings ein Kondom, &#8222;aus Protest gegen Ihre Politik&#8220;. Die sieht nach den Vorstellungen der Rechten unter anderem so aus: &#8222;Unkontrollierte Einwanderungspolitik&#8220; und der &#8222;damit verbundene Bev\u00f6lkerungsaustausch in unserem Land&#8220;. Und: &#8222;Wir sprechen Ihnen die Interessenvertretung der deutschen Belange ab.&#8220; Botschaft an die Adressaten: Besser w\u00e4re es, ihr pflanzt euch nicht mehr fort.<\/p>\n<p><!--more--><\/p>\n<h1>Die Neonazis und ihr Kondom<\/h1>\n<p>Sowohl Rouven K\u00f6tter als auch Pfarrer Johann lie\u00dfen sich durch die volksverhetzende Aktion nicht einsch\u00fcchtern. \u00dcber Facebook wendeten sie sich am Donnerstag an die \u00d6ffentlichkeit. Johann schreibt: &#8222;Habe heute Post der Jungen Nationalsozialisten, kurz JN also NPD bekommen. Danach bin ich ein Auserw\u00e4hlter Deutscher, der sich nicht mehr fortpflanzen soll. Das ist eine solche Sauerei und zudem feige bis zum Abwinken, mir ein solches personalisiertes Schreiben zu schicken und selbst zu feige zu sein, mit eigenem Namen zu unterschreiben.&#8220;<\/p>\n<p>Und weiter: &#8222;Neben dem damit verbundenen \u00c4rger, nehme ich dieses Anschreiben allerdings auch als Anerkennung unserer kirchlichen Arbeit mit Fl\u00fcchtlingen in der Nachfolge unseres Herrn Jesus Christus.<br \/>\nUnd falls es einer dieser verblendeten Deppen liest: ihr kriegt mich nicht klein, das kann ich euch versprechen. Ihr nicht!<br \/>\nIch stelle dies ein, damit deutlich wird, welches Gewalt- und Hasspotential die NPD hat. Die darf man nicht w\u00e4hlen, hier nicht, in Europa nicht und schon gar nicht aus blo\u00dfem Frust. Mein Kampf f\u00fcr Menschlichkeit und N\u00e4chstenliebe geht weiter, von Faschisten lasse ich mich nicht beeindrucken. Sowas motiviert mich h\u00f6chstens.&#8220;<\/p>\n<p>K\u00f6tter: &#8222;Ich bin fassungslos: die NPD-Jugend schickt mir ein Kondom f\u00fcr &#8222;Ausl\u00e4nder und ausgew\u00e4hlte Deutsche&#8220;. Botschaft: Ich soll mich nicht mehr fortpflanzen, weil meine Politik unser Land gef\u00e4hrde&#8230; Eine unfassbar niveaulose Aktion!&#8220;<\/p>\n<p>Die Wetterauer Linke-Vorsitzende und Kreistagsabgeordnete Gabi Faulhaber hat ebenfalls das Schreiben bekommen. Sie werde Anzeige erstatten, verk\u00fcndet sie in einer Pressemitteilung. Die Briefe sollen &#8222;offensichtlich einsch\u00fcchtern und signalisieren: wir wissen, wer du bist und wo du wohnst&#8230;&#8220;, meint sie.<\/p>\n<p>Die Reaktion auf Facebook auf die Aktion der Neonazis ist eindeutig: Hier eine Auswahl:<\/p>\n<p>&#8222;Wann wird diese Truppe endlich verboten, das ist Rassenwahn im Jahre 2014.&#8220;<\/p>\n<p>&#8222;Die braunen Spacken haben doch echt einen an der Klatsche!!! W\u00fcrd mal sagen, dass das nach ner passenden Gegenaktion schreit: Kondome f\u00fcr Nazis und sonstige ausl\u00e4nderfeindliche Extremisten.&#8220;<\/p>\n<p>&#8222;Wie einige schon geschrieben haben, Rouven: Du machst alles richtig &amp; diese braune Brut \u00e4rgert sich nen Wolf. Lass dich nicht beirren.&#8220;<\/p>\n<p>&#8222;ich w\u00fcrde das als kompliment f\u00fcr meine politischen aktivit\u00e4ten sehen, denn dieser brief zeigt doch, das du nicht so denkst wie diese braune brut.&#8220;<\/p>\n<p>&#8222;Sehr gute Idee, das \u00f6ffentlich zu machen. Besser k\u00f6nnen sich solche Leute selbst nicht blo\u00dfstellen.<br \/>\nDas ist nicht mal die Zeit wert, die Behauptungen im Brief mit Argumenten zu widerlegen.&#8220;<\/p>\n<p>&#8222;Es m\u00fc\u00dfte ein Gesetz geben, welches \u00f6ffentliche \u00c4u\u00dferungen erst ab einem bestimmten IQ zul\u00e4sst. Dieser Brief hat nichts mehr mit demokratischer Meinungsfreiheit zu tun.&#8220;<\/p>\n<p>&#8222;Das ist traurig &#8230;. mehr kann man dazu nicht sagen.&#8220;<\/p>\n","protected":false},"excerpt":{"rendered":"<p>Von Anton J. Seib W\u00f6lfersheims B\u00fcrgermeister Rouven K\u00f6tter (SPD) war ebenso entsetzt, als er den Brief \u00f6ffnete, wie der Gederner Pfarrer Kurt Johann. Beide hielten eine Hetzschrift in H\u00e4nden, Absender &#8222;Die Jugend f\u00fcr Deutschland &#8211; JN&#8220;, das ist die Jugendorganisation &hellip; <a href=\"http:\/\/www.wetterauer-landbote.de\/?p=988\">Weiterlesen <span class=\"meta-nav\">&rarr;<\/span><\/a><\/p>\n","protected":false},"author":1,"featured_media":0,"comment_status":"open","ping_status":"open","sticky":false,"template":"","format":"standard","meta":{"_jetpack_memberships_contains_paid_content":false,"footnotes":""},"categories":[1],"tags":[],"class_list":["post-988","post","type-post","status-publish","format-standard","hentry","category-allgemein"],"yoast_head":"<!-- This site is optimized with the Yoast SEO plugin v27.0 - https:\/\/yoast.com\/product\/yoast-seo-wordpress\/ -->\n<title>Die Neonazis und ihr Kondom - Wetterauer-Landbote<\/title>\n<meta name=\"description\" content=\"Der NPD-Nachwuchs verschickt Kondome an Wetzterauer Politiker und Pfarrer und erntet Emp\u00f6rung. Die Neonazis und ihr Kondom\" \/>\n<meta name=\"robots\" content=\"index, follow, max-snippet:-1, max-image-preview:large, max-video-preview:-1\" \/>\n<link rel=\"canonical\" href=\"http:\/\/www.wetterauer-landbote.de\/?p=988\" \/>\n<meta property=\"og:locale\" content=\"de_DE\" \/>\n<meta property=\"og:type\" content=\"article\" \/>\n<meta property=\"og:title\" content=\"Die Neonazis und ihr Kondom - Wetterauer-Landbote\" \/>\n<meta property=\"og:description\" content=\"Der NPD-Nachwuchs verschickt Kondome an Wetzterauer Politiker und Pfarrer und erntet Emp\u00f6rung. Die Neonazis und ihr Kondom\" \/>\n<meta property=\"og:url\" content=\"http:\/\/www.wetterauer-landbote.de\/?p=988\" \/>\n<meta property=\"og:site_name\" content=\"Wetterauer-Landbote\" \/>\n<meta property=\"article:published_time\" content=\"2014-05-22T13:31:45+00:00\" \/>\n<meta property=\"article:modified_time\" content=\"2014-05-22T13:52:04+00:00\" \/>\n<meta property=\"og:image\" content=\"http:\/\/www.wetterauer-landbote.de\/wp-content\/uploads\/2014\/05\/nazikondom-1024x1013.gif\" \/>\n<meta name=\"author\" content=\"harpo\" \/>\n<meta name=\"twitter:label1\" content=\"Verfasst von\" \/>\n\t<meta name=\"twitter:data1\" content=\"harpo\" \/>\n\t<meta name=\"twitter:label2\" content=\"Gesch\u00e4tzte Lesezeit\" \/>\n\t<meta name=\"twitter:data2\" content=\"3\u00a0Minuten\" \/>\n<script type=\"application\/ld+json\" class=\"yoast-schema-graph\">{\"@context\":\"https:\/\/schema.org\",\"@graph\":[{\"@type\":\"Article\",\"@id\":\"http:\/\/www.wetterauer-landbote.de\/?p=988#article\",\"isPartOf\":{\"@id\":\"http:\/\/www.wetterauer-landbote.de\/?p=988\"},\"author\":{\"name\":\"harpo\",\"@id\":\"http:\/\/www.wetterauer-landbote.de\/#\/schema\/person\/fa7509b189bc402f223dd5337ab92ed0\"},\"headline\":\"Die Neonazis und ihr Kondom\",\"datePublished\":\"2014-05-22T13:31:45+00:00\",\"dateModified\":\"2014-05-22T13:52:04+00:00\",\"mainEntityOfPage\":{\"@id\":\"http:\/\/www.wetterauer-landbote.de\/?p=988\"},\"wordCount\":556,\"commentCount\":0,\"image\":{\"@id\":\"http:\/\/www.wetterauer-landbote.de\/?p=988#primaryimage\"},\"thumbnailUrl\":\"http:\/\/www.wetterauer-landbote.de\/wp-content\/uploads\/2014\/05\/nazikondom-1024x1013.gif\",\"inLanguage\":\"de\",\"potentialAction\":[{\"@type\":\"CommentAction\",\"name\":\"Comment\",\"target\":[\"http:\/\/www.wetterauer-landbote.de\/?p=988#respond\"]}]},{\"@type\":\"WebPage\",\"@id\":\"http:\/\/www.wetterauer-landbote.de\/?p=988\",\"url\":\"http:\/\/www.wetterauer-landbote.de\/?p=988\",\"name\":\"Die Neonazis und ihr Kondom - Wetterauer-Landbote\",\"isPartOf\":{\"@id\":\"http:\/\/www.wetterauer-landbote.de\/#website\"},\"primaryImageOfPage\":{\"@id\":\"http:\/\/www.wetterauer-landbote.de\/?p=988#primaryimage\"},\"image\":{\"@id\":\"http:\/\/www.wetterauer-landbote.de\/?p=988#primaryimage\"},\"thumbnailUrl\":\"http:\/\/www.wetterauer-landbote.de\/wp-content\/uploads\/2014\/05\/nazikondom-1024x1013.gif\",\"datePublished\":\"2014-05-22T13:31:45+00:00\",\"dateModified\":\"2014-05-22T13:52:04+00:00\",\"author\":{\"@id\":\"http:\/\/www.wetterauer-landbote.de\/#\/schema\/person\/fa7509b189bc402f223dd5337ab92ed0\"},\"description\":\"Der NPD-Nachwuchs verschickt Kondome an Wetzterauer Politiker und Pfarrer und erntet Emp\u00f6rung. Die Neonazis und ihr Kondom\",\"breadcrumb\":{\"@id\":\"http:\/\/www.wetterauer-landbote.de\/?p=988#breadcrumb\"},\"inLanguage\":\"de\",\"potentialAction\":[{\"@type\":\"ReadAction\",\"target\":[\"http:\/\/www.wetterauer-landbote.de\/?p=988\"]}]},{\"@type\":\"ImageObject\",\"inLanguage\":\"de\",\"@id\":\"http:\/\/www.wetterauer-landbote.de\/?p=988#primaryimage\",\"url\":\"https:\/\/i0.wp.com\/www.wetterauer-landbote.de\/wp-content\/uploads\/2014\/05\/nazikondom.gif?fit=2620%2C2592\",\"contentUrl\":\"https:\/\/i0.wp.com\/www.wetterauer-landbote.de\/wp-content\/uploads\/2014\/05\/nazikondom.gif?fit=2620%2C2592\",\"width\":2620,\"height\":2592},{\"@type\":\"BreadcrumbList\",\"@id\":\"http:\/\/www.wetterauer-landbote.de\/?p=988#breadcrumb\",\"itemListElement\":[{\"@type\":\"ListItem\",\"position\":1,\"name\":\"Home\",\"item\":\"http:\/\/www.wetterauer-landbote.de\/\"},{\"@type\":\"ListItem\",\"position\":2,\"name\":\"Die Neonazis und ihr Kondom\"}]},{\"@type\":\"WebSite\",\"@id\":\"http:\/\/www.wetterauer-landbote.de\/#website\",\"url\":\"http:\/\/www.wetterauer-landbote.de\/\",\"name\":\"Wetterauer-Landbote\",\"description\":\"\",\"potentialAction\":[{\"@type\":\"SearchAction\",\"target\":{\"@type\":\"EntryPoint\",\"urlTemplate\":\"http:\/\/www.wetterauer-landbote.de\/?s={search_term_string}\"},\"query-input\":{\"@type\":\"PropertyValueSpecification\",\"valueRequired\":true,\"valueName\":\"search_term_string\"}}],\"inLanguage\":\"de\"},{\"@type\":\"Person\",\"@id\":\"http:\/\/www.wetterauer-landbote.de\/#\/schema\/person\/fa7509b189bc402f223dd5337ab92ed0\",\"name\":\"harpo\",\"image\":{\"@type\":\"ImageObject\",\"inLanguage\":\"de\",\"@id\":\"http:\/\/www.wetterauer-landbote.de\/#\/schema\/person\/image\/\",\"url\":\"https:\/\/secure.gravatar.com\/avatar\/198bcecc77c146e5ea8d4540d99560b4b486a090b927ff654b2c125224d88117?s=96&d=mm&r=g\",\"contentUrl\":\"https:\/\/secure.gravatar.com\/avatar\/198bcecc77c146e5ea8d4540d99560b4b486a090b927ff654b2c125224d88117?s=96&d=mm&r=g\",\"caption\":\"harpo\"},\"url\":\"http:\/\/www.wetterauer-landbote.de\/?author=1\"}]}<\/script>\n<!-- \/ Yoast SEO plugin. -->","yoast_head_json":{"title":"Die Neonazis und ihr Kondom - Wetterauer-Landbote","description":"Der NPD-Nachwuchs verschickt Kondome an Wetzterauer Politiker und Pfarrer und erntet Emp\u00f6rung. Die Neonazis und ihr Kondom","robots":{"index":"index","follow":"follow","max-snippet":"max-snippet:-1","max-image-preview":"max-image-preview:large","max-video-preview":"max-video-preview:-1"},"canonical":"http:\/\/www.wetterauer-landbote.de\/?p=988","og_locale":"de_DE","og_type":"article","og_title":"Die Neonazis und ihr Kondom - Wetterauer-Landbote","og_description":"Der NPD-Nachwuchs verschickt Kondome an Wetzterauer Politiker und Pfarrer und erntet Emp\u00f6rung. Die Neonazis und ihr Kondom","og_url":"http:\/\/www.wetterauer-landbote.de\/?p=988","og_site_name":"Wetterauer-Landbote","article_published_time":"2014-05-22T13:31:45+00:00","article_modified_time":"2014-05-22T13:52:04+00:00","og_image":[{"url":"http:\/\/www.wetterauer-landbote.de\/wp-content\/uploads\/2014\/05\/nazikondom-1024x1013.gif","type":"","width":"","height":""}],"author":"harpo","twitter_misc":{"Verfasst von":"harpo","Gesch\u00e4tzte Lesezeit":"3\u00a0Minuten"},"schema":{"@context":"https:\/\/schema.org","@graph":[{"@type":"Article","@id":"http:\/\/www.wetterauer-landbote.de\/?p=988#article","isPartOf":{"@id":"http:\/\/www.wetterauer-landbote.de\/?p=988"},"author":{"name":"harpo","@id":"http:\/\/www.wetterauer-landbote.de\/#\/schema\/person\/fa7509b189bc402f223dd5337ab92ed0"},"headline":"Die Neonazis und ihr Kondom","datePublished":"2014-05-22T13:31:45+00:00","dateModified":"2014-05-22T13:52:04+00:00","mainEntityOfPage":{"@id":"http:\/\/www.wetterauer-landbote.de\/?p=988"},"wordCount":556,"commentCount":0,"image":{"@id":"http:\/\/www.wetterauer-landbote.de\/?p=988#primaryimage"},"thumbnailUrl":"http:\/\/www.wetterauer-landbote.de\/wp-content\/uploads\/2014\/05\/nazikondom-1024x1013.gif","inLanguage":"de","potentialAction":[{"@type":"CommentAction","name":"Comment","target":["http:\/\/www.wetterauer-landbote.de\/?p=988#respond"]}]},{"@type":"WebPage","@id":"http:\/\/www.wetterauer-landbote.de\/?p=988","url":"http:\/\/www.wetterauer-landbote.de\/?p=988","name":"Die Neonazis und ihr Kondom - Wetterauer-Landbote","isPartOf":{"@id":"http:\/\/www.wetterauer-landbote.de\/#website"},"primaryImageOfPage":{"@id":"http:\/\/www.wetterauer-landbote.de\/?p=988#primaryimage"},"image":{"@id":"http:\/\/www.wetterauer-landbote.de\/?p=988#primaryimage"},"thumbnailUrl":"http:\/\/www.wetterauer-landbote.de\/wp-content\/uploads\/2014\/05\/nazikondom-1024x1013.gif","datePublished":"2014-05-22T13:31:45+00:00","dateModified":"2014-05-22T13:52:04+00:00","author":{"@id":"http:\/\/www.wetterauer-landbote.de\/#\/schema\/person\/fa7509b189bc402f223dd5337ab92ed0"},"description":"Der NPD-Nachwuchs verschickt Kondome an Wetzterauer Politiker und Pfarrer und erntet Emp\u00f6rung. Die Neonazis und ihr Kondom","breadcrumb":{"@id":"http:\/\/www.wetterauer-landbote.de\/?p=988#breadcrumb"},"inLanguage":"de","potentialAction":[{"@type":"ReadAction","target":["http:\/\/www.wetterauer-landbote.de\/?p=988"]}]},{"@type":"ImageObject","inLanguage":"de","@id":"http:\/\/www.wetterauer-landbote.de\/?p=988#primaryimage","url":"https:\/\/i0.wp.com\/www.wetterauer-landbote.de\/wp-content\/uploads\/2014\/05\/nazikondom.gif?fit=2620%2C2592","contentUrl":"https:\/\/i0.wp.com\/www.wetterauer-landbote.de\/wp-content\/uploads\/2014\/05\/nazikondom.gif?fit=2620%2C2592","width":2620,"height":2592},{"@type":"BreadcrumbList","@id":"http:\/\/www.wetterauer-landbote.de\/?p=988#breadcrumb","itemListElement":[{"@type":"ListItem","position":1,"name":"Home","item":"http:\/\/www.wetterauer-landbote.de\/"},{"@type":"ListItem","position":2,"name":"Die Neonazis und ihr Kondom"}]},{"@type":"WebSite","@id":"http:\/\/www.wetterauer-landbote.de\/#website","url":"http:\/\/www.wetterauer-landbote.de\/","name":"Wetterauer-Landbote","description":"","potentialAction":[{"@type":"SearchAction","target":{"@type":"EntryPoint","urlTemplate":"http:\/\/www.wetterauer-landbote.de\/?s={search_term_string}"},"query-input":{"@type":"PropertyValueSpecification","valueRequired":true,"valueName":"search_term_string"}}],"inLanguage":"de"},{"@type":"Person","@id":"http:\/\/www.wetterauer-landbote.de\/#\/schema\/person\/fa7509b189bc402f223dd5337ab92ed0","name":"harpo","image":{"@type":"ImageObject","inLanguage":"de","@id":"http:\/\/www.wetterauer-landbote.de\/#\/schema\/person\/image\/","url":"https:\/\/secure.gravatar.com\/avatar\/198bcecc77c146e5ea8d4540d99560b4b486a090b927ff654b2c125224d88117?s=96&d=mm&r=g","contentUrl":"https:\/\/secure.gravatar.com\/avatar\/198bcecc77c146e5ea8d4540d99560b4b486a090b927ff654b2c125224d88117?s=96&d=mm&r=g","caption":"harpo"},"url":"http:\/\/www.wetterauer-landbote.de\/?author=1"}]}},"jetpack_featured_media_url":"","jetpack_sharing_enabled":true,"jetpack_likes_enabled":true,"_links":{"self":[{"href":"http:\/\/www.wetterauer-landbote.de\/index.php?rest_route=\/wp\/v2\/posts\/988","targetHints":{"allow":["GET"]}}],"collection":[{"href":"http:\/\/www.wetterauer-landbote.de\/index.php?rest_route=\/wp\/v2\/posts"}],"about":[{"href":"http:\/\/www.wetterauer-landbote.de\/index.php?rest_route=\/wp\/v2\/types\/post"}],"author":[{"embeddable":true,"href":"http:\/\/www.wetterauer-landbote.de\/index.php?rest_route=\/wp\/v2\/users\/1"}],"replies":[{"embeddable":true,"href":"http:\/\/www.wetterauer-landbote.de\/index.php?rest_route=%2Fwp%2Fv2%2Fcomments&post=988"}],"version-history":[{"count":2,"href":"http:\/\/www.wetterauer-landbote.de\/index.php?rest_route=\/wp\/v2\/posts\/988\/revisions"}],"predecessor-version":[{"id":992,"href":"http:\/\/www.wetterauer-landbote.de\/index.php?rest_route=\/wp\/v2\/posts\/988\/revisions\/992"}],"wp:attachment":[{"href":"http:\/\/www.wetterauer-landbote.de\/index.php?rest_route=%2Fwp%2Fv2%2Fmedia&parent=988"}],"wp:term":[{"taxonomy":"category","embeddable":true,"href":"http:\/\/www.wetterauer-landbote.de\/index.php?rest_route=%2Fwp%2Fv2%2Fcategories&post=988"},{"taxonomy":"post_tag","embeddable":true,"href":"http:\/\/www.wetterauer-landbote.de\/index.php?rest_route=%2Fwp%2Fv2%2Ftags&post=988"}],"curies":[{"name":"wp","href":"https:\/\/api.w.org\/{rel}","templated":true}]}}