{"id":820,"date":"2014-03-31T18:03:57","date_gmt":"2014-03-31T16:03:57","guid":{"rendered":"http:\/\/www.wetterauer-landbote.de\/?p=820"},"modified":"2014-03-31T18:03:57","modified_gmt":"2014-03-31T16:03:57","slug":"wir-wollen-windraeder","status":"publish","type":"post","link":"http:\/\/www.wetterauer-landbote.de\/?p=820","title":{"rendered":"&#8222;Wir wollen Windr\u00e4der&#8220;"},"content":{"rendered":"<h1>Niddataler f\u00fcr regenerative Energie<\/h1>\n<p>Von Anton J. Seib<a href=\"https:\/\/i0.wp.com\/www.wetterauer-landbote.de\/wp-content\/uploads\/2014\/03\/WIndrad-als-Symbolbild.jpg\"><img data-recalc-dims=\"1\" loading=\"lazy\" decoding=\"async\" class=\" wp-image-822 alignright\" alt=\"WIndrad-als-Symbolbild\" src=\"https:\/\/i0.wp.com\/www.wetterauer-landbote.de\/wp-content\/uploads\/2014\/03\/WIndrad-als-Symbolbild.jpg?resize=321%2C427\" width=\"321\" height=\"427\" \/><\/a><\/p>\n<p>Es geht auch anders. In Niddatal protestieren die Kommunalpolitiker gegen die Wind-Pl\u00e4ne des Regionalverbandes \u2013 weil in ihrer Stadt kein Windpark gebaut werden darf. Der Protest ist umso erstaunlicher, weil die Kommune von den Windr\u00e4dern gar nicht direkt profitieren w\u00fcrde. Sie besitzt an den geeigneten Standorten keine Grundst\u00fccke.<\/p>\n<p>&nbsp;<\/p>\n<p>&nbsp;<\/p>\n<p>&nbsp;<\/p>\n<p><!--more--><\/p>\n<h2>&#8222;Wir wollen Windr\u00e4der&#8220;<\/h2>\n<p>Die Wetterau k\u00f6nnte k\u00fcnftig zu einem Zentrum der Windenergie werden. Allein im n\u00f6rdlichen Kreisgebiet sind rund 870 Hektar als sogenannte Vorrangebiete ausgewiesen. Nur in vier Kommunen sollen sich keine Windr\u00e4der drehen. In Bad Vilbel, Reichelsheim, W\u00f6llstadt und in Niddatal. Angesichts der zu erwartenden Proteste k\u00f6nnten die dortigen B\u00fcrgermeister froh sein, nicht dazu zu geh\u00f6ren. Nicht so der Niddataler Rathauschef Bernhard Hertel (SPD). \u201eWir wollen Windr\u00e4der\u201c, sagt er und beschwert sich lautstark dar\u00fcber, dass einstmals auf st\u00e4dtischem Gebiet ausgewiesene Standorte f\u00fcr Windkraftanlagen im j\u00fcngst vorgelegten \u201eSachlichen Teilplan Erneuerbare Energien\u201c fehlen. Und er wei\u00df bei dieser Forderung die breite Mehrheit des Stadtparlaments hinter sich.<\/p>\n<p>Der Regionalverband hatte noch 2012 gro\u00dfe Teile Niddatals als m\u00f6gliche Vorrangfl\u00e4chen angesehen. Allerdings fallen Fl\u00e4chen n\u00f6rdlich von Kaichen, \u00f6stlich von Ilbenstadt und ein Teil der Gemarkung B\u00f6nstadt in die Drei-Kilometer-Sperrzone rund um das Funkfeuer zwischen B\u00f6nstadt und Erbstadt.<\/p>\n<p><a href=\"https:\/\/i0.wp.com\/www.wetterauer-landbote.de\/wp-content\/uploads\/2014\/03\/Windrad-bei-Woellstadt.jpg\"><img data-recalc-dims=\"1\" loading=\"lazy\" decoding=\"async\" class=\"alignnone size-large wp-image-821\" alt=\"Windrad-bei-Woellstadt\" src=\"https:\/\/i0.wp.com\/www.wetterauer-landbote.de\/wp-content\/uploads\/2014\/03\/Windrad-bei-Woellstadt.jpg?resize=584%2C321\" width=\"584\" height=\"321\" srcset=\"https:\/\/i0.wp.com\/www.wetterauer-landbote.de\/wp-content\/uploads\/2014\/03\/Windrad-bei-Woellstadt.jpg?resize=1024%2C563 1024w, https:\/\/i0.wp.com\/www.wetterauer-landbote.de\/wp-content\/uploads\/2014\/03\/Windrad-bei-Woellstadt.jpg?resize=300%2C165 300w, https:\/\/i0.wp.com\/www.wetterauer-landbote.de\/wp-content\/uploads\/2014\/03\/Windrad-bei-Woellstadt.jpg?resize=500%2C275 500w, https:\/\/i0.wp.com\/www.wetterauer-landbote.de\/wp-content\/uploads\/2014\/03\/Windrad-bei-Woellstadt.jpg?w=1162 1162w\" sizes=\"auto, (max-width: 584px) 100vw, 584px\" \/><\/a><\/p>\n<pre>Windrad bei W\u00f6llstadt (Foto: Seib)<\/pre>\n<p>Zwei Fl\u00e4chen bei Assenheim und Kaichen indes liegen au\u00dferhalb. Dort k\u00f6nnten sechs Windr\u00e4der Energie liefern. Der Standort ist gut geeignet, laut Hertel betr\u00e4gt die Windgeschwindigkeit dort in 140 Metern H\u00f6he zwischen 5,77 und 5,90 Meter pro Sekunde. Einen Interessenten gibt es, den Projektentwickler Lenpower aus Hannover. Der Regionalverband habe diese Fl\u00e4chen aber mit Blick auf ein sehr hohes Konfliktpotenzial \u201ewindkraftempfindlicher Vogelarten\u201c ebenfalls gestrichen, sagt Hertel. \u201eMir sind die Gutachten dar\u00fcber nicht bekannt. Ein Gutachten von Lenpower sieht keine Gefahren f\u00fcr Rotmilane oder Schwarzst\u00f6rche.\u201c Deshalb verlangt Hertel, die beiden Areale wieder als Vorrangfl\u00e4chen auszuweisen.<\/p>\n<p>Ans Geld verdienen denkt Hertel dabei nicht, denn die Stadt hat keine Grundst\u00fccke in den geeigneten Gebieten. \u201eEs liegt in unser aller Verantwortung, etwas f\u00fcr den Klimaschutz zu tun und erneuerbare Energien zu f\u00f6rdern\u201c, so der Kommunalpolitiker. Die Stadt habe sich zum Ziel gesetzt, soviel Energie aus erneuerbaren Energien zu produzieren, wie ihre B\u00fcrger verbrauchen. Momentan gebe es viele Photovoltaikanlagen, au\u00dferdem die gro\u00dfe Biogasanlage in Ilbenstadt. Das ehrgeizige Ziel sei zwar noch nicht erreicht, man k\u00f6nne dem aber durch die Nutzung der Windkraft nahekommen, glaubt der Rathauschef.<\/p>\n<p>Gro\u00dfen Protest gegen die bis zu 200 Meter hohen Turbinen f\u00fcrchtet Hertel nicht. Das Thema sei vor Jahren schon diskutiert worden. Hertel: \u201eDa gab es keinen gro\u00dfen Sturm der Entr\u00fcstung.\u201c Allerdings hatten die Bewohner von Wickstadt damals mit ihrem Widerstand verhindert, dass ihnen ein Windpark vor die Nase gesetzt wird.<\/p>\n<p>Auch im Stadtparlament herrscht Einigkeit pro Windkraft, \u00fcber die Parteigrenzen hinweg. Es gibt sogar einen einstimmigen Beschluss. CDU-Fraktionschef Michael Hahn sieht es pragmatisch. \u201eNur der Misthaufen, den man sieht, stinkt, die anderen nicht\u201c, so seine Einsch\u00e4tzung. Und die m\u00f6glichen sechs Windr\u00e4der k\u00f6nnten weitab in der Gemarkung Kaichen Richtung D\u00fcdelsheimer Wald gebaut werden, ohne gro\u00dfe Eingriffe in die Natur. Hahn: \u201eVon Kaichen aus w\u00fcrde man die nicht sehen.\u201c<\/p>\n<p>Auch Dieter Eisenberg, Fraktionsvorsitzender der Gr\u00fcnen, erwartet keine Proteste, sollte tats\u00e4chlich noch Windr\u00e4der auf st\u00e4dtischem Gebiet gebaut werden k\u00f6nnen. Als vor einigen Jahren direkt vor der Stadtgrenze die drei Anlagen bei Bruchenbr\u00fccken errichtet worden seien, habe es keinen Widerstand gegeben. Ob allerdings Niddatal durch die Nutzung des Windes energie-autark werden kann, bezweifelt der Gr\u00fcnen-Politiker. Das halte ich bei unseren Voraussetzungen f\u00fcr nicht machbar.\u201c<\/p>\n<p>Derzeit liegt der umstrittene Teilplan in allen Kommunen zur Einsicht aus. Jeder B\u00fcrger, nat\u00fcrlich auch die Kommunen, k\u00f6nnen Stellungnahmen abgeben. Niddatal wird beantragen, die Fl\u00e4che bei Kaichen wieder aufzunehmen. \u201eDie kommen rein. Da habe ich keine Bedenken\u201c, sagt CDU-Politiker Hahn.<\/p>\n","protected":false},"excerpt":{"rendered":"<p>Niddataler f\u00fcr regenerative Energie Von Anton J. Seib Es geht auch anders. In Niddatal protestieren die Kommunalpolitiker gegen die Wind-Pl\u00e4ne des Regionalverbandes \u2013 weil in ihrer Stadt kein Windpark gebaut werden darf. Der Protest ist umso erstaunlicher, weil die Kommune &hellip; <a href=\"http:\/\/www.wetterauer-landbote.de\/?p=820\">Weiterlesen <span class=\"meta-nav\">&rarr;<\/span><\/a><\/p>\n","protected":false},"author":1,"featured_media":0,"comment_status":"open","ping_status":"open","sticky":false,"template":"","format":"standard","meta":{"_jetpack_memberships_contains_paid_content":false,"footnotes":""},"categories":[1],"tags":[],"class_list":["post-820","post","type-post","status-publish","format-standard","hentry","category-allgemein"],"yoast_head":"<!-- This site is optimized with the Yoast SEO plugin v27.0 - https:\/\/yoast.com\/product\/yoast-seo-wordpress\/ -->\n<title>&quot;Wir wollen Windr\u00e4der&quot; - Wetterauer-Landbote<\/title>\n<meta name=\"description\" content=\"In Niddatal protestieren die Kommunalpolitiker, weil in ihrer Stadt kein Windpark gebaut werden darf: &quot;Wir wollen Windr\u00e4der&quot;\" \/>\n<meta name=\"robots\" content=\"index, follow, max-snippet:-1, max-image-preview:large, max-video-preview:-1\" \/>\n<link rel=\"canonical\" href=\"http:\/\/www.wetterauer-landbote.de\/?p=820\" \/>\n<meta property=\"og:locale\" content=\"de_DE\" \/>\n<meta property=\"og:type\" content=\"article\" \/>\n<meta property=\"og:title\" content=\"&quot;Wir wollen Windr\u00e4der&quot; - Wetterauer-Landbote\" \/>\n<meta property=\"og:description\" content=\"In Niddatal protestieren die Kommunalpolitiker, weil in ihrer Stadt kein Windpark gebaut werden darf: &quot;Wir wollen Windr\u00e4der&quot;\" \/>\n<meta property=\"og:url\" content=\"http:\/\/www.wetterauer-landbote.de\/?p=820\" \/>\n<meta property=\"og:site_name\" content=\"Wetterauer-Landbote\" \/>\n<meta property=\"article:published_time\" content=\"2014-03-31T16:03:57+00:00\" \/>\n<meta property=\"og:image\" content=\"http:\/\/www.wetterauer-landbote.de\/wp-content\/uploads\/2014\/03\/WIndrad-als-Symbolbild.jpg\" \/>\n<meta name=\"author\" content=\"harpo\" \/>\n<meta name=\"twitter:label1\" content=\"Verfasst von\" \/>\n\t<meta name=\"twitter:data1\" content=\"harpo\" \/>\n\t<meta name=\"twitter:label2\" content=\"Gesch\u00e4tzte Lesezeit\" \/>\n\t<meta name=\"twitter:data2\" content=\"3\u00a0Minuten\" \/>\n<script type=\"application\/ld+json\" class=\"yoast-schema-graph\">{\"@context\":\"https:\/\/schema.org\",\"@graph\":[{\"@type\":\"Article\",\"@id\":\"http:\/\/www.wetterauer-landbote.de\/?p=820#article\",\"isPartOf\":{\"@id\":\"http:\/\/www.wetterauer-landbote.de\/?p=820\"},\"author\":{\"name\":\"harpo\",\"@id\":\"http:\/\/www.wetterauer-landbote.de\/#\/schema\/person\/fa7509b189bc402f223dd5337ab92ed0\"},\"headline\":\"&#8222;Wir wollen Windr\u00e4der&#8220;\",\"datePublished\":\"2014-03-31T16:03:57+00:00\",\"mainEntityOfPage\":{\"@id\":\"http:\/\/www.wetterauer-landbote.de\/?p=820\"},\"wordCount\":666,\"commentCount\":0,\"image\":{\"@id\":\"http:\/\/www.wetterauer-landbote.de\/?p=820#primaryimage\"},\"thumbnailUrl\":\"http:\/\/www.wetterauer-landbote.de\/wp-content\/uploads\/2014\/03\/WIndrad-als-Symbolbild.jpg\",\"inLanguage\":\"de\",\"potentialAction\":[{\"@type\":\"CommentAction\",\"name\":\"Comment\",\"target\":[\"http:\/\/www.wetterauer-landbote.de\/?p=820#respond\"]}]},{\"@type\":\"WebPage\",\"@id\":\"http:\/\/www.wetterauer-landbote.de\/?p=820\",\"url\":\"http:\/\/www.wetterauer-landbote.de\/?p=820\",\"name\":\"\\\"Wir wollen Windr\u00e4der\\\" - Wetterauer-Landbote\",\"isPartOf\":{\"@id\":\"http:\/\/www.wetterauer-landbote.de\/#website\"},\"primaryImageOfPage\":{\"@id\":\"http:\/\/www.wetterauer-landbote.de\/?p=820#primaryimage\"},\"image\":{\"@id\":\"http:\/\/www.wetterauer-landbote.de\/?p=820#primaryimage\"},\"thumbnailUrl\":\"http:\/\/www.wetterauer-landbote.de\/wp-content\/uploads\/2014\/03\/WIndrad-als-Symbolbild.jpg\",\"datePublished\":\"2014-03-31T16:03:57+00:00\",\"author\":{\"@id\":\"http:\/\/www.wetterauer-landbote.de\/#\/schema\/person\/fa7509b189bc402f223dd5337ab92ed0\"},\"description\":\"In Niddatal protestieren die Kommunalpolitiker, weil in ihrer Stadt kein Windpark gebaut werden darf: \\\"Wir wollen Windr\u00e4der\\\"\",\"breadcrumb\":{\"@id\":\"http:\/\/www.wetterauer-landbote.de\/?p=820#breadcrumb\"},\"inLanguage\":\"de\",\"potentialAction\":[{\"@type\":\"ReadAction\",\"target\":[\"http:\/\/www.wetterauer-landbote.de\/?p=820\"]}]},{\"@type\":\"ImageObject\",\"inLanguage\":\"de\",\"@id\":\"http:\/\/www.wetterauer-landbote.de\/?p=820#primaryimage\",\"url\":\"https:\/\/i0.wp.com\/www.wetterauer-landbote.de\/wp-content\/uploads\/2014\/03\/WIndrad-als-Symbolbild.jpg?fit=602%2C811\",\"contentUrl\":\"https:\/\/i0.wp.com\/www.wetterauer-landbote.de\/wp-content\/uploads\/2014\/03\/WIndrad-als-Symbolbild.jpg?fit=602%2C811\",\"width\":602,\"height\":811},{\"@type\":\"BreadcrumbList\",\"@id\":\"http:\/\/www.wetterauer-landbote.de\/?p=820#breadcrumb\",\"itemListElement\":[{\"@type\":\"ListItem\",\"position\":1,\"name\":\"Home\",\"item\":\"http:\/\/www.wetterauer-landbote.de\/\"},{\"@type\":\"ListItem\",\"position\":2,\"name\":\"&#8222;Wir wollen Windr\u00e4der&#8220;\"}]},{\"@type\":\"WebSite\",\"@id\":\"http:\/\/www.wetterauer-landbote.de\/#website\",\"url\":\"http:\/\/www.wetterauer-landbote.de\/\",\"name\":\"Wetterauer-Landbote\",\"description\":\"\",\"potentialAction\":[{\"@type\":\"SearchAction\",\"target\":{\"@type\":\"EntryPoint\",\"urlTemplate\":\"http:\/\/www.wetterauer-landbote.de\/?s={search_term_string}\"},\"query-input\":{\"@type\":\"PropertyValueSpecification\",\"valueRequired\":true,\"valueName\":\"search_term_string\"}}],\"inLanguage\":\"de\"},{\"@type\":\"Person\",\"@id\":\"http:\/\/www.wetterauer-landbote.de\/#\/schema\/person\/fa7509b189bc402f223dd5337ab92ed0\",\"name\":\"harpo\",\"image\":{\"@type\":\"ImageObject\",\"inLanguage\":\"de\",\"@id\":\"http:\/\/www.wetterauer-landbote.de\/#\/schema\/person\/image\/\",\"url\":\"https:\/\/secure.gravatar.com\/avatar\/198bcecc77c146e5ea8d4540d99560b4b486a090b927ff654b2c125224d88117?s=96&d=mm&r=g\",\"contentUrl\":\"https:\/\/secure.gravatar.com\/avatar\/198bcecc77c146e5ea8d4540d99560b4b486a090b927ff654b2c125224d88117?s=96&d=mm&r=g\",\"caption\":\"harpo\"},\"url\":\"http:\/\/www.wetterauer-landbote.de\/?author=1\"}]}<\/script>\n<!-- \/ Yoast SEO plugin. -->","yoast_head_json":{"title":"\"Wir wollen Windr\u00e4der\" - Wetterauer-Landbote","description":"In Niddatal protestieren die Kommunalpolitiker, weil in ihrer Stadt kein Windpark gebaut werden darf: \"Wir wollen Windr\u00e4der\"","robots":{"index":"index","follow":"follow","max-snippet":"max-snippet:-1","max-image-preview":"max-image-preview:large","max-video-preview":"max-video-preview:-1"},"canonical":"http:\/\/www.wetterauer-landbote.de\/?p=820","og_locale":"de_DE","og_type":"article","og_title":"\"Wir wollen Windr\u00e4der\" - Wetterauer-Landbote","og_description":"In Niddatal protestieren die Kommunalpolitiker, weil in ihrer Stadt kein Windpark gebaut werden darf: \"Wir wollen Windr\u00e4der\"","og_url":"http:\/\/www.wetterauer-landbote.de\/?p=820","og_site_name":"Wetterauer-Landbote","article_published_time":"2014-03-31T16:03:57+00:00","og_image":[{"url":"http:\/\/www.wetterauer-landbote.de\/wp-content\/uploads\/2014\/03\/WIndrad-als-Symbolbild.jpg","type":"","width":"","height":""}],"author":"harpo","twitter_misc":{"Verfasst von":"harpo","Gesch\u00e4tzte Lesezeit":"3\u00a0Minuten"},"schema":{"@context":"https:\/\/schema.org","@graph":[{"@type":"Article","@id":"http:\/\/www.wetterauer-landbote.de\/?p=820#article","isPartOf":{"@id":"http:\/\/www.wetterauer-landbote.de\/?p=820"},"author":{"name":"harpo","@id":"http:\/\/www.wetterauer-landbote.de\/#\/schema\/person\/fa7509b189bc402f223dd5337ab92ed0"},"headline":"&#8222;Wir wollen Windr\u00e4der&#8220;","datePublished":"2014-03-31T16:03:57+00:00","mainEntityOfPage":{"@id":"http:\/\/www.wetterauer-landbote.de\/?p=820"},"wordCount":666,"commentCount":0,"image":{"@id":"http:\/\/www.wetterauer-landbote.de\/?p=820#primaryimage"},"thumbnailUrl":"http:\/\/www.wetterauer-landbote.de\/wp-content\/uploads\/2014\/03\/WIndrad-als-Symbolbild.jpg","inLanguage":"de","potentialAction":[{"@type":"CommentAction","name":"Comment","target":["http:\/\/www.wetterauer-landbote.de\/?p=820#respond"]}]},{"@type":"WebPage","@id":"http:\/\/www.wetterauer-landbote.de\/?p=820","url":"http:\/\/www.wetterauer-landbote.de\/?p=820","name":"\"Wir wollen Windr\u00e4der\" - Wetterauer-Landbote","isPartOf":{"@id":"http:\/\/www.wetterauer-landbote.de\/#website"},"primaryImageOfPage":{"@id":"http:\/\/www.wetterauer-landbote.de\/?p=820#primaryimage"},"image":{"@id":"http:\/\/www.wetterauer-landbote.de\/?p=820#primaryimage"},"thumbnailUrl":"http:\/\/www.wetterauer-landbote.de\/wp-content\/uploads\/2014\/03\/WIndrad-als-Symbolbild.jpg","datePublished":"2014-03-31T16:03:57+00:00","author":{"@id":"http:\/\/www.wetterauer-landbote.de\/#\/schema\/person\/fa7509b189bc402f223dd5337ab92ed0"},"description":"In Niddatal protestieren die Kommunalpolitiker, weil in ihrer Stadt kein Windpark gebaut werden darf: \"Wir wollen Windr\u00e4der\"","breadcrumb":{"@id":"http:\/\/www.wetterauer-landbote.de\/?p=820#breadcrumb"},"inLanguage":"de","potentialAction":[{"@type":"ReadAction","target":["http:\/\/www.wetterauer-landbote.de\/?p=820"]}]},{"@type":"ImageObject","inLanguage":"de","@id":"http:\/\/www.wetterauer-landbote.de\/?p=820#primaryimage","url":"https:\/\/i0.wp.com\/www.wetterauer-landbote.de\/wp-content\/uploads\/2014\/03\/WIndrad-als-Symbolbild.jpg?fit=602%2C811","contentUrl":"https:\/\/i0.wp.com\/www.wetterauer-landbote.de\/wp-content\/uploads\/2014\/03\/WIndrad-als-Symbolbild.jpg?fit=602%2C811","width":602,"height":811},{"@type":"BreadcrumbList","@id":"http:\/\/www.wetterauer-landbote.de\/?p=820#breadcrumb","itemListElement":[{"@type":"ListItem","position":1,"name":"Home","item":"http:\/\/www.wetterauer-landbote.de\/"},{"@type":"ListItem","position":2,"name":"&#8222;Wir wollen Windr\u00e4der&#8220;"}]},{"@type":"WebSite","@id":"http:\/\/www.wetterauer-landbote.de\/#website","url":"http:\/\/www.wetterauer-landbote.de\/","name":"Wetterauer-Landbote","description":"","potentialAction":[{"@type":"SearchAction","target":{"@type":"EntryPoint","urlTemplate":"http:\/\/www.wetterauer-landbote.de\/?s={search_term_string}"},"query-input":{"@type":"PropertyValueSpecification","valueRequired":true,"valueName":"search_term_string"}}],"inLanguage":"de"},{"@type":"Person","@id":"http:\/\/www.wetterauer-landbote.de\/#\/schema\/person\/fa7509b189bc402f223dd5337ab92ed0","name":"harpo","image":{"@type":"ImageObject","inLanguage":"de","@id":"http:\/\/www.wetterauer-landbote.de\/#\/schema\/person\/image\/","url":"https:\/\/secure.gravatar.com\/avatar\/198bcecc77c146e5ea8d4540d99560b4b486a090b927ff654b2c125224d88117?s=96&d=mm&r=g","contentUrl":"https:\/\/secure.gravatar.com\/avatar\/198bcecc77c146e5ea8d4540d99560b4b486a090b927ff654b2c125224d88117?s=96&d=mm&r=g","caption":"harpo"},"url":"http:\/\/www.wetterauer-landbote.de\/?author=1"}]}},"jetpack_featured_media_url":"","jetpack_sharing_enabled":true,"jetpack_likes_enabled":true,"_links":{"self":[{"href":"http:\/\/www.wetterauer-landbote.de\/index.php?rest_route=\/wp\/v2\/posts\/820","targetHints":{"allow":["GET"]}}],"collection":[{"href":"http:\/\/www.wetterauer-landbote.de\/index.php?rest_route=\/wp\/v2\/posts"}],"about":[{"href":"http:\/\/www.wetterauer-landbote.de\/index.php?rest_route=\/wp\/v2\/types\/post"}],"author":[{"embeddable":true,"href":"http:\/\/www.wetterauer-landbote.de\/index.php?rest_route=\/wp\/v2\/users\/1"}],"replies":[{"embeddable":true,"href":"http:\/\/www.wetterauer-landbote.de\/index.php?rest_route=%2Fwp%2Fv2%2Fcomments&post=820"}],"version-history":[{"count":1,"href":"http:\/\/www.wetterauer-landbote.de\/index.php?rest_route=\/wp\/v2\/posts\/820\/revisions"}],"predecessor-version":[{"id":823,"href":"http:\/\/www.wetterauer-landbote.de\/index.php?rest_route=\/wp\/v2\/posts\/820\/revisions\/823"}],"wp:attachment":[{"href":"http:\/\/www.wetterauer-landbote.de\/index.php?rest_route=%2Fwp%2Fv2%2Fmedia&parent=820"}],"wp:term":[{"taxonomy":"category","embeddable":true,"href":"http:\/\/www.wetterauer-landbote.de\/index.php?rest_route=%2Fwp%2Fv2%2Fcategories&post=820"},{"taxonomy":"post_tag","embeddable":true,"href":"http:\/\/www.wetterauer-landbote.de\/index.php?rest_route=%2Fwp%2Fv2%2Ftags&post=820"}],"curies":[{"name":"wp","href":"https:\/\/api.w.org\/{rel}","templated":true}]}}