{"id":2044,"date":"2015-01-13T19:11:51","date_gmt":"2015-01-13T17:11:51","guid":{"rendered":"http:\/\/www.wetterauer-landbote.de\/?p=2044"},"modified":"2015-01-13T19:19:40","modified_gmt":"2015-01-13T17:19:40","slug":"der-anschlag-auf-charlie-und-die-folgen","status":"publish","type":"post","link":"http:\/\/www.wetterauer-landbote.de\/?p=2044","title":{"rendered":"Der Charlie-Anschlag und die Folgen"},"content":{"rendered":"<h2>Podiumsdiskussion<a href=\"https:\/\/i0.wp.com\/www.wetterauer-landbote.de\/wp-content\/uploads\/2015\/01\/charlie.jpg\"><img data-recalc-dims=\"1\" loading=\"lazy\" decoding=\"async\" class=\"alignright  wp-image-2045\" src=\"https:\/\/i0.wp.com\/www.wetterauer-landbote.de\/wp-content\/uploads\/2015\/01\/charlie.jpg?resize=242%2C138\" alt=\"charlie\" width=\"242\" height=\"138\" \/><\/a> in Gie\u00dfen<\/h2>\n<p>&#8222;Demokratie in Europa nach den Anschl\u00e4gen in Frankreich&#8220; ist das Thema einer Podiumsdiskussion an der Uni Gie\u00dfen am Mittwoch, 14. Janaur, von 12 bis 14 Uhr.<\/p>\n<p><!--more--><\/p>\n<h3><strong>Der Charlie-Anschlag und die Folgen<\/strong><\/h3>\n<p>Welche Auswirkungen haben die Anschl\u00e4ge in Frankreich auf unsere Gesellschaft? Diese Frage stellt sich das Institut f\u00fcr Politikwissenschaft der Uni Gie\u00dfen. Im Rahmen seiner Ringvorlesung veranstaltet das Institut am Mittwoch, 14. Januar, von 12 bis 14 Uhr eine Podiumsdiskussion zum Thema \u201eDemokratie in Europa nach den Anschl\u00e4gen in Frankreich\u201c. Die Veranstaltung findet im Vorlesungssaal A 205 des Philisophikums II, Karl-Gl\u00f6ckner-Stra\u00dfe 21A, statt.<\/p>\n<p>Es diskutieren Prof. Andrea Gawrich, Prof. Eike Hornig und Alexandra Kuth (alle Institut f\u00fcr Politikwissenschaft). Sie wollen er\u00f6rtern, welche Folgen die Anschl\u00e4ge f\u00fcr die politische Kultur in Europa haben k\u00f6nnen, wie die Europ\u00e4ische Union reagiert und wie wir extremistisches Gedankengut im deutschen gesellschaftlichen Diskurs einzusch\u00e4tzen haben.<\/p>\n","protected":false},"excerpt":{"rendered":"<p>Podiumsdiskussion in Gie\u00dfen &#8222;Demokratie in Europa nach den Anschl\u00e4gen in Frankreich&#8220; ist das Thema einer Podiumsdiskussion an der Uni Gie\u00dfen am Mittwoch, 14. Janaur, von 12 bis 14 Uhr.<\/p>\n","protected":false},"author":1,"featured_media":0,"comment_status":"open","ping_status":"open","sticky":false,"template":"","format":"standard","meta":{"_jetpack_memberships_contains_paid_content":false,"footnotes":""},"categories":[1],"tags":[],"class_list":["post-2044","post","type-post","status-publish","format-standard","hentry","category-allgemein"],"yoast_head":"<!-- This site is optimized with the Yoast SEO plugin v27.0 - https:\/\/yoast.com\/product\/yoast-seo-wordpress\/ -->\n<title>Der Charlie-Anschlag und die Folgen - Wetterauer-Landbote<\/title>\n<meta name=\"description\" content=\"\u00dcber die &quot;Demokratie in Europa nach den Anschl\u00e4gen in Frankreich&quot; wird am Mittwoch, 14. Januar, an der Uni Gie\u00dfen diskutiert. Der Charlie-Anschlag und die Folgen\" \/>\n<meta name=\"robots\" content=\"index, follow, max-snippet:-1, max-image-preview:large, max-video-preview:-1\" \/>\n<link rel=\"canonical\" href=\"http:\/\/www.wetterauer-landbote.de\/?p=2044\" \/>\n<meta property=\"og:locale\" content=\"de_DE\" \/>\n<meta property=\"og:type\" content=\"article\" \/>\n<meta property=\"og:title\" content=\"Der Charlie-Anschlag und die Folgen - Wetterauer-Landbote\" \/>\n<meta property=\"og:description\" content=\"\u00dcber die &quot;Demokratie in Europa nach den Anschl\u00e4gen in Frankreich&quot; wird am Mittwoch, 14. Januar, an der Uni Gie\u00dfen diskutiert. Der Charlie-Anschlag und die Folgen\" \/>\n<meta property=\"og:url\" content=\"http:\/\/www.wetterauer-landbote.de\/?p=2044\" \/>\n<meta property=\"og:site_name\" content=\"Wetterauer-Landbote\" \/>\n<meta property=\"article:published_time\" content=\"2015-01-13T17:11:51+00:00\" \/>\n<meta property=\"article:modified_time\" content=\"2015-01-13T17:19:40+00:00\" \/>\n<meta property=\"og:image\" content=\"http:\/\/www.wetterauer-landbote.de\/wp-content\/uploads\/2015\/01\/charlie.jpg\" \/>\n<meta name=\"author\" content=\"harpo\" \/>\n<meta name=\"twitter:label1\" content=\"Verfasst von\" \/>\n\t<meta name=\"twitter:data1\" content=\"harpo\" \/>\n\t<meta name=\"twitter:label2\" content=\"Gesch\u00e4tzte Lesezeit\" \/>\n\t<meta name=\"twitter:data2\" content=\"1\u00a0Minute\" \/>\n<script type=\"application\/ld+json\" class=\"yoast-schema-graph\">{\"@context\":\"https:\/\/schema.org\",\"@graph\":[{\"@type\":\"Article\",\"@id\":\"http:\/\/www.wetterauer-landbote.de\/?p=2044#article\",\"isPartOf\":{\"@id\":\"http:\/\/www.wetterauer-landbote.de\/?p=2044\"},\"author\":{\"name\":\"harpo\",\"@id\":\"http:\/\/www.wetterauer-landbote.de\/#\/schema\/person\/fa7509b189bc402f223dd5337ab92ed0\"},\"headline\":\"Der Charlie-Anschlag und die Folgen\",\"datePublished\":\"2015-01-13T17:11:51+00:00\",\"dateModified\":\"2015-01-13T17:19:40+00:00\",\"mainEntityOfPage\":{\"@id\":\"http:\/\/www.wetterauer-landbote.de\/?p=2044\"},\"wordCount\":156,\"commentCount\":0,\"image\":{\"@id\":\"http:\/\/www.wetterauer-landbote.de\/?p=2044#primaryimage\"},\"thumbnailUrl\":\"http:\/\/www.wetterauer-landbote.de\/wp-content\/uploads\/2015\/01\/charlie.jpg\",\"inLanguage\":\"de\",\"potentialAction\":[{\"@type\":\"CommentAction\",\"name\":\"Comment\",\"target\":[\"http:\/\/www.wetterauer-landbote.de\/?p=2044#respond\"]}]},{\"@type\":\"WebPage\",\"@id\":\"http:\/\/www.wetterauer-landbote.de\/?p=2044\",\"url\":\"http:\/\/www.wetterauer-landbote.de\/?p=2044\",\"name\":\"Der Charlie-Anschlag und die Folgen - Wetterauer-Landbote\",\"isPartOf\":{\"@id\":\"http:\/\/www.wetterauer-landbote.de\/#website\"},\"primaryImageOfPage\":{\"@id\":\"http:\/\/www.wetterauer-landbote.de\/?p=2044#primaryimage\"},\"image\":{\"@id\":\"http:\/\/www.wetterauer-landbote.de\/?p=2044#primaryimage\"},\"thumbnailUrl\":\"http:\/\/www.wetterauer-landbote.de\/wp-content\/uploads\/2015\/01\/charlie.jpg\",\"datePublished\":\"2015-01-13T17:11:51+00:00\",\"dateModified\":\"2015-01-13T17:19:40+00:00\",\"author\":{\"@id\":\"http:\/\/www.wetterauer-landbote.de\/#\/schema\/person\/fa7509b189bc402f223dd5337ab92ed0\"},\"description\":\"\u00dcber die \\\"Demokratie in Europa nach den Anschl\u00e4gen in Frankreich\\\" wird am Mittwoch, 14. Januar, an der Uni Gie\u00dfen diskutiert. Der Charlie-Anschlag und die Folgen\",\"breadcrumb\":{\"@id\":\"http:\/\/www.wetterauer-landbote.de\/?p=2044#breadcrumb\"},\"inLanguage\":\"de\",\"potentialAction\":[{\"@type\":\"ReadAction\",\"target\":[\"http:\/\/www.wetterauer-landbote.de\/?p=2044\"]}]},{\"@type\":\"ImageObject\",\"inLanguage\":\"de\",\"@id\":\"http:\/\/www.wetterauer-landbote.de\/?p=2044#primaryimage\",\"url\":\"https:\/\/i0.wp.com\/www.wetterauer-landbote.de\/wp-content\/uploads\/2015\/01\/charlie.jpg?fit=580%2C326\",\"contentUrl\":\"https:\/\/i0.wp.com\/www.wetterauer-landbote.de\/wp-content\/uploads\/2015\/01\/charlie.jpg?fit=580%2C326\",\"width\":580,\"height\":326},{\"@type\":\"BreadcrumbList\",\"@id\":\"http:\/\/www.wetterauer-landbote.de\/?p=2044#breadcrumb\",\"itemListElement\":[{\"@type\":\"ListItem\",\"position\":1,\"name\":\"Home\",\"item\":\"http:\/\/www.wetterauer-landbote.de\/\"},{\"@type\":\"ListItem\",\"position\":2,\"name\":\"Der Charlie-Anschlag und die Folgen\"}]},{\"@type\":\"WebSite\",\"@id\":\"http:\/\/www.wetterauer-landbote.de\/#website\",\"url\":\"http:\/\/www.wetterauer-landbote.de\/\",\"name\":\"Wetterauer-Landbote\",\"description\":\"\",\"potentialAction\":[{\"@type\":\"SearchAction\",\"target\":{\"@type\":\"EntryPoint\",\"urlTemplate\":\"http:\/\/www.wetterauer-landbote.de\/?s={search_term_string}\"},\"query-input\":{\"@type\":\"PropertyValueSpecification\",\"valueRequired\":true,\"valueName\":\"search_term_string\"}}],\"inLanguage\":\"de\"},{\"@type\":\"Person\",\"@id\":\"http:\/\/www.wetterauer-landbote.de\/#\/schema\/person\/fa7509b189bc402f223dd5337ab92ed0\",\"name\":\"harpo\",\"image\":{\"@type\":\"ImageObject\",\"inLanguage\":\"de\",\"@id\":\"http:\/\/www.wetterauer-landbote.de\/#\/schema\/person\/image\/\",\"url\":\"https:\/\/secure.gravatar.com\/avatar\/198bcecc77c146e5ea8d4540d99560b4b486a090b927ff654b2c125224d88117?s=96&d=mm&r=g\",\"contentUrl\":\"https:\/\/secure.gravatar.com\/avatar\/198bcecc77c146e5ea8d4540d99560b4b486a090b927ff654b2c125224d88117?s=96&d=mm&r=g\",\"caption\":\"harpo\"},\"url\":\"http:\/\/www.wetterauer-landbote.de\/?author=1\"}]}<\/script>\n<!-- \/ Yoast SEO plugin. -->","yoast_head_json":{"title":"Der Charlie-Anschlag und die Folgen - Wetterauer-Landbote","description":"\u00dcber die \"Demokratie in Europa nach den Anschl\u00e4gen in Frankreich\" wird am Mittwoch, 14. Januar, an der Uni Gie\u00dfen diskutiert. Der Charlie-Anschlag und die Folgen","robots":{"index":"index","follow":"follow","max-snippet":"max-snippet:-1","max-image-preview":"max-image-preview:large","max-video-preview":"max-video-preview:-1"},"canonical":"http:\/\/www.wetterauer-landbote.de\/?p=2044","og_locale":"de_DE","og_type":"article","og_title":"Der Charlie-Anschlag und die Folgen - Wetterauer-Landbote","og_description":"\u00dcber die \"Demokratie in Europa nach den Anschl\u00e4gen in Frankreich\" wird am Mittwoch, 14. Januar, an der Uni Gie\u00dfen diskutiert. Der Charlie-Anschlag und die Folgen","og_url":"http:\/\/www.wetterauer-landbote.de\/?p=2044","og_site_name":"Wetterauer-Landbote","article_published_time":"2015-01-13T17:11:51+00:00","article_modified_time":"2015-01-13T17:19:40+00:00","og_image":[{"url":"http:\/\/www.wetterauer-landbote.de\/wp-content\/uploads\/2015\/01\/charlie.jpg","type":"","width":"","height":""}],"author":"harpo","twitter_misc":{"Verfasst von":"harpo","Gesch\u00e4tzte Lesezeit":"1\u00a0Minute"},"schema":{"@context":"https:\/\/schema.org","@graph":[{"@type":"Article","@id":"http:\/\/www.wetterauer-landbote.de\/?p=2044#article","isPartOf":{"@id":"http:\/\/www.wetterauer-landbote.de\/?p=2044"},"author":{"name":"harpo","@id":"http:\/\/www.wetterauer-landbote.de\/#\/schema\/person\/fa7509b189bc402f223dd5337ab92ed0"},"headline":"Der Charlie-Anschlag und die Folgen","datePublished":"2015-01-13T17:11:51+00:00","dateModified":"2015-01-13T17:19:40+00:00","mainEntityOfPage":{"@id":"http:\/\/www.wetterauer-landbote.de\/?p=2044"},"wordCount":156,"commentCount":0,"image":{"@id":"http:\/\/www.wetterauer-landbote.de\/?p=2044#primaryimage"},"thumbnailUrl":"http:\/\/www.wetterauer-landbote.de\/wp-content\/uploads\/2015\/01\/charlie.jpg","inLanguage":"de","potentialAction":[{"@type":"CommentAction","name":"Comment","target":["http:\/\/www.wetterauer-landbote.de\/?p=2044#respond"]}]},{"@type":"WebPage","@id":"http:\/\/www.wetterauer-landbote.de\/?p=2044","url":"http:\/\/www.wetterauer-landbote.de\/?p=2044","name":"Der Charlie-Anschlag und die Folgen - Wetterauer-Landbote","isPartOf":{"@id":"http:\/\/www.wetterauer-landbote.de\/#website"},"primaryImageOfPage":{"@id":"http:\/\/www.wetterauer-landbote.de\/?p=2044#primaryimage"},"image":{"@id":"http:\/\/www.wetterauer-landbote.de\/?p=2044#primaryimage"},"thumbnailUrl":"http:\/\/www.wetterauer-landbote.de\/wp-content\/uploads\/2015\/01\/charlie.jpg","datePublished":"2015-01-13T17:11:51+00:00","dateModified":"2015-01-13T17:19:40+00:00","author":{"@id":"http:\/\/www.wetterauer-landbote.de\/#\/schema\/person\/fa7509b189bc402f223dd5337ab92ed0"},"description":"\u00dcber die \"Demokratie in Europa nach den Anschl\u00e4gen in Frankreich\" wird am Mittwoch, 14. Januar, an der Uni Gie\u00dfen diskutiert. Der Charlie-Anschlag und die Folgen","breadcrumb":{"@id":"http:\/\/www.wetterauer-landbote.de\/?p=2044#breadcrumb"},"inLanguage":"de","potentialAction":[{"@type":"ReadAction","target":["http:\/\/www.wetterauer-landbote.de\/?p=2044"]}]},{"@type":"ImageObject","inLanguage":"de","@id":"http:\/\/www.wetterauer-landbote.de\/?p=2044#primaryimage","url":"https:\/\/i0.wp.com\/www.wetterauer-landbote.de\/wp-content\/uploads\/2015\/01\/charlie.jpg?fit=580%2C326","contentUrl":"https:\/\/i0.wp.com\/www.wetterauer-landbote.de\/wp-content\/uploads\/2015\/01\/charlie.jpg?fit=580%2C326","width":580,"height":326},{"@type":"BreadcrumbList","@id":"http:\/\/www.wetterauer-landbote.de\/?p=2044#breadcrumb","itemListElement":[{"@type":"ListItem","position":1,"name":"Home","item":"http:\/\/www.wetterauer-landbote.de\/"},{"@type":"ListItem","position":2,"name":"Der Charlie-Anschlag und die Folgen"}]},{"@type":"WebSite","@id":"http:\/\/www.wetterauer-landbote.de\/#website","url":"http:\/\/www.wetterauer-landbote.de\/","name":"Wetterauer-Landbote","description":"","potentialAction":[{"@type":"SearchAction","target":{"@type":"EntryPoint","urlTemplate":"http:\/\/www.wetterauer-landbote.de\/?s={search_term_string}"},"query-input":{"@type":"PropertyValueSpecification","valueRequired":true,"valueName":"search_term_string"}}],"inLanguage":"de"},{"@type":"Person","@id":"http:\/\/www.wetterauer-landbote.de\/#\/schema\/person\/fa7509b189bc402f223dd5337ab92ed0","name":"harpo","image":{"@type":"ImageObject","inLanguage":"de","@id":"http:\/\/www.wetterauer-landbote.de\/#\/schema\/person\/image\/","url":"https:\/\/secure.gravatar.com\/avatar\/198bcecc77c146e5ea8d4540d99560b4b486a090b927ff654b2c125224d88117?s=96&d=mm&r=g","contentUrl":"https:\/\/secure.gravatar.com\/avatar\/198bcecc77c146e5ea8d4540d99560b4b486a090b927ff654b2c125224d88117?s=96&d=mm&r=g","caption":"harpo"},"url":"http:\/\/www.wetterauer-landbote.de\/?author=1"}]}},"jetpack_featured_media_url":"","jetpack_sharing_enabled":true,"jetpack_likes_enabled":true,"_links":{"self":[{"href":"http:\/\/www.wetterauer-landbote.de\/index.php?rest_route=\/wp\/v2\/posts\/2044","targetHints":{"allow":["GET"]}}],"collection":[{"href":"http:\/\/www.wetterauer-landbote.de\/index.php?rest_route=\/wp\/v2\/posts"}],"about":[{"href":"http:\/\/www.wetterauer-landbote.de\/index.php?rest_route=\/wp\/v2\/types\/post"}],"author":[{"embeddable":true,"href":"http:\/\/www.wetterauer-landbote.de\/index.php?rest_route=\/wp\/v2\/users\/1"}],"replies":[{"embeddable":true,"href":"http:\/\/www.wetterauer-landbote.de\/index.php?rest_route=%2Fwp%2Fv2%2Fcomments&post=2044"}],"version-history":[{"count":3,"href":"http:\/\/www.wetterauer-landbote.de\/index.php?rest_route=\/wp\/v2\/posts\/2044\/revisions"}],"predecessor-version":[{"id":2048,"href":"http:\/\/www.wetterauer-landbote.de\/index.php?rest_route=\/wp\/v2\/posts\/2044\/revisions\/2048"}],"wp:attachment":[{"href":"http:\/\/www.wetterauer-landbote.de\/index.php?rest_route=%2Fwp%2Fv2%2Fmedia&parent=2044"}],"wp:term":[{"taxonomy":"category","embeddable":true,"href":"http:\/\/www.wetterauer-landbote.de\/index.php?rest_route=%2Fwp%2Fv2%2Fcategories&post=2044"},{"taxonomy":"post_tag","embeddable":true,"href":"http:\/\/www.wetterauer-landbote.de\/index.php?rest_route=%2Fwp%2Fv2%2Ftags&post=2044"}],"curies":[{"name":"wp","href":"https:\/\/api.w.org\/{rel}","templated":true}]}}