{"id":2029,"date":"2015-01-11T15:46:15","date_gmt":"2015-01-11T13:46:15","guid":{"rendered":"http:\/\/www.wetterauer-landbote.de\/?p=2029"},"modified":"2015-01-12T17:52:22","modified_gmt":"2015-01-12T15:52:22","slug":"das-buch-vom-landboten","status":"publish","type":"post","link":"http:\/\/www.wetterauer-landbote.de\/?p=2029","title":{"rendered":"Das Buch vom Landboten"},"content":{"rendered":"<h2>Auf den Spuren der legend\u00e4ren Flugschrift <a href=\"https:\/\/i0.wp.com\/www.wetterauer-landbote.de\/wp-content\/uploads\/2015\/01\/titel.gif\"><img data-recalc-dims=\"1\" loading=\"lazy\" decoding=\"async\" class=\"alignright  wp-image-2032\" src=\"https:\/\/i0.wp.com\/www.wetterauer-landbote.de\/wp-content\/uploads\/2015\/01\/titel.gif?resize=255%2C367\" alt=\"titel\" width=\"255\" height=\"367\" \/><\/a><\/h2>\n<p>&#8222;Kampfblatt als Vorbild&#8220; urteilte der Hessische Rundfunk, als sich Redakteure des &#8222;Wetterauer Landboten&#8220; im Sommer 2014 auf die Spuren des &#8222;Hessischen Landboten&#8220; begaben. Entstanden sind zehn Artikel \u00fcber Georg B\u00fcchner und Friedrich Ludwig Weidig, den den Hessischen Landboten geschrieben hatten, \u00fcber ihre Kampfgef\u00e4hrten und ihre Zeit und \u00fcber die Nachwirkungen der radikalen Flugschrift. Die Artikel liegen nun als Buch vor, das hier f\u00fcr 5,50 Euro als PDF-Datei zu Gunsten den weiteren Aufbaues einer Internetzeitung f\u00fcr Rhein-Main und Mittelhessen verkauft wird.<\/p>\n<p><!--more--><\/p>\n<h3><strong>Das Buch vom Landboten<\/strong><\/h3>\n<p>&#8222;Friede den H\u00fctten! Krieg den Pal\u00e4sten!&#8220; Mit dieser Parole aus der franz\u00f6sischen Revolution wollten B\u00fcchner und Weidig 1834 die Landbev\u00f6lkerung in Hessen aufr\u00fctteln. Die Obrigkeit reagierte erschrocken und erbarmungslos. Weidig starb im Gef\u00e4ngnis. B\u00fcchner floh ins Exil.<\/p>\n<p>In ihrem Buch beschreiben die Redakteure des \u201eWetterauer Landboten\u201c die Lebensgeschichte von B\u00fcchner und Weidig und ihren Kampfgef\u00e4hrten wie dem Friedberger Apotheker Theodor Trapp, dem Petterweiler Pfarrer Heinrich Flick und von Wilhelm Schulzt, dem mit Hilfe seiner Frau eine spektakul\u00e4re Flucht aus dem Kerker des Babenhausener Schlosses gelang. Die Lebensverh\u00e4ltnis des Landvolkes damals werden dargestellt, das in Scharen vor der Armut hier nach Amerika fl\u00fcchtete. Es wird der Frage nachgegangen, ob der \u201eHessische Landbote\u201c wirklich in Offenbach gedruckt wurde, die Nachwirkungen der radikalen Flugschrift bis heute werden dargestellt und es wird auf den Adel heute geblickt und darauf, was der mit seinem ererbten Reichtum und Einfluss heute anstellt. \u201eKeiner erbt vor dem anderen mit der Geburt ein Recht oder einen Titel, keiner erwirbt mit dem Eigentum ein Recht vor dem anderen\u201c, schrieben B\u00fcchner und Weidig im Landboten. Erf\u00fcllt ist das bis heute nicht.<\/p>\n<p>Hier sind Lesebeispiele (zum Vergr\u00f6\u00dfern das Bild anklicken, zur\u00fcck mit Esc)<\/p>\n<p><a href=\"https:\/\/i0.wp.com\/www.wetterauer-landbote.de\/wp-content\/uploads\/2015\/01\/beispiel1.gif\"><img data-recalc-dims=\"1\" loading=\"lazy\" decoding=\"async\" class=\"alignleft  wp-image-2030\" src=\"https:\/\/i0.wp.com\/www.wetterauer-landbote.de\/wp-content\/uploads\/2015\/01\/beispiel1.gif?resize=236%2C157\" alt=\"beispiel1\" width=\"236\" height=\"157\" \/><\/a><a href=\"https:\/\/i0.wp.com\/www.wetterauer-landbote.de\/wp-content\/uploads\/2015\/01\/Beispiel2.gif\"><img data-recalc-dims=\"1\" loading=\"lazy\" decoding=\"async\" class=\"alignright  wp-image-2031\" src=\"https:\/\/i0.wp.com\/www.wetterauer-landbote.de\/wp-content\/uploads\/2015\/01\/Beispiel2.gif?resize=240%2C160\" alt=\"Beispiel2\" width=\"240\" height=\"160\" \/><\/a><\/p>\n<p>&nbsp;<\/p>\n<p>&nbsp;<\/p>\n<p><em>Das \u201eBuch vom Landboten\u201c hat 55 Seiten und kostet 5,50 Euro. <strong>Um das Buch zu kaufen, auf diesen Artikel klicken, anschlie\u00dfend auf den Bezahl-Button rechts oben.<\/strong> Der Erl\u00f6s flie\u00dft in den weiteren Auf- und Ausbau einer Internetzeitung f\u00fcr Rhein-Main und Mittelhessen.<\/em><\/p>\n<p>Hier ist das Buch als PDF-Dateil:<a href=\"http:\/\/www.wetterauer-landbote.de\/wp-content\/uploads\/2015\/01\/landbotebuch.pdf\" target=\"_blank\"> landbotebuch<\/a><\/p>\n<p>&nbsp;<\/p>\n","protected":false},"excerpt":{"rendered":"<p>Auf den Spuren der legend\u00e4ren Flugschrift &#8222;Kampfblatt als Vorbild&#8220; urteilte der Hessische Rundfunk, als sich Redakteure des &#8222;Wetterauer Landboten&#8220; im Sommer 2014 auf die Spuren des &#8222;Hessischen Landboten&#8220; begaben. Entstanden sind zehn Artikel \u00fcber Georg B\u00fcchner und Friedrich Ludwig Weidig, &hellip; <a href=\"http:\/\/www.wetterauer-landbote.de\/?p=2029\">Weiterlesen <span class=\"meta-nav\">&rarr;<\/span><\/a><\/p>\n","protected":false},"author":1,"featured_media":0,"comment_status":"open","ping_status":"open","sticky":false,"template":"","format":"standard","meta":{"_jetpack_memberships_contains_paid_content":false,"footnotes":""},"categories":[1],"tags":[],"class_list":["post-2029","post","type-post","status-publish","format-standard","hentry","category-allgemein"],"yoast_head":"<!-- This site is optimized with the Yoast SEO plugin v27.0 - https:\/\/yoast.com\/product\/yoast-seo-wordpress\/ -->\n<title>Das Buch vom Landboten - Wetterauer-Landbote<\/title>\n<meta name=\"description\" content=\"Der Wetterauer Landbote gibt ein Buch \u00fcber den Hessischen Landboten, B\u00fcchner und Weidig, ihre Zeit und ihre Nachwirkungen heraus. Das Buch vom Landboten\" \/>\n<meta name=\"robots\" content=\"index, follow, max-snippet:-1, max-image-preview:large, max-video-preview:-1\" \/>\n<link rel=\"canonical\" href=\"http:\/\/www.wetterauer-landbote.de\/?p=2029\" \/>\n<meta property=\"og:locale\" content=\"de_DE\" \/>\n<meta property=\"og:type\" content=\"article\" \/>\n<meta property=\"og:title\" content=\"Das Buch vom Landboten - Wetterauer-Landbote\" \/>\n<meta property=\"og:description\" content=\"Der Wetterauer Landbote gibt ein Buch \u00fcber den Hessischen Landboten, B\u00fcchner und Weidig, ihre Zeit und ihre Nachwirkungen heraus. Das Buch vom Landboten\" \/>\n<meta property=\"og:url\" content=\"http:\/\/www.wetterauer-landbote.de\/?p=2029\" \/>\n<meta property=\"og:site_name\" content=\"Wetterauer-Landbote\" \/>\n<meta property=\"article:published_time\" content=\"2015-01-11T13:46:15+00:00\" \/>\n<meta property=\"article:modified_time\" content=\"2015-01-12T15:52:22+00:00\" \/>\n<meta property=\"og:image\" content=\"http:\/\/www.wetterauer-landbote.de\/wp-content\/uploads\/2015\/01\/titel.gif\" \/>\n<meta name=\"author\" content=\"harpo\" \/>\n<meta name=\"twitter:label1\" content=\"Verfasst von\" \/>\n\t<meta name=\"twitter:data1\" content=\"harpo\" \/>\n\t<meta name=\"twitter:label2\" content=\"Gesch\u00e4tzte Lesezeit\" \/>\n\t<meta name=\"twitter:data2\" content=\"2\u00a0Minuten\" \/>\n<script type=\"application\/ld+json\" class=\"yoast-schema-graph\">{\"@context\":\"https:\/\/schema.org\",\"@graph\":[{\"@type\":\"Article\",\"@id\":\"http:\/\/www.wetterauer-landbote.de\/?p=2029#article\",\"isPartOf\":{\"@id\":\"http:\/\/www.wetterauer-landbote.de\/?p=2029\"},\"author\":{\"name\":\"harpo\",\"@id\":\"http:\/\/www.wetterauer-landbote.de\/#\/schema\/person\/fa7509b189bc402f223dd5337ab92ed0\"},\"headline\":\"Das Buch vom Landboten\",\"datePublished\":\"2015-01-11T13:46:15+00:00\",\"dateModified\":\"2015-01-12T15:52:22+00:00\",\"mainEntityOfPage\":{\"@id\":\"http:\/\/www.wetterauer-landbote.de\/?p=2029\"},\"wordCount\":357,\"commentCount\":3,\"image\":{\"@id\":\"http:\/\/www.wetterauer-landbote.de\/?p=2029#primaryimage\"},\"thumbnailUrl\":\"http:\/\/www.wetterauer-landbote.de\/wp-content\/uploads\/2015\/01\/titel.gif\",\"inLanguage\":\"de\",\"potentialAction\":[{\"@type\":\"CommentAction\",\"name\":\"Comment\",\"target\":[\"http:\/\/www.wetterauer-landbote.de\/?p=2029#respond\"]}]},{\"@type\":\"WebPage\",\"@id\":\"http:\/\/www.wetterauer-landbote.de\/?p=2029\",\"url\":\"http:\/\/www.wetterauer-landbote.de\/?p=2029\",\"name\":\"Das Buch vom Landboten - Wetterauer-Landbote\",\"isPartOf\":{\"@id\":\"http:\/\/www.wetterauer-landbote.de\/#website\"},\"primaryImageOfPage\":{\"@id\":\"http:\/\/www.wetterauer-landbote.de\/?p=2029#primaryimage\"},\"image\":{\"@id\":\"http:\/\/www.wetterauer-landbote.de\/?p=2029#primaryimage\"},\"thumbnailUrl\":\"http:\/\/www.wetterauer-landbote.de\/wp-content\/uploads\/2015\/01\/titel.gif\",\"datePublished\":\"2015-01-11T13:46:15+00:00\",\"dateModified\":\"2015-01-12T15:52:22+00:00\",\"author\":{\"@id\":\"http:\/\/www.wetterauer-landbote.de\/#\/schema\/person\/fa7509b189bc402f223dd5337ab92ed0\"},\"description\":\"Der Wetterauer Landbote gibt ein Buch \u00fcber den Hessischen Landboten, B\u00fcchner und Weidig, ihre Zeit und ihre Nachwirkungen heraus. Das Buch vom Landboten\",\"breadcrumb\":{\"@id\":\"http:\/\/www.wetterauer-landbote.de\/?p=2029#breadcrumb\"},\"inLanguage\":\"de\",\"potentialAction\":[{\"@type\":\"ReadAction\",\"target\":[\"http:\/\/www.wetterauer-landbote.de\/?p=2029\"]}]},{\"@type\":\"ImageObject\",\"inLanguage\":\"de\",\"@id\":\"http:\/\/www.wetterauer-landbote.de\/?p=2029#primaryimage\",\"url\":\"https:\/\/i0.wp.com\/www.wetterauer-landbote.de\/wp-content\/uploads\/2015\/01\/titel.gif?fit=513%2C749\",\"contentUrl\":\"https:\/\/i0.wp.com\/www.wetterauer-landbote.de\/wp-content\/uploads\/2015\/01\/titel.gif?fit=513%2C749\",\"width\":513,\"height\":749},{\"@type\":\"BreadcrumbList\",\"@id\":\"http:\/\/www.wetterauer-landbote.de\/?p=2029#breadcrumb\",\"itemListElement\":[{\"@type\":\"ListItem\",\"position\":1,\"name\":\"Home\",\"item\":\"http:\/\/www.wetterauer-landbote.de\/\"},{\"@type\":\"ListItem\",\"position\":2,\"name\":\"Das Buch vom Landboten\"}]},{\"@type\":\"WebSite\",\"@id\":\"http:\/\/www.wetterauer-landbote.de\/#website\",\"url\":\"http:\/\/www.wetterauer-landbote.de\/\",\"name\":\"Wetterauer-Landbote\",\"description\":\"\",\"potentialAction\":[{\"@type\":\"SearchAction\",\"target\":{\"@type\":\"EntryPoint\",\"urlTemplate\":\"http:\/\/www.wetterauer-landbote.de\/?s={search_term_string}\"},\"query-input\":{\"@type\":\"PropertyValueSpecification\",\"valueRequired\":true,\"valueName\":\"search_term_string\"}}],\"inLanguage\":\"de\"},{\"@type\":\"Person\",\"@id\":\"http:\/\/www.wetterauer-landbote.de\/#\/schema\/person\/fa7509b189bc402f223dd5337ab92ed0\",\"name\":\"harpo\",\"image\":{\"@type\":\"ImageObject\",\"inLanguage\":\"de\",\"@id\":\"http:\/\/www.wetterauer-landbote.de\/#\/schema\/person\/image\/\",\"url\":\"https:\/\/secure.gravatar.com\/avatar\/198bcecc77c146e5ea8d4540d99560b4b486a090b927ff654b2c125224d88117?s=96&d=mm&r=g\",\"contentUrl\":\"https:\/\/secure.gravatar.com\/avatar\/198bcecc77c146e5ea8d4540d99560b4b486a090b927ff654b2c125224d88117?s=96&d=mm&r=g\",\"caption\":\"harpo\"},\"url\":\"http:\/\/www.wetterauer-landbote.de\/?author=1\"}]}<\/script>\n<!-- \/ Yoast SEO plugin. -->","yoast_head_json":{"title":"Das Buch vom Landboten - Wetterauer-Landbote","description":"Der Wetterauer Landbote gibt ein Buch \u00fcber den Hessischen Landboten, B\u00fcchner und Weidig, ihre Zeit und ihre Nachwirkungen heraus. Das Buch vom Landboten","robots":{"index":"index","follow":"follow","max-snippet":"max-snippet:-1","max-image-preview":"max-image-preview:large","max-video-preview":"max-video-preview:-1"},"canonical":"http:\/\/www.wetterauer-landbote.de\/?p=2029","og_locale":"de_DE","og_type":"article","og_title":"Das Buch vom Landboten - Wetterauer-Landbote","og_description":"Der Wetterauer Landbote gibt ein Buch \u00fcber den Hessischen Landboten, B\u00fcchner und Weidig, ihre Zeit und ihre Nachwirkungen heraus. Das Buch vom Landboten","og_url":"http:\/\/www.wetterauer-landbote.de\/?p=2029","og_site_name":"Wetterauer-Landbote","article_published_time":"2015-01-11T13:46:15+00:00","article_modified_time":"2015-01-12T15:52:22+00:00","og_image":[{"url":"http:\/\/www.wetterauer-landbote.de\/wp-content\/uploads\/2015\/01\/titel.gif","type":"","width":"","height":""}],"author":"harpo","twitter_misc":{"Verfasst von":"harpo","Gesch\u00e4tzte Lesezeit":"2\u00a0Minuten"},"schema":{"@context":"https:\/\/schema.org","@graph":[{"@type":"Article","@id":"http:\/\/www.wetterauer-landbote.de\/?p=2029#article","isPartOf":{"@id":"http:\/\/www.wetterauer-landbote.de\/?p=2029"},"author":{"name":"harpo","@id":"http:\/\/www.wetterauer-landbote.de\/#\/schema\/person\/fa7509b189bc402f223dd5337ab92ed0"},"headline":"Das Buch vom Landboten","datePublished":"2015-01-11T13:46:15+00:00","dateModified":"2015-01-12T15:52:22+00:00","mainEntityOfPage":{"@id":"http:\/\/www.wetterauer-landbote.de\/?p=2029"},"wordCount":357,"commentCount":3,"image":{"@id":"http:\/\/www.wetterauer-landbote.de\/?p=2029#primaryimage"},"thumbnailUrl":"http:\/\/www.wetterauer-landbote.de\/wp-content\/uploads\/2015\/01\/titel.gif","inLanguage":"de","potentialAction":[{"@type":"CommentAction","name":"Comment","target":["http:\/\/www.wetterauer-landbote.de\/?p=2029#respond"]}]},{"@type":"WebPage","@id":"http:\/\/www.wetterauer-landbote.de\/?p=2029","url":"http:\/\/www.wetterauer-landbote.de\/?p=2029","name":"Das Buch vom Landboten - Wetterauer-Landbote","isPartOf":{"@id":"http:\/\/www.wetterauer-landbote.de\/#website"},"primaryImageOfPage":{"@id":"http:\/\/www.wetterauer-landbote.de\/?p=2029#primaryimage"},"image":{"@id":"http:\/\/www.wetterauer-landbote.de\/?p=2029#primaryimage"},"thumbnailUrl":"http:\/\/www.wetterauer-landbote.de\/wp-content\/uploads\/2015\/01\/titel.gif","datePublished":"2015-01-11T13:46:15+00:00","dateModified":"2015-01-12T15:52:22+00:00","author":{"@id":"http:\/\/www.wetterauer-landbote.de\/#\/schema\/person\/fa7509b189bc402f223dd5337ab92ed0"},"description":"Der Wetterauer Landbote gibt ein Buch \u00fcber den Hessischen Landboten, B\u00fcchner und Weidig, ihre Zeit und ihre Nachwirkungen heraus. Das Buch vom Landboten","breadcrumb":{"@id":"http:\/\/www.wetterauer-landbote.de\/?p=2029#breadcrumb"},"inLanguage":"de","potentialAction":[{"@type":"ReadAction","target":["http:\/\/www.wetterauer-landbote.de\/?p=2029"]}]},{"@type":"ImageObject","inLanguage":"de","@id":"http:\/\/www.wetterauer-landbote.de\/?p=2029#primaryimage","url":"https:\/\/i0.wp.com\/www.wetterauer-landbote.de\/wp-content\/uploads\/2015\/01\/titel.gif?fit=513%2C749","contentUrl":"https:\/\/i0.wp.com\/www.wetterauer-landbote.de\/wp-content\/uploads\/2015\/01\/titel.gif?fit=513%2C749","width":513,"height":749},{"@type":"BreadcrumbList","@id":"http:\/\/www.wetterauer-landbote.de\/?p=2029#breadcrumb","itemListElement":[{"@type":"ListItem","position":1,"name":"Home","item":"http:\/\/www.wetterauer-landbote.de\/"},{"@type":"ListItem","position":2,"name":"Das Buch vom Landboten"}]},{"@type":"WebSite","@id":"http:\/\/www.wetterauer-landbote.de\/#website","url":"http:\/\/www.wetterauer-landbote.de\/","name":"Wetterauer-Landbote","description":"","potentialAction":[{"@type":"SearchAction","target":{"@type":"EntryPoint","urlTemplate":"http:\/\/www.wetterauer-landbote.de\/?s={search_term_string}"},"query-input":{"@type":"PropertyValueSpecification","valueRequired":true,"valueName":"search_term_string"}}],"inLanguage":"de"},{"@type":"Person","@id":"http:\/\/www.wetterauer-landbote.de\/#\/schema\/person\/fa7509b189bc402f223dd5337ab92ed0","name":"harpo","image":{"@type":"ImageObject","inLanguage":"de","@id":"http:\/\/www.wetterauer-landbote.de\/#\/schema\/person\/image\/","url":"https:\/\/secure.gravatar.com\/avatar\/198bcecc77c146e5ea8d4540d99560b4b486a090b927ff654b2c125224d88117?s=96&d=mm&r=g","contentUrl":"https:\/\/secure.gravatar.com\/avatar\/198bcecc77c146e5ea8d4540d99560b4b486a090b927ff654b2c125224d88117?s=96&d=mm&r=g","caption":"harpo"},"url":"http:\/\/www.wetterauer-landbote.de\/?author=1"}]}},"jetpack_featured_media_url":"","jetpack_sharing_enabled":true,"jetpack_likes_enabled":true,"_links":{"self":[{"href":"http:\/\/www.wetterauer-landbote.de\/index.php?rest_route=\/wp\/v2\/posts\/2029","targetHints":{"allow":["GET"]}}],"collection":[{"href":"http:\/\/www.wetterauer-landbote.de\/index.php?rest_route=\/wp\/v2\/posts"}],"about":[{"href":"http:\/\/www.wetterauer-landbote.de\/index.php?rest_route=\/wp\/v2\/types\/post"}],"author":[{"embeddable":true,"href":"http:\/\/www.wetterauer-landbote.de\/index.php?rest_route=\/wp\/v2\/users\/1"}],"replies":[{"embeddable":true,"href":"http:\/\/www.wetterauer-landbote.de\/index.php?rest_route=%2Fwp%2Fv2%2Fcomments&post=2029"}],"version-history":[{"count":3,"href":"http:\/\/www.wetterauer-landbote.de\/index.php?rest_route=\/wp\/v2\/posts\/2029\/revisions"}],"predecessor-version":[{"id":2036,"href":"http:\/\/www.wetterauer-landbote.de\/index.php?rest_route=\/wp\/v2\/posts\/2029\/revisions\/2036"}],"wp:attachment":[{"href":"http:\/\/www.wetterauer-landbote.de\/index.php?rest_route=%2Fwp%2Fv2%2Fmedia&parent=2029"}],"wp:term":[{"taxonomy":"category","embeddable":true,"href":"http:\/\/www.wetterauer-landbote.de\/index.php?rest_route=%2Fwp%2Fv2%2Fcategories&post=2029"},{"taxonomy":"post_tag","embeddable":true,"href":"http:\/\/www.wetterauer-landbote.de\/index.php?rest_route=%2Fwp%2Fv2%2Ftags&post=2029"}],"curies":[{"name":"wp","href":"https:\/\/api.w.org\/{rel}","templated":true}]}}