{"id":1915,"date":"2014-12-18T12:46:56","date_gmt":"2014-12-18T10:46:56","guid":{"rendered":"http:\/\/www.wetterauer-landbote.de\/?p=1915"},"modified":"2014-12-18T12:46:56","modified_gmt":"2014-12-18T10:46:56","slug":"tisa-gefaehrdet-persoenliche-daten","status":"publish","type":"post","link":"http:\/\/www.wetterauer-landbote.de\/?p=1915","title":{"rendered":"TiSA gef\u00e4hrdet pers\u00f6nliche Daten"},"content":{"rendered":"<h2>Datenschutz wird ausgehebelt<a href=\"https:\/\/i0.wp.com\/www.wetterauer-landbote.de\/wp-content\/uploads\/2014\/10\/ttip.gif\"><img data-recalc-dims=\"1\" loading=\"lazy\" decoding=\"async\" class=\"alignright size-full wp-image-1446\" src=\"https:\/\/i0.wp.com\/www.wetterauer-landbote.de\/wp-content\/uploads\/2014\/10\/ttip.gif?resize=220%2C147\" alt=\"ttip\" width=\"220\" height=\"147\" \/><\/a><\/h2>\n<p>Erneut sorgt ein internationales Abkommen f\u00fcr politischen Wirbel. Das\u00a0internationale Dienstleistungsabkommen \u201eTrade in Services Agreement\u201c\u00a0, kurz TiSA, gef\u00e4hrde den Schutz pers\u00f6nlicher Daten beim Transfer zwischen Staaten, die die Organisation \u201eNetzpolitik.org\u201c. Das beweise ein geleakter Verhandlungsstand den \u201eNetzpolitik.org\u201c in Zusammenarbeit mit \u00a0Associated Whistleblowing Press und ihrer lokalen, spanischen Plattform\u00a0filtrala.org jetzt ver\u00f6ffentlichte. Demnach w\u00fcrden europ\u00e4ische und deutsche Datenschutzbestimmungen ausgehebelt. Im Juni hat Wikileaks\u00a0bereits ein Kapitel aus den TiSA-Dokumentenentw\u00fcrfen ver\u00f6ffentlicht, das sich im Wesentlichen mit der Deregulation des Finanzsektors besch\u00e4ftigt.<\/p>\n<p><!--more--><\/p>\n<h3><strong>TiSA gef\u00e4hrdet pers\u00f6nliche Daten<\/strong><\/h3>\n<p>Laut Netzpolitik.org gibt es folgende Passage im Vertragstext: \u201eKein Unterzeichner darf einen Diensteanbieter eines anderen Unterzeichners daran hindern, Informationen zu \u00fcbertragen, auf sie zuzugreifen, sie zu verarbeiten oder zu speichern. Das schlie\u00dft pers\u00f6nliche Daten mit ein, wenn der Vorgang in Zusammenhang mit der Ausf\u00fchrung der Gesch\u00e4fte des Diensteanbieters steht. Betrachtet man dann, wie beispielsweise\u00a0US-Telekommunikationsanbieter mit den amerikanischen Geheimdiensten kooperieren, braucht es nur wenig Phantasie, um sich vorzustellen, was auch mit den Daten europ\u00e4ischer Kunden passieren wird.\u00a0Europ\u00e4ische Datenschutzbestimmungen w\u00fcrden damit weitgehend ausgeh\u00f6hlt.\u201c<\/p>\n<p>Bereits im Juni hatte die S\u00fcddeutsche Zeitung (SZ) enth\u00fcllt, dass Tisa Finanzkonzernen den Datentransfer erlauben soll\u00a0und dadurch wom\u00f6glich Kontodaten europ\u00e4ischer B\u00fcrger in die USA oder woanders hin abflie\u00dfen k\u00f6nnten. Die nun ver\u00f6ffentlichten Vertragsdokumente legen laut SZ nahe, dass der Transfer allen Dienstleistungsfirmen m\u00f6glich sein soll. &#8222;Das ist ein klarer Bruch der Datenschutzgesetzgebung, die wir seit\u00a01995\u00a0in Europa haben&#8220;, kritisiert der gr\u00fcne EU-Abgeordnete Jan Philipp Albrecht gegen\u00fcber S\u00fcddeutsche.de. &#8222;Diese Gesetze sind Teil der EU-Vertr\u00e4ge und der Grundrechtecharta, die damit ausgeh\u00f6hlt\u00a0w\u00fcrden&#8220;. Der Gr\u00fcnen EU-Abgeordnete Michel Reimon beklagt, die US-Regierung versuche Unternehmen davon zu befreien, dass sie in den L\u00e4ndern einen Firmensitz haben m\u00fcssen, in denen sie einen Dienstleistung erbringen. Reimon: &#8222;Auch US-Internet-Konzerne br\u00e4uchten also keinerlei Niederlassung in der Europ\u00e4ischen Union mehr und w\u00fcrden damit auch nicht mehr den EU-Gesetzen\u00a0unterliegen.&#8220;<\/p>\n<h4><span style=\"color: #ff0000;\">KOMMENTAR<\/span><\/h4>\n<p><strong>Freier Handel &#8211; Profitmaximierung ohne Hemmung<\/strong><\/p>\n<p><em>Von Anton J. Seib<\/em><\/p>\n<p>TTIP, CETA, TiSA \u2013 K\u00fcrzel, die bis vor wenigen Monaten selbst politisch Interessierte in Deutschland kaum kannten; die erst nach und nach Gegenstand des \u00f6ffentlichen Diskurses wurden; die mittlerweile in Parteien, Gewerkschaften, der Kulturszene und selbst in den Kirchen Widerspruch ausl\u00f6sen; und die dank der vielen Nicht-Regierungsorganisationen inzwischen von hunderttausenden von B\u00fcrgern in Europa abgelehnt werden. Denn hinter diesen K\u00fcrzeln verbirgt sich ein Angriff auf unsere demokratische Gesellschaft.<br \/>\nFreier Handel, freie Dienstleistungen, das \u2013 so stellt sich immer mehr heraus \u2013 wird bedeuten: Die global agierenden Konzerne befreien sich auch von den Fesseln nationaler Gesetzgebungen und Standards auf den Sektoren, Umwelt, Kultur, Soziales oder Gesundheit. Und will eine Gesellschaft den Konzernen aus guten Gr\u00fcnden dennoch Fesseln anlegen, sollen private Schiedsgerichte Staaten zu Schadenersatzleistungen verdonnern k\u00f6nnen. Kommen TTIP, CETA, TiSA \u2013 und es gibt noch weitere Abkommen, die derzeit verhandelt werden \u2013 dann droht den demokratisch verfassten Gesellschaften die klammheimliche Macht\u00fcbernahme durch Konzerne und Finanzm\u00e4rkte.<br \/>\nUnsere Gesellschaft wird nicht durch Islamisten oder Rechtsextremisten bedroht. Die Bedrohung kommt aus den Konzernzentralen von Monsanto, Pfizer, Nestl\u00e9; von den \u00d6lmultis Exxon und Shell; von den R\u00fcstungsschmieden Lockheed Martin oder Krauss-Maffei-Wegmann; von Vattenfall und Gazprom; von Apple und Google; General Electric und Novartis; von IBM und Procter &amp; Gamble. F\u00fcr sie sind Umweltschutzauflagen, Gesundheitsschutz, Tarifvertr\u00e4ge, Mitbestimmung Handelshemmnisse, die \u00fcberwunden werden m\u00fcssen. Freihandel \u2013 das ist f\u00fcr sie die Freiheit der Konzerne, ohne Hemmungen, ohne R\u00fccksicht auf die Interessen von Millionen von Menschen Profite maximieren zu k\u00f6nnen. Das steckt hinter TTIP, CETA oder TiSA. Und immer mehr Menschen begreifen das. Und wehren sich. Und das ist gut so.<\/p>\n","protected":false},"excerpt":{"rendered":"<p>Datenschutz wird ausgehebelt Erneut sorgt ein internationales Abkommen f\u00fcr politischen Wirbel. Das\u00a0internationale Dienstleistungsabkommen \u201eTrade in Services Agreement\u201c\u00a0, kurz TiSA, gef\u00e4hrde den Schutz pers\u00f6nlicher Daten beim Transfer zwischen Staaten, die die Organisation \u201eNetzpolitik.org\u201c. Das beweise ein geleakter Verhandlungsstand den \u201eNetzpolitik.org\u201c in &hellip; <a href=\"http:\/\/www.wetterauer-landbote.de\/?p=1915\">Weiterlesen <span class=\"meta-nav\">&rarr;<\/span><\/a><\/p>\n","protected":false},"author":1,"featured_media":0,"comment_status":"open","ping_status":"open","sticky":false,"template":"","format":"standard","meta":{"_jetpack_memberships_contains_paid_content":false,"footnotes":""},"categories":[1],"tags":[],"class_list":["post-1915","post","type-post","status-publish","format-standard","hentry","category-allgemein"],"yoast_head":"<!-- This site is optimized with the Yoast SEO plugin v27.0 - https:\/\/yoast.com\/product\/yoast-seo-wordpress\/ -->\n<title>TiSA gef\u00e4hrdet pers\u00f6nliche Daten - Wetterauer-Landbote<\/title>\n<meta name=\"description\" content=\"Internationales Abkommen soll europ\u00e4ische und deutsche Datenschutzbestimmungen aushebeln. TiSA gef\u00e4hrdet pers\u00f6nliche Daten\" \/>\n<meta name=\"robots\" content=\"index, follow, max-snippet:-1, max-image-preview:large, max-video-preview:-1\" \/>\n<link rel=\"canonical\" href=\"http:\/\/www.wetterauer-landbote.de\/?p=1915\" \/>\n<meta property=\"og:locale\" content=\"de_DE\" \/>\n<meta property=\"og:type\" content=\"article\" \/>\n<meta property=\"og:title\" content=\"TiSA gef\u00e4hrdet pers\u00f6nliche Daten - Wetterauer-Landbote\" \/>\n<meta property=\"og:description\" content=\"Internationales Abkommen soll europ\u00e4ische und deutsche Datenschutzbestimmungen aushebeln. TiSA gef\u00e4hrdet pers\u00f6nliche Daten\" \/>\n<meta property=\"og:url\" content=\"http:\/\/www.wetterauer-landbote.de\/?p=1915\" \/>\n<meta property=\"og:site_name\" content=\"Wetterauer-Landbote\" \/>\n<meta property=\"article:published_time\" content=\"2014-12-18T10:46:56+00:00\" \/>\n<meta property=\"og:image\" content=\"http:\/\/www.wetterauer-landbote.de\/wp-content\/uploads\/2014\/10\/ttip.gif\" \/>\n<meta name=\"author\" content=\"harpo\" \/>\n<meta name=\"twitter:label1\" content=\"Verfasst von\" \/>\n\t<meta name=\"twitter:data1\" content=\"harpo\" \/>\n\t<meta name=\"twitter:label2\" content=\"Gesch\u00e4tzte Lesezeit\" \/>\n\t<meta name=\"twitter:data2\" content=\"3\u00a0Minuten\" \/>\n<script type=\"application\/ld+json\" class=\"yoast-schema-graph\">{\"@context\":\"https:\/\/schema.org\",\"@graph\":[{\"@type\":\"Article\",\"@id\":\"http:\/\/www.wetterauer-landbote.de\/?p=1915#article\",\"isPartOf\":{\"@id\":\"http:\/\/www.wetterauer-landbote.de\/?p=1915\"},\"author\":{\"name\":\"harpo\",\"@id\":\"http:\/\/www.wetterauer-landbote.de\/#\/schema\/person\/fa7509b189bc402f223dd5337ab92ed0\"},\"headline\":\"TiSA gef\u00e4hrdet pers\u00f6nliche Daten\",\"datePublished\":\"2014-12-18T10:46:56+00:00\",\"mainEntityOfPage\":{\"@id\":\"http:\/\/www.wetterauer-landbote.de\/?p=1915\"},\"wordCount\":632,\"commentCount\":0,\"image\":{\"@id\":\"http:\/\/www.wetterauer-landbote.de\/?p=1915#primaryimage\"},\"thumbnailUrl\":\"http:\/\/www.wetterauer-landbote.de\/wp-content\/uploads\/2014\/10\/ttip.gif\",\"inLanguage\":\"de\",\"potentialAction\":[{\"@type\":\"CommentAction\",\"name\":\"Comment\",\"target\":[\"http:\/\/www.wetterauer-landbote.de\/?p=1915#respond\"]}]},{\"@type\":\"WebPage\",\"@id\":\"http:\/\/www.wetterauer-landbote.de\/?p=1915\",\"url\":\"http:\/\/www.wetterauer-landbote.de\/?p=1915\",\"name\":\"TiSA gef\u00e4hrdet pers\u00f6nliche Daten - Wetterauer-Landbote\",\"isPartOf\":{\"@id\":\"http:\/\/www.wetterauer-landbote.de\/#website\"},\"primaryImageOfPage\":{\"@id\":\"http:\/\/www.wetterauer-landbote.de\/?p=1915#primaryimage\"},\"image\":{\"@id\":\"http:\/\/www.wetterauer-landbote.de\/?p=1915#primaryimage\"},\"thumbnailUrl\":\"http:\/\/www.wetterauer-landbote.de\/wp-content\/uploads\/2014\/10\/ttip.gif\",\"datePublished\":\"2014-12-18T10:46:56+00:00\",\"author\":{\"@id\":\"http:\/\/www.wetterauer-landbote.de\/#\/schema\/person\/fa7509b189bc402f223dd5337ab92ed0\"},\"description\":\"Internationales Abkommen soll europ\u00e4ische und deutsche Datenschutzbestimmungen aushebeln. TiSA gef\u00e4hrdet pers\u00f6nliche Daten\",\"breadcrumb\":{\"@id\":\"http:\/\/www.wetterauer-landbote.de\/?p=1915#breadcrumb\"},\"inLanguage\":\"de\",\"potentialAction\":[{\"@type\":\"ReadAction\",\"target\":[\"http:\/\/www.wetterauer-landbote.de\/?p=1915\"]}]},{\"@type\":\"ImageObject\",\"inLanguage\":\"de\",\"@id\":\"http:\/\/www.wetterauer-landbote.de\/?p=1915#primaryimage\",\"url\":\"https:\/\/i0.wp.com\/www.wetterauer-landbote.de\/wp-content\/uploads\/2014\/10\/ttip.gif?fit=220%2C147\",\"contentUrl\":\"https:\/\/i0.wp.com\/www.wetterauer-landbote.de\/wp-content\/uploads\/2014\/10\/ttip.gif?fit=220%2C147\",\"width\":220,\"height\":147},{\"@type\":\"BreadcrumbList\",\"@id\":\"http:\/\/www.wetterauer-landbote.de\/?p=1915#breadcrumb\",\"itemListElement\":[{\"@type\":\"ListItem\",\"position\":1,\"name\":\"Home\",\"item\":\"http:\/\/www.wetterauer-landbote.de\/\"},{\"@type\":\"ListItem\",\"position\":2,\"name\":\"TiSA gef\u00e4hrdet pers\u00f6nliche Daten\"}]},{\"@type\":\"WebSite\",\"@id\":\"http:\/\/www.wetterauer-landbote.de\/#website\",\"url\":\"http:\/\/www.wetterauer-landbote.de\/\",\"name\":\"Wetterauer-Landbote\",\"description\":\"\",\"potentialAction\":[{\"@type\":\"SearchAction\",\"target\":{\"@type\":\"EntryPoint\",\"urlTemplate\":\"http:\/\/www.wetterauer-landbote.de\/?s={search_term_string}\"},\"query-input\":{\"@type\":\"PropertyValueSpecification\",\"valueRequired\":true,\"valueName\":\"search_term_string\"}}],\"inLanguage\":\"de\"},{\"@type\":\"Person\",\"@id\":\"http:\/\/www.wetterauer-landbote.de\/#\/schema\/person\/fa7509b189bc402f223dd5337ab92ed0\",\"name\":\"harpo\",\"image\":{\"@type\":\"ImageObject\",\"inLanguage\":\"de\",\"@id\":\"http:\/\/www.wetterauer-landbote.de\/#\/schema\/person\/image\/\",\"url\":\"https:\/\/secure.gravatar.com\/avatar\/198bcecc77c146e5ea8d4540d99560b4b486a090b927ff654b2c125224d88117?s=96&d=mm&r=g\",\"contentUrl\":\"https:\/\/secure.gravatar.com\/avatar\/198bcecc77c146e5ea8d4540d99560b4b486a090b927ff654b2c125224d88117?s=96&d=mm&r=g\",\"caption\":\"harpo\"},\"url\":\"http:\/\/www.wetterauer-landbote.de\/?author=1\"}]}<\/script>\n<!-- \/ Yoast SEO plugin. -->","yoast_head_json":{"title":"TiSA gef\u00e4hrdet pers\u00f6nliche Daten - Wetterauer-Landbote","description":"Internationales Abkommen soll europ\u00e4ische und deutsche Datenschutzbestimmungen aushebeln. TiSA gef\u00e4hrdet pers\u00f6nliche Daten","robots":{"index":"index","follow":"follow","max-snippet":"max-snippet:-1","max-image-preview":"max-image-preview:large","max-video-preview":"max-video-preview:-1"},"canonical":"http:\/\/www.wetterauer-landbote.de\/?p=1915","og_locale":"de_DE","og_type":"article","og_title":"TiSA gef\u00e4hrdet pers\u00f6nliche Daten - Wetterauer-Landbote","og_description":"Internationales Abkommen soll europ\u00e4ische und deutsche Datenschutzbestimmungen aushebeln. TiSA gef\u00e4hrdet pers\u00f6nliche Daten","og_url":"http:\/\/www.wetterauer-landbote.de\/?p=1915","og_site_name":"Wetterauer-Landbote","article_published_time":"2014-12-18T10:46:56+00:00","og_image":[{"url":"http:\/\/www.wetterauer-landbote.de\/wp-content\/uploads\/2014\/10\/ttip.gif","type":"","width":"","height":""}],"author":"harpo","twitter_misc":{"Verfasst von":"harpo","Gesch\u00e4tzte Lesezeit":"3\u00a0Minuten"},"schema":{"@context":"https:\/\/schema.org","@graph":[{"@type":"Article","@id":"http:\/\/www.wetterauer-landbote.de\/?p=1915#article","isPartOf":{"@id":"http:\/\/www.wetterauer-landbote.de\/?p=1915"},"author":{"name":"harpo","@id":"http:\/\/www.wetterauer-landbote.de\/#\/schema\/person\/fa7509b189bc402f223dd5337ab92ed0"},"headline":"TiSA gef\u00e4hrdet pers\u00f6nliche Daten","datePublished":"2014-12-18T10:46:56+00:00","mainEntityOfPage":{"@id":"http:\/\/www.wetterauer-landbote.de\/?p=1915"},"wordCount":632,"commentCount":0,"image":{"@id":"http:\/\/www.wetterauer-landbote.de\/?p=1915#primaryimage"},"thumbnailUrl":"http:\/\/www.wetterauer-landbote.de\/wp-content\/uploads\/2014\/10\/ttip.gif","inLanguage":"de","potentialAction":[{"@type":"CommentAction","name":"Comment","target":["http:\/\/www.wetterauer-landbote.de\/?p=1915#respond"]}]},{"@type":"WebPage","@id":"http:\/\/www.wetterauer-landbote.de\/?p=1915","url":"http:\/\/www.wetterauer-landbote.de\/?p=1915","name":"TiSA gef\u00e4hrdet pers\u00f6nliche Daten - Wetterauer-Landbote","isPartOf":{"@id":"http:\/\/www.wetterauer-landbote.de\/#website"},"primaryImageOfPage":{"@id":"http:\/\/www.wetterauer-landbote.de\/?p=1915#primaryimage"},"image":{"@id":"http:\/\/www.wetterauer-landbote.de\/?p=1915#primaryimage"},"thumbnailUrl":"http:\/\/www.wetterauer-landbote.de\/wp-content\/uploads\/2014\/10\/ttip.gif","datePublished":"2014-12-18T10:46:56+00:00","author":{"@id":"http:\/\/www.wetterauer-landbote.de\/#\/schema\/person\/fa7509b189bc402f223dd5337ab92ed0"},"description":"Internationales Abkommen soll europ\u00e4ische und deutsche Datenschutzbestimmungen aushebeln. TiSA gef\u00e4hrdet pers\u00f6nliche Daten","breadcrumb":{"@id":"http:\/\/www.wetterauer-landbote.de\/?p=1915#breadcrumb"},"inLanguage":"de","potentialAction":[{"@type":"ReadAction","target":["http:\/\/www.wetterauer-landbote.de\/?p=1915"]}]},{"@type":"ImageObject","inLanguage":"de","@id":"http:\/\/www.wetterauer-landbote.de\/?p=1915#primaryimage","url":"https:\/\/i0.wp.com\/www.wetterauer-landbote.de\/wp-content\/uploads\/2014\/10\/ttip.gif?fit=220%2C147","contentUrl":"https:\/\/i0.wp.com\/www.wetterauer-landbote.de\/wp-content\/uploads\/2014\/10\/ttip.gif?fit=220%2C147","width":220,"height":147},{"@type":"BreadcrumbList","@id":"http:\/\/www.wetterauer-landbote.de\/?p=1915#breadcrumb","itemListElement":[{"@type":"ListItem","position":1,"name":"Home","item":"http:\/\/www.wetterauer-landbote.de\/"},{"@type":"ListItem","position":2,"name":"TiSA gef\u00e4hrdet pers\u00f6nliche Daten"}]},{"@type":"WebSite","@id":"http:\/\/www.wetterauer-landbote.de\/#website","url":"http:\/\/www.wetterauer-landbote.de\/","name":"Wetterauer-Landbote","description":"","potentialAction":[{"@type":"SearchAction","target":{"@type":"EntryPoint","urlTemplate":"http:\/\/www.wetterauer-landbote.de\/?s={search_term_string}"},"query-input":{"@type":"PropertyValueSpecification","valueRequired":true,"valueName":"search_term_string"}}],"inLanguage":"de"},{"@type":"Person","@id":"http:\/\/www.wetterauer-landbote.de\/#\/schema\/person\/fa7509b189bc402f223dd5337ab92ed0","name":"harpo","image":{"@type":"ImageObject","inLanguage":"de","@id":"http:\/\/www.wetterauer-landbote.de\/#\/schema\/person\/image\/","url":"https:\/\/secure.gravatar.com\/avatar\/198bcecc77c146e5ea8d4540d99560b4b486a090b927ff654b2c125224d88117?s=96&d=mm&r=g","contentUrl":"https:\/\/secure.gravatar.com\/avatar\/198bcecc77c146e5ea8d4540d99560b4b486a090b927ff654b2c125224d88117?s=96&d=mm&r=g","caption":"harpo"},"url":"http:\/\/www.wetterauer-landbote.de\/?author=1"}]}},"jetpack_featured_media_url":"","jetpack_sharing_enabled":true,"jetpack_likes_enabled":true,"_links":{"self":[{"href":"http:\/\/www.wetterauer-landbote.de\/index.php?rest_route=\/wp\/v2\/posts\/1915","targetHints":{"allow":["GET"]}}],"collection":[{"href":"http:\/\/www.wetterauer-landbote.de\/index.php?rest_route=\/wp\/v2\/posts"}],"about":[{"href":"http:\/\/www.wetterauer-landbote.de\/index.php?rest_route=\/wp\/v2\/types\/post"}],"author":[{"embeddable":true,"href":"http:\/\/www.wetterauer-landbote.de\/index.php?rest_route=\/wp\/v2\/users\/1"}],"replies":[{"embeddable":true,"href":"http:\/\/www.wetterauer-landbote.de\/index.php?rest_route=%2Fwp%2Fv2%2Fcomments&post=1915"}],"version-history":[{"count":1,"href":"http:\/\/www.wetterauer-landbote.de\/index.php?rest_route=\/wp\/v2\/posts\/1915\/revisions"}],"predecessor-version":[{"id":1916,"href":"http:\/\/www.wetterauer-landbote.de\/index.php?rest_route=\/wp\/v2\/posts\/1915\/revisions\/1916"}],"wp:attachment":[{"href":"http:\/\/www.wetterauer-landbote.de\/index.php?rest_route=%2Fwp%2Fv2%2Fmedia&parent=1915"}],"wp:term":[{"taxonomy":"category","embeddable":true,"href":"http:\/\/www.wetterauer-landbote.de\/index.php?rest_route=%2Fwp%2Fv2%2Fcategories&post=1915"},{"taxonomy":"post_tag","embeddable":true,"href":"http:\/\/www.wetterauer-landbote.de\/index.php?rest_route=%2Fwp%2Fv2%2Ftags&post=1915"}],"curies":[{"name":"wp","href":"https:\/\/api.w.org\/{rel}","templated":true}]}}