{"id":1910,"date":"2014-12-17T13:28:57","date_gmt":"2014-12-17T11:28:57","guid":{"rendered":"http:\/\/www.wetterauer-landbote.de\/?p=1910"},"modified":"2014-12-17T13:28:57","modified_gmt":"2014-12-17T11:28:57","slug":"fuer-mietpreisstopp-frankfurt","status":"publish","type":"post","link":"http:\/\/www.wetterauer-landbote.de\/?p=1910","title":{"rendered":"F\u00fcr Mietpreisstopp in Frankfurt"},"content":{"rendered":"<h2>B\u00fcndnis wirbt bei Stadtverordneten<a href=\"https:\/\/i0.wp.com\/www.wetterauer-landbote.de\/wp-content\/uploads\/2014\/11\/ffm.gif\"><img data-recalc-dims=\"1\" loading=\"lazy\" decoding=\"async\" class=\"alignright  wp-image-1754\" src=\"https:\/\/i0.wp.com\/www.wetterauer-landbote.de\/wp-content\/uploads\/2014\/11\/ffm.gif?resize=135%2C146\" alt=\"ffm\" width=\"135\" height=\"146\" srcset=\"https:\/\/i0.wp.com\/www.wetterauer-landbote.de\/wp-content\/uploads\/2014\/11\/ffm.gif?resize=944%2C1024 944w, https:\/\/i0.wp.com\/www.wetterauer-landbote.de\/wp-content\/uploads\/2014\/11\/ffm.gif?resize=276%2C300 276w, https:\/\/i0.wp.com\/www.wetterauer-landbote.de\/wp-content\/uploads\/2014\/11\/ffm.gif?w=1168 1168w\" sizes=\"auto, (max-width: 135px) 100vw, 135px\" \/><\/a><\/h2>\n<p>Die Initiatoren des Frankfurter Aufrufs f\u00fcr bezahlbaren Wohnraum wollen vor der Stadtverordnetensitzung am Donnerstag, 18. Dezember 2014, die Stadtverordneten um Unterzeichnung des Aufrufs und Unterst\u00fctzung bitten.<\/p>\n<p><!--more--><\/p>\n<h3><strong>F\u00fcr Mietpreisstopp in Frankfurt<\/strong><\/h3>\n<p>Der Frankfurter Aufruf f\u00fcr bezahlbare Wohnungen wurde von Gewerkschaften, Mieterschutzvereinen und Sozialverb\u00e4nden initiiert. Die Tr\u00e4ger des Aufrufs suchen am Donnerstag, 18. Dezember 2014, das Gespr\u00e4ch mit den kommunalpolitisch Verantwortlichen. Vor Beginn der Stadtverordnetensitzung um 15.30 Uhr wollen sie am Eingang des R\u00f6mers die Stadtverordneten um Unterzeichnung und Unterst\u00fctzung bitten. Sie werben f\u00fcr einen Stopp der Mietpreisentwicklung, indem die Mieten begrenzt werden. Modernisierungen d\u00fcrften nicht zur Mieterverdr\u00e4ngungen f\u00fchren, hei\u00dft es in dem Aufruf. Die st\u00e4dtischen und unter Beteiligung der Stadt gef\u00fchrten Wohnungsunternehmen d\u00fcrften Mieten nur um einen symbolischen Beitrag erh\u00f6hen.<\/p>\n<p>Weitere Informationen und den Aufruf finden Sie hier: <a href=\"http:\/\/www.wetterauer-landbote.de\/?p=1753\" target=\"_blank\">http:\/\/www.wetterauer-landbote.de\/?p=1753<\/a><\/p>\n","protected":false},"excerpt":{"rendered":"<p>B\u00fcndnis wirbt bei Stadtverordneten Die Initiatoren des Frankfurter Aufrufs f\u00fcr bezahlbaren Wohnraum wollen vor der Stadtverordnetensitzung am Donnerstag, 18. Dezember 2014, die Stadtverordneten um Unterzeichnung des Aufrufs und Unterst\u00fctzung bitten.<\/p>\n","protected":false},"author":1,"featured_media":0,"comment_status":"open","ping_status":"open","sticky":false,"template":"","format":"standard","meta":{"_jetpack_memberships_contains_paid_content":false,"footnotes":""},"categories":[1],"tags":[],"class_list":["post-1910","post","type-post","status-publish","format-standard","hentry","category-allgemein"],"yoast_head":"<!-- This site is optimized with the Yoast SEO plugin v27.0 - https:\/\/yoast.com\/product\/yoast-seo-wordpress\/ -->\n<title>F\u00fcr Mietpreisstopp in Frankfurt - Wetterauer-Landbote<\/title>\n<meta name=\"description\" content=\"Die Initiatoren des Frankfurter Aufrufs f\u00fcr bezahlbaren Wohnraum wollen die Stadtverordneten um Unterst\u00fctzung bitten. F\u00fcr Mietpreisstopp in Frankfurt\" \/>\n<meta name=\"robots\" content=\"index, follow, max-snippet:-1, max-image-preview:large, max-video-preview:-1\" \/>\n<link rel=\"canonical\" href=\"http:\/\/www.wetterauer-landbote.de\/?p=1910\" \/>\n<meta property=\"og:locale\" content=\"de_DE\" \/>\n<meta property=\"og:type\" content=\"article\" \/>\n<meta property=\"og:title\" content=\"F\u00fcr Mietpreisstopp in Frankfurt - Wetterauer-Landbote\" \/>\n<meta property=\"og:description\" content=\"Die Initiatoren des Frankfurter Aufrufs f\u00fcr bezahlbaren Wohnraum wollen die Stadtverordneten um Unterst\u00fctzung bitten. F\u00fcr Mietpreisstopp in Frankfurt\" \/>\n<meta property=\"og:url\" content=\"http:\/\/www.wetterauer-landbote.de\/?p=1910\" \/>\n<meta property=\"og:site_name\" content=\"Wetterauer-Landbote\" \/>\n<meta property=\"article:published_time\" content=\"2014-12-17T11:28:57+00:00\" \/>\n<meta property=\"og:image\" content=\"http:\/\/www.wetterauer-landbote.de\/wp-content\/uploads\/2014\/11\/ffm-944x1024.gif\" \/>\n<meta name=\"author\" content=\"harpo\" \/>\n<meta name=\"twitter:label1\" content=\"Verfasst von\" \/>\n\t<meta name=\"twitter:data1\" content=\"harpo\" \/>\n\t<meta name=\"twitter:label2\" content=\"Gesch\u00e4tzte Lesezeit\" \/>\n\t<meta name=\"twitter:data2\" content=\"1\u00a0Minute\" \/>\n<script type=\"application\/ld+json\" class=\"yoast-schema-graph\">{\"@context\":\"https:\/\/schema.org\",\"@graph\":[{\"@type\":\"Article\",\"@id\":\"http:\/\/www.wetterauer-landbote.de\/?p=1910#article\",\"isPartOf\":{\"@id\":\"http:\/\/www.wetterauer-landbote.de\/?p=1910\"},\"author\":{\"name\":\"harpo\",\"@id\":\"http:\/\/www.wetterauer-landbote.de\/#\/schema\/person\/fa7509b189bc402f223dd5337ab92ed0\"},\"headline\":\"F\u00fcr Mietpreisstopp in Frankfurt\",\"datePublished\":\"2014-12-17T11:28:57+00:00\",\"mainEntityOfPage\":{\"@id\":\"http:\/\/www.wetterauer-landbote.de\/?p=1910\"},\"wordCount\":155,\"commentCount\":0,\"image\":{\"@id\":\"http:\/\/www.wetterauer-landbote.de\/?p=1910#primaryimage\"},\"thumbnailUrl\":\"http:\/\/www.wetterauer-landbote.de\/wp-content\/uploads\/2014\/11\/ffm-944x1024.gif\",\"inLanguage\":\"de\",\"potentialAction\":[{\"@type\":\"CommentAction\",\"name\":\"Comment\",\"target\":[\"http:\/\/www.wetterauer-landbote.de\/?p=1910#respond\"]}]},{\"@type\":\"WebPage\",\"@id\":\"http:\/\/www.wetterauer-landbote.de\/?p=1910\",\"url\":\"http:\/\/www.wetterauer-landbote.de\/?p=1910\",\"name\":\"F\u00fcr Mietpreisstopp in Frankfurt - Wetterauer-Landbote\",\"isPartOf\":{\"@id\":\"http:\/\/www.wetterauer-landbote.de\/#website\"},\"primaryImageOfPage\":{\"@id\":\"http:\/\/www.wetterauer-landbote.de\/?p=1910#primaryimage\"},\"image\":{\"@id\":\"http:\/\/www.wetterauer-landbote.de\/?p=1910#primaryimage\"},\"thumbnailUrl\":\"http:\/\/www.wetterauer-landbote.de\/wp-content\/uploads\/2014\/11\/ffm-944x1024.gif\",\"datePublished\":\"2014-12-17T11:28:57+00:00\",\"author\":{\"@id\":\"http:\/\/www.wetterauer-landbote.de\/#\/schema\/person\/fa7509b189bc402f223dd5337ab92ed0\"},\"description\":\"Die Initiatoren des Frankfurter Aufrufs f\u00fcr bezahlbaren Wohnraum wollen die Stadtverordneten um Unterst\u00fctzung bitten. F\u00fcr Mietpreisstopp in Frankfurt\",\"breadcrumb\":{\"@id\":\"http:\/\/www.wetterauer-landbote.de\/?p=1910#breadcrumb\"},\"inLanguage\":\"de\",\"potentialAction\":[{\"@type\":\"ReadAction\",\"target\":[\"http:\/\/www.wetterauer-landbote.de\/?p=1910\"]}]},{\"@type\":\"ImageObject\",\"inLanguage\":\"de\",\"@id\":\"http:\/\/www.wetterauer-landbote.de\/?p=1910#primaryimage\",\"url\":\"https:\/\/i0.wp.com\/www.wetterauer-landbote.de\/wp-content\/uploads\/2014\/11\/ffm.gif?fit=1434%2C1555\",\"contentUrl\":\"https:\/\/i0.wp.com\/www.wetterauer-landbote.de\/wp-content\/uploads\/2014\/11\/ffm.gif?fit=1434%2C1555\",\"width\":1434,\"height\":1555},{\"@type\":\"BreadcrumbList\",\"@id\":\"http:\/\/www.wetterauer-landbote.de\/?p=1910#breadcrumb\",\"itemListElement\":[{\"@type\":\"ListItem\",\"position\":1,\"name\":\"Home\",\"item\":\"http:\/\/www.wetterauer-landbote.de\/\"},{\"@type\":\"ListItem\",\"position\":2,\"name\":\"F\u00fcr Mietpreisstopp in Frankfurt\"}]},{\"@type\":\"WebSite\",\"@id\":\"http:\/\/www.wetterauer-landbote.de\/#website\",\"url\":\"http:\/\/www.wetterauer-landbote.de\/\",\"name\":\"Wetterauer-Landbote\",\"description\":\"\",\"potentialAction\":[{\"@type\":\"SearchAction\",\"target\":{\"@type\":\"EntryPoint\",\"urlTemplate\":\"http:\/\/www.wetterauer-landbote.de\/?s={search_term_string}\"},\"query-input\":{\"@type\":\"PropertyValueSpecification\",\"valueRequired\":true,\"valueName\":\"search_term_string\"}}],\"inLanguage\":\"de\"},{\"@type\":\"Person\",\"@id\":\"http:\/\/www.wetterauer-landbote.de\/#\/schema\/person\/fa7509b189bc402f223dd5337ab92ed0\",\"name\":\"harpo\",\"image\":{\"@type\":\"ImageObject\",\"inLanguage\":\"de\",\"@id\":\"http:\/\/www.wetterauer-landbote.de\/#\/schema\/person\/image\/\",\"url\":\"https:\/\/secure.gravatar.com\/avatar\/198bcecc77c146e5ea8d4540d99560b4b486a090b927ff654b2c125224d88117?s=96&d=mm&r=g\",\"contentUrl\":\"https:\/\/secure.gravatar.com\/avatar\/198bcecc77c146e5ea8d4540d99560b4b486a090b927ff654b2c125224d88117?s=96&d=mm&r=g\",\"caption\":\"harpo\"},\"url\":\"http:\/\/www.wetterauer-landbote.de\/?author=1\"}]}<\/script>\n<!-- \/ Yoast SEO plugin. -->","yoast_head_json":{"title":"F\u00fcr Mietpreisstopp in Frankfurt - Wetterauer-Landbote","description":"Die Initiatoren des Frankfurter Aufrufs f\u00fcr bezahlbaren Wohnraum wollen die Stadtverordneten um Unterst\u00fctzung bitten. F\u00fcr Mietpreisstopp in Frankfurt","robots":{"index":"index","follow":"follow","max-snippet":"max-snippet:-1","max-image-preview":"max-image-preview:large","max-video-preview":"max-video-preview:-1"},"canonical":"http:\/\/www.wetterauer-landbote.de\/?p=1910","og_locale":"de_DE","og_type":"article","og_title":"F\u00fcr Mietpreisstopp in Frankfurt - Wetterauer-Landbote","og_description":"Die Initiatoren des Frankfurter Aufrufs f\u00fcr bezahlbaren Wohnraum wollen die Stadtverordneten um Unterst\u00fctzung bitten. F\u00fcr Mietpreisstopp in Frankfurt","og_url":"http:\/\/www.wetterauer-landbote.de\/?p=1910","og_site_name":"Wetterauer-Landbote","article_published_time":"2014-12-17T11:28:57+00:00","og_image":[{"url":"http:\/\/www.wetterauer-landbote.de\/wp-content\/uploads\/2014\/11\/ffm-944x1024.gif","type":"","width":"","height":""}],"author":"harpo","twitter_misc":{"Verfasst von":"harpo","Gesch\u00e4tzte Lesezeit":"1\u00a0Minute"},"schema":{"@context":"https:\/\/schema.org","@graph":[{"@type":"Article","@id":"http:\/\/www.wetterauer-landbote.de\/?p=1910#article","isPartOf":{"@id":"http:\/\/www.wetterauer-landbote.de\/?p=1910"},"author":{"name":"harpo","@id":"http:\/\/www.wetterauer-landbote.de\/#\/schema\/person\/fa7509b189bc402f223dd5337ab92ed0"},"headline":"F\u00fcr Mietpreisstopp in Frankfurt","datePublished":"2014-12-17T11:28:57+00:00","mainEntityOfPage":{"@id":"http:\/\/www.wetterauer-landbote.de\/?p=1910"},"wordCount":155,"commentCount":0,"image":{"@id":"http:\/\/www.wetterauer-landbote.de\/?p=1910#primaryimage"},"thumbnailUrl":"http:\/\/www.wetterauer-landbote.de\/wp-content\/uploads\/2014\/11\/ffm-944x1024.gif","inLanguage":"de","potentialAction":[{"@type":"CommentAction","name":"Comment","target":["http:\/\/www.wetterauer-landbote.de\/?p=1910#respond"]}]},{"@type":"WebPage","@id":"http:\/\/www.wetterauer-landbote.de\/?p=1910","url":"http:\/\/www.wetterauer-landbote.de\/?p=1910","name":"F\u00fcr Mietpreisstopp in Frankfurt - Wetterauer-Landbote","isPartOf":{"@id":"http:\/\/www.wetterauer-landbote.de\/#website"},"primaryImageOfPage":{"@id":"http:\/\/www.wetterauer-landbote.de\/?p=1910#primaryimage"},"image":{"@id":"http:\/\/www.wetterauer-landbote.de\/?p=1910#primaryimage"},"thumbnailUrl":"http:\/\/www.wetterauer-landbote.de\/wp-content\/uploads\/2014\/11\/ffm-944x1024.gif","datePublished":"2014-12-17T11:28:57+00:00","author":{"@id":"http:\/\/www.wetterauer-landbote.de\/#\/schema\/person\/fa7509b189bc402f223dd5337ab92ed0"},"description":"Die Initiatoren des Frankfurter Aufrufs f\u00fcr bezahlbaren Wohnraum wollen die Stadtverordneten um Unterst\u00fctzung bitten. F\u00fcr Mietpreisstopp in Frankfurt","breadcrumb":{"@id":"http:\/\/www.wetterauer-landbote.de\/?p=1910#breadcrumb"},"inLanguage":"de","potentialAction":[{"@type":"ReadAction","target":["http:\/\/www.wetterauer-landbote.de\/?p=1910"]}]},{"@type":"ImageObject","inLanguage":"de","@id":"http:\/\/www.wetterauer-landbote.de\/?p=1910#primaryimage","url":"https:\/\/i0.wp.com\/www.wetterauer-landbote.de\/wp-content\/uploads\/2014\/11\/ffm.gif?fit=1434%2C1555","contentUrl":"https:\/\/i0.wp.com\/www.wetterauer-landbote.de\/wp-content\/uploads\/2014\/11\/ffm.gif?fit=1434%2C1555","width":1434,"height":1555},{"@type":"BreadcrumbList","@id":"http:\/\/www.wetterauer-landbote.de\/?p=1910#breadcrumb","itemListElement":[{"@type":"ListItem","position":1,"name":"Home","item":"http:\/\/www.wetterauer-landbote.de\/"},{"@type":"ListItem","position":2,"name":"F\u00fcr Mietpreisstopp in Frankfurt"}]},{"@type":"WebSite","@id":"http:\/\/www.wetterauer-landbote.de\/#website","url":"http:\/\/www.wetterauer-landbote.de\/","name":"Wetterauer-Landbote","description":"","potentialAction":[{"@type":"SearchAction","target":{"@type":"EntryPoint","urlTemplate":"http:\/\/www.wetterauer-landbote.de\/?s={search_term_string}"},"query-input":{"@type":"PropertyValueSpecification","valueRequired":true,"valueName":"search_term_string"}}],"inLanguage":"de"},{"@type":"Person","@id":"http:\/\/www.wetterauer-landbote.de\/#\/schema\/person\/fa7509b189bc402f223dd5337ab92ed0","name":"harpo","image":{"@type":"ImageObject","inLanguage":"de","@id":"http:\/\/www.wetterauer-landbote.de\/#\/schema\/person\/image\/","url":"https:\/\/secure.gravatar.com\/avatar\/198bcecc77c146e5ea8d4540d99560b4b486a090b927ff654b2c125224d88117?s=96&d=mm&r=g","contentUrl":"https:\/\/secure.gravatar.com\/avatar\/198bcecc77c146e5ea8d4540d99560b4b486a090b927ff654b2c125224d88117?s=96&d=mm&r=g","caption":"harpo"},"url":"http:\/\/www.wetterauer-landbote.de\/?author=1"}]}},"jetpack_featured_media_url":"","jetpack_sharing_enabled":true,"jetpack_likes_enabled":true,"_links":{"self":[{"href":"http:\/\/www.wetterauer-landbote.de\/index.php?rest_route=\/wp\/v2\/posts\/1910","targetHints":{"allow":["GET"]}}],"collection":[{"href":"http:\/\/www.wetterauer-landbote.de\/index.php?rest_route=\/wp\/v2\/posts"}],"about":[{"href":"http:\/\/www.wetterauer-landbote.de\/index.php?rest_route=\/wp\/v2\/types\/post"}],"author":[{"embeddable":true,"href":"http:\/\/www.wetterauer-landbote.de\/index.php?rest_route=\/wp\/v2\/users\/1"}],"replies":[{"embeddable":true,"href":"http:\/\/www.wetterauer-landbote.de\/index.php?rest_route=%2Fwp%2Fv2%2Fcomments&post=1910"}],"version-history":[{"count":1,"href":"http:\/\/www.wetterauer-landbote.de\/index.php?rest_route=\/wp\/v2\/posts\/1910\/revisions"}],"predecessor-version":[{"id":1911,"href":"http:\/\/www.wetterauer-landbote.de\/index.php?rest_route=\/wp\/v2\/posts\/1910\/revisions\/1911"}],"wp:attachment":[{"href":"http:\/\/www.wetterauer-landbote.de\/index.php?rest_route=%2Fwp%2Fv2%2Fmedia&parent=1910"}],"wp:term":[{"taxonomy":"category","embeddable":true,"href":"http:\/\/www.wetterauer-landbote.de\/index.php?rest_route=%2Fwp%2Fv2%2Fcategories&post=1910"},{"taxonomy":"post_tag","embeddable":true,"href":"http:\/\/www.wetterauer-landbote.de\/index.php?rest_route=%2Fwp%2Fv2%2Ftags&post=1910"}],"curies":[{"name":"wp","href":"https:\/\/api.w.org\/{rel}","templated":true}]}}