{"id":1806,"date":"2014-12-05T13:10:55","date_gmt":"2014-12-05T11:10:55","guid":{"rendered":"http:\/\/www.wetterauer-landbote.de\/?p=1806"},"modified":"2014-12-05T13:10:55","modified_gmt":"2014-12-05T11:10:55","slug":"keiner-will-ttip","status":"publish","type":"post","link":"http:\/\/www.wetterauer-landbote.de\/?p=1806","title":{"rendered":"Keiner will TTIP"},"content":{"rendered":"<h2>Eine Million Unterschriften zu Junckers 60. Geburtstag<\/h2>\n<p><strong>Von Anton J. Seib<a href=\"https:\/\/i0.wp.com\/www.wetterauer-landbote.de\/wp-content\/uploads\/2014\/10\/ttip.gif\"><img data-recalc-dims=\"1\" loading=\"lazy\" decoding=\"async\" class=\"alignright size-full wp-image-1446\" src=\"https:\/\/i0.wp.com\/www.wetterauer-landbote.de\/wp-content\/uploads\/2014\/10\/ttip.gif?resize=220%2C147\" alt=\"ttip\" width=\"220\" height=\"147\" \/><\/a><\/strong><\/p>\n<p>Eine Million Menschen in Europa haben sich mit ihrer Unterschrift gegen das Freihandelsabkommen TTIP zwischen der EU und den USA ausgesprochen. Die Unterschriften werden am 9. Dezember an Kommissionspr\u00e4sident Jean-Claude Juncker \u00fcbergeben &#8211; als &#8222;Geschenk&#8220; zu dessen 60. Geburtstag. Das meldet am Donnerstag die europ\u00e4ische B\u00fcrgerinitiative \u201eStop TTIP\u201c.<\/p>\n<p><!--more--><\/p>\n<h3><strong>Keiner will TTIP<\/strong><\/h3>\n<p>&#8222;Stop TTIP&#8220; vereinigt nach eigenen Angaben mehr als 320 europ\u00e4ische Organisationen. Der Zusammenschluss will \u00fcber eine Europ\u00e4ische B\u00fcrgerinitiative die EU-Kommission zum Handeln zwingen, \u00e4hnlich wie das durch Volks- oder B\u00fcrgerbegehren in einzelnen L\u00e4ndern m\u00f6glich ist. Eine H\u00fcrde besteht darin, dass eine Million B\u00fcrger die Initiative unterschreiben. Eine zweite H\u00fcrde ist, dass in sieben EU-L\u00e4ndern jeweils eine Mindestzahl Stimmen zusammenkommen muss; diese zweite H\u00fcrde hat \u201eStop TTIP\u201c der Mitteilung zufolge noch nicht genommen, in Deutschland sei die Mindestzahl allerdings schon erreicht.<\/p>\n<p>Dazu am Donnerstag \u201estern.de\u201c:\u00a0 \u201eUnabh\u00e4ngig davon streitet das B\u00fcndnis seit dem 10. November vor dem Europ\u00e4ischen Gerichtshof darum, \u00fcberhaupt als Europ\u00e4ische B\u00fcrgerinitiative anerkannt zu werden. Die EU-Kommission hatte dies zun\u00e4chst abgelehnt. Ihr zufolge strebt das B\u00fcndnis mit dem Stopp der TTIP-Verhandlungen etwas an, was gar nicht Gegenstand einer solchen B\u00fcrgerinitiative sein k\u00f6nne.<\/p>\n<p>Falls das B\u00fcndnis vor Gericht siegt und alle weiteren H\u00fcrden nimmt, muss die Kommission am Ende zwar zur Initiative Stellung nehmen. Zum Verhandlungsabbruch zwingen k\u00f6nnen die B\u00fcrger die Kommission auf diesem Wege aber nicht.<\/p>\n<p>Die erste Million Unterschriften sollen dennoch schon einmal \u00f6ffentlichkeitswirksam \u00fcbergeben werden. &#8222;Stop TTIP&#8220; k\u00fcndigte die \u00dcbergabe f\u00fcr kommenden Dienstag am Sitz der EU-Kommission in Br\u00fcssel an. Die neue EU-Kommission hat versprochen, bei TTIP st\u00e4rker auf die Bedenken der B\u00fcrger einzugehen.\u201c<\/p>\n<h4><strong>SPD-Aufstand gegen Sondergerichte<\/strong><\/h4>\n<p>Derweil g\u00e4rt es in der SPD wegen des Kurses von Parteichef und Wirtschaftsminister Sigmar Gabriel. Die WELT meldet, in der SPD-Bundestagsfraktion sei deutliche Kritik an Gabriels Kurs laut geworden. Die in den Verhandlungen \u00fcber TTIP sowie dem Ceta-Entwurf vorgesehenen Schiedsgerichte seien in einer internen Sitzung von mehreren Abgeordneten abgelehnt worden, so die WELT. Die Auseinandersetzungen weisen auf eine immer sp\u00fcrbarer werdende Spaltung zwischen dem rechten und linken Fl\u00fcgel der Partei hin.<\/p>\n<p>Gabriel war in der Partei mit seiner Bundestagsrede in der vergangenen Woche auf Widerstand gesto\u00dfen. Gabriel hatte mit Blick auf TTIP und CETA gesagt: &#8222;Wenn der Rest Europas dieses Abkommen will \u2026 wird Deutschland dem auch zustimmen. Das geht gar nicht anders.&#8220; CETA gilt als Modell f\u00fcr das Handelsabkommen TTIP zwischen der EU und den USA.<\/p>\n","protected":false},"excerpt":{"rendered":"<p>Eine Million Unterschriften zu Junckers 60. Geburtstag Von Anton J. Seib Eine Million Menschen in Europa haben sich mit ihrer Unterschrift gegen das Freihandelsabkommen TTIP zwischen der EU und den USA ausgesprochen. Die Unterschriften werden am 9. Dezember an Kommissionspr\u00e4sident &hellip; <a href=\"http:\/\/www.wetterauer-landbote.de\/?p=1806\">Weiterlesen <span class=\"meta-nav\">&rarr;<\/span><\/a><\/p>\n","protected":false},"author":1,"featured_media":0,"comment_status":"open","ping_status":"open","sticky":false,"template":"","format":"standard","meta":{"_jetpack_memberships_contains_paid_content":false,"footnotes":""},"categories":[1],"tags":[],"class_list":["post-1806","post","type-post","status-publish","format-standard","hentry","category-allgemein"],"yoast_head":"<!-- This site is optimized with the Yoast SEO plugin v27.0 - https:\/\/yoast.com\/product\/yoast-seo-wordpress\/ -->\n<title>Keiner will TTIP - Wetterauer-Landbote<\/title>\n<meta name=\"description\" content=\"Eine Million Menschen in Europa haben sich mit ihrer Unterschrift gegen das Freihandelsabkommen TTIP ausgesprochen. Keiner will TTIP\" \/>\n<meta name=\"robots\" content=\"index, follow, max-snippet:-1, max-image-preview:large, max-video-preview:-1\" \/>\n<link rel=\"canonical\" href=\"http:\/\/www.wetterauer-landbote.de\/?p=1806\" \/>\n<meta property=\"og:locale\" content=\"de_DE\" \/>\n<meta property=\"og:type\" content=\"article\" \/>\n<meta property=\"og:title\" content=\"Keiner will TTIP - Wetterauer-Landbote\" \/>\n<meta property=\"og:description\" content=\"Eine Million Menschen in Europa haben sich mit ihrer Unterschrift gegen das Freihandelsabkommen TTIP ausgesprochen. Keiner will TTIP\" \/>\n<meta property=\"og:url\" content=\"http:\/\/www.wetterauer-landbote.de\/?p=1806\" \/>\n<meta property=\"og:site_name\" content=\"Wetterauer-Landbote\" \/>\n<meta property=\"article:published_time\" content=\"2014-12-05T11:10:55+00:00\" \/>\n<meta property=\"og:image\" content=\"http:\/\/www.wetterauer-landbote.de\/wp-content\/uploads\/2014\/10\/ttip.gif\" \/>\n<meta name=\"author\" content=\"harpo\" \/>\n<meta name=\"twitter:label1\" content=\"Verfasst von\" \/>\n\t<meta name=\"twitter:data1\" content=\"harpo\" \/>\n\t<meta name=\"twitter:label2\" content=\"Gesch\u00e4tzte Lesezeit\" \/>\n\t<meta name=\"twitter:data2\" content=\"2\u00a0Minuten\" \/>\n<script type=\"application\/ld+json\" class=\"yoast-schema-graph\">{\"@context\":\"https:\/\/schema.org\",\"@graph\":[{\"@type\":\"Article\",\"@id\":\"http:\/\/www.wetterauer-landbote.de\/?p=1806#article\",\"isPartOf\":{\"@id\":\"http:\/\/www.wetterauer-landbote.de\/?p=1806\"},\"author\":{\"name\":\"harpo\",\"@id\":\"http:\/\/www.wetterauer-landbote.de\/#\/schema\/person\/fa7509b189bc402f223dd5337ab92ed0\"},\"headline\":\"Keiner will TTIP\",\"datePublished\":\"2014-12-05T11:10:55+00:00\",\"mainEntityOfPage\":{\"@id\":\"http:\/\/www.wetterauer-landbote.de\/?p=1806\"},\"wordCount\":433,\"commentCount\":0,\"image\":{\"@id\":\"http:\/\/www.wetterauer-landbote.de\/?p=1806#primaryimage\"},\"thumbnailUrl\":\"http:\/\/www.wetterauer-landbote.de\/wp-content\/uploads\/2014\/10\/ttip.gif\",\"inLanguage\":\"de\",\"potentialAction\":[{\"@type\":\"CommentAction\",\"name\":\"Comment\",\"target\":[\"http:\/\/www.wetterauer-landbote.de\/?p=1806#respond\"]}]},{\"@type\":\"WebPage\",\"@id\":\"http:\/\/www.wetterauer-landbote.de\/?p=1806\",\"url\":\"http:\/\/www.wetterauer-landbote.de\/?p=1806\",\"name\":\"Keiner will TTIP - Wetterauer-Landbote\",\"isPartOf\":{\"@id\":\"http:\/\/www.wetterauer-landbote.de\/#website\"},\"primaryImageOfPage\":{\"@id\":\"http:\/\/www.wetterauer-landbote.de\/?p=1806#primaryimage\"},\"image\":{\"@id\":\"http:\/\/www.wetterauer-landbote.de\/?p=1806#primaryimage\"},\"thumbnailUrl\":\"http:\/\/www.wetterauer-landbote.de\/wp-content\/uploads\/2014\/10\/ttip.gif\",\"datePublished\":\"2014-12-05T11:10:55+00:00\",\"author\":{\"@id\":\"http:\/\/www.wetterauer-landbote.de\/#\/schema\/person\/fa7509b189bc402f223dd5337ab92ed0\"},\"description\":\"Eine Million Menschen in Europa haben sich mit ihrer Unterschrift gegen das Freihandelsabkommen TTIP ausgesprochen. Keiner will TTIP\",\"breadcrumb\":{\"@id\":\"http:\/\/www.wetterauer-landbote.de\/?p=1806#breadcrumb\"},\"inLanguage\":\"de\",\"potentialAction\":[{\"@type\":\"ReadAction\",\"target\":[\"http:\/\/www.wetterauer-landbote.de\/?p=1806\"]}]},{\"@type\":\"ImageObject\",\"inLanguage\":\"de\",\"@id\":\"http:\/\/www.wetterauer-landbote.de\/?p=1806#primaryimage\",\"url\":\"https:\/\/i0.wp.com\/www.wetterauer-landbote.de\/wp-content\/uploads\/2014\/10\/ttip.gif?fit=220%2C147\",\"contentUrl\":\"https:\/\/i0.wp.com\/www.wetterauer-landbote.de\/wp-content\/uploads\/2014\/10\/ttip.gif?fit=220%2C147\",\"width\":220,\"height\":147},{\"@type\":\"BreadcrumbList\",\"@id\":\"http:\/\/www.wetterauer-landbote.de\/?p=1806#breadcrumb\",\"itemListElement\":[{\"@type\":\"ListItem\",\"position\":1,\"name\":\"Home\",\"item\":\"http:\/\/www.wetterauer-landbote.de\/\"},{\"@type\":\"ListItem\",\"position\":2,\"name\":\"Keiner will TTIP\"}]},{\"@type\":\"WebSite\",\"@id\":\"http:\/\/www.wetterauer-landbote.de\/#website\",\"url\":\"http:\/\/www.wetterauer-landbote.de\/\",\"name\":\"Wetterauer-Landbote\",\"description\":\"\",\"potentialAction\":[{\"@type\":\"SearchAction\",\"target\":{\"@type\":\"EntryPoint\",\"urlTemplate\":\"http:\/\/www.wetterauer-landbote.de\/?s={search_term_string}\"},\"query-input\":{\"@type\":\"PropertyValueSpecification\",\"valueRequired\":true,\"valueName\":\"search_term_string\"}}],\"inLanguage\":\"de\"},{\"@type\":\"Person\",\"@id\":\"http:\/\/www.wetterauer-landbote.de\/#\/schema\/person\/fa7509b189bc402f223dd5337ab92ed0\",\"name\":\"harpo\",\"image\":{\"@type\":\"ImageObject\",\"inLanguage\":\"de\",\"@id\":\"http:\/\/www.wetterauer-landbote.de\/#\/schema\/person\/image\/\",\"url\":\"https:\/\/secure.gravatar.com\/avatar\/198bcecc77c146e5ea8d4540d99560b4b486a090b927ff654b2c125224d88117?s=96&d=mm&r=g\",\"contentUrl\":\"https:\/\/secure.gravatar.com\/avatar\/198bcecc77c146e5ea8d4540d99560b4b486a090b927ff654b2c125224d88117?s=96&d=mm&r=g\",\"caption\":\"harpo\"},\"url\":\"http:\/\/www.wetterauer-landbote.de\/?author=1\"}]}<\/script>\n<!-- \/ Yoast SEO plugin. -->","yoast_head_json":{"title":"Keiner will TTIP - Wetterauer-Landbote","description":"Eine Million Menschen in Europa haben sich mit ihrer Unterschrift gegen das Freihandelsabkommen TTIP ausgesprochen. Keiner will TTIP","robots":{"index":"index","follow":"follow","max-snippet":"max-snippet:-1","max-image-preview":"max-image-preview:large","max-video-preview":"max-video-preview:-1"},"canonical":"http:\/\/www.wetterauer-landbote.de\/?p=1806","og_locale":"de_DE","og_type":"article","og_title":"Keiner will TTIP - Wetterauer-Landbote","og_description":"Eine Million Menschen in Europa haben sich mit ihrer Unterschrift gegen das Freihandelsabkommen TTIP ausgesprochen. Keiner will TTIP","og_url":"http:\/\/www.wetterauer-landbote.de\/?p=1806","og_site_name":"Wetterauer-Landbote","article_published_time":"2014-12-05T11:10:55+00:00","og_image":[{"url":"http:\/\/www.wetterauer-landbote.de\/wp-content\/uploads\/2014\/10\/ttip.gif","type":"","width":"","height":""}],"author":"harpo","twitter_misc":{"Verfasst von":"harpo","Gesch\u00e4tzte Lesezeit":"2\u00a0Minuten"},"schema":{"@context":"https:\/\/schema.org","@graph":[{"@type":"Article","@id":"http:\/\/www.wetterauer-landbote.de\/?p=1806#article","isPartOf":{"@id":"http:\/\/www.wetterauer-landbote.de\/?p=1806"},"author":{"name":"harpo","@id":"http:\/\/www.wetterauer-landbote.de\/#\/schema\/person\/fa7509b189bc402f223dd5337ab92ed0"},"headline":"Keiner will TTIP","datePublished":"2014-12-05T11:10:55+00:00","mainEntityOfPage":{"@id":"http:\/\/www.wetterauer-landbote.de\/?p=1806"},"wordCount":433,"commentCount":0,"image":{"@id":"http:\/\/www.wetterauer-landbote.de\/?p=1806#primaryimage"},"thumbnailUrl":"http:\/\/www.wetterauer-landbote.de\/wp-content\/uploads\/2014\/10\/ttip.gif","inLanguage":"de","potentialAction":[{"@type":"CommentAction","name":"Comment","target":["http:\/\/www.wetterauer-landbote.de\/?p=1806#respond"]}]},{"@type":"WebPage","@id":"http:\/\/www.wetterauer-landbote.de\/?p=1806","url":"http:\/\/www.wetterauer-landbote.de\/?p=1806","name":"Keiner will TTIP - Wetterauer-Landbote","isPartOf":{"@id":"http:\/\/www.wetterauer-landbote.de\/#website"},"primaryImageOfPage":{"@id":"http:\/\/www.wetterauer-landbote.de\/?p=1806#primaryimage"},"image":{"@id":"http:\/\/www.wetterauer-landbote.de\/?p=1806#primaryimage"},"thumbnailUrl":"http:\/\/www.wetterauer-landbote.de\/wp-content\/uploads\/2014\/10\/ttip.gif","datePublished":"2014-12-05T11:10:55+00:00","author":{"@id":"http:\/\/www.wetterauer-landbote.de\/#\/schema\/person\/fa7509b189bc402f223dd5337ab92ed0"},"description":"Eine Million Menschen in Europa haben sich mit ihrer Unterschrift gegen das Freihandelsabkommen TTIP ausgesprochen. Keiner will TTIP","breadcrumb":{"@id":"http:\/\/www.wetterauer-landbote.de\/?p=1806#breadcrumb"},"inLanguage":"de","potentialAction":[{"@type":"ReadAction","target":["http:\/\/www.wetterauer-landbote.de\/?p=1806"]}]},{"@type":"ImageObject","inLanguage":"de","@id":"http:\/\/www.wetterauer-landbote.de\/?p=1806#primaryimage","url":"https:\/\/i0.wp.com\/www.wetterauer-landbote.de\/wp-content\/uploads\/2014\/10\/ttip.gif?fit=220%2C147","contentUrl":"https:\/\/i0.wp.com\/www.wetterauer-landbote.de\/wp-content\/uploads\/2014\/10\/ttip.gif?fit=220%2C147","width":220,"height":147},{"@type":"BreadcrumbList","@id":"http:\/\/www.wetterauer-landbote.de\/?p=1806#breadcrumb","itemListElement":[{"@type":"ListItem","position":1,"name":"Home","item":"http:\/\/www.wetterauer-landbote.de\/"},{"@type":"ListItem","position":2,"name":"Keiner will TTIP"}]},{"@type":"WebSite","@id":"http:\/\/www.wetterauer-landbote.de\/#website","url":"http:\/\/www.wetterauer-landbote.de\/","name":"Wetterauer-Landbote","description":"","potentialAction":[{"@type":"SearchAction","target":{"@type":"EntryPoint","urlTemplate":"http:\/\/www.wetterauer-landbote.de\/?s={search_term_string}"},"query-input":{"@type":"PropertyValueSpecification","valueRequired":true,"valueName":"search_term_string"}}],"inLanguage":"de"},{"@type":"Person","@id":"http:\/\/www.wetterauer-landbote.de\/#\/schema\/person\/fa7509b189bc402f223dd5337ab92ed0","name":"harpo","image":{"@type":"ImageObject","inLanguage":"de","@id":"http:\/\/www.wetterauer-landbote.de\/#\/schema\/person\/image\/","url":"https:\/\/secure.gravatar.com\/avatar\/198bcecc77c146e5ea8d4540d99560b4b486a090b927ff654b2c125224d88117?s=96&d=mm&r=g","contentUrl":"https:\/\/secure.gravatar.com\/avatar\/198bcecc77c146e5ea8d4540d99560b4b486a090b927ff654b2c125224d88117?s=96&d=mm&r=g","caption":"harpo"},"url":"http:\/\/www.wetterauer-landbote.de\/?author=1"}]}},"jetpack_featured_media_url":"","jetpack_sharing_enabled":true,"jetpack_likes_enabled":true,"_links":{"self":[{"href":"http:\/\/www.wetterauer-landbote.de\/index.php?rest_route=\/wp\/v2\/posts\/1806","targetHints":{"allow":["GET"]}}],"collection":[{"href":"http:\/\/www.wetterauer-landbote.de\/index.php?rest_route=\/wp\/v2\/posts"}],"about":[{"href":"http:\/\/www.wetterauer-landbote.de\/index.php?rest_route=\/wp\/v2\/types\/post"}],"author":[{"embeddable":true,"href":"http:\/\/www.wetterauer-landbote.de\/index.php?rest_route=\/wp\/v2\/users\/1"}],"replies":[{"embeddable":true,"href":"http:\/\/www.wetterauer-landbote.de\/index.php?rest_route=%2Fwp%2Fv2%2Fcomments&post=1806"}],"version-history":[{"count":1,"href":"http:\/\/www.wetterauer-landbote.de\/index.php?rest_route=\/wp\/v2\/posts\/1806\/revisions"}],"predecessor-version":[{"id":1807,"href":"http:\/\/www.wetterauer-landbote.de\/index.php?rest_route=\/wp\/v2\/posts\/1806\/revisions\/1807"}],"wp:attachment":[{"href":"http:\/\/www.wetterauer-landbote.de\/index.php?rest_route=%2Fwp%2Fv2%2Fmedia&parent=1806"}],"wp:term":[{"taxonomy":"category","embeddable":true,"href":"http:\/\/www.wetterauer-landbote.de\/index.php?rest_route=%2Fwp%2Fv2%2Fcategories&post=1806"},{"taxonomy":"post_tag","embeddable":true,"href":"http:\/\/www.wetterauer-landbote.de\/index.php?rest_route=%2Fwp%2Fv2%2Ftags&post=1806"}],"curies":[{"name":"wp","href":"https:\/\/api.w.org\/{rel}","templated":true}]}}