{"id":1760,"date":"2014-11-28T18:40:54","date_gmt":"2014-11-28T16:40:54","guid":{"rendered":"http:\/\/www.wetterauer-landbote.de\/?p=1760"},"modified":"2014-11-28T18:40:54","modified_gmt":"2014-11-28T16:40:54","slug":"husky-statt-wolf","status":"publish","type":"post","link":"http:\/\/www.wetterauer-landbote.de\/?p=1760","title":{"rendered":"Husky statt Wolf"},"content":{"rendered":"<h2>Wolfs\u00e4hnliches Tier bei Idstein beobachtet<a href=\"https:\/\/i0.wp.com\/www.wetterauer-landbote.de\/wp-content\/uploads\/2014\/11\/Wolf1.gif\"><img data-recalc-dims=\"1\" loading=\"lazy\" decoding=\"async\" class=\"alignright  wp-image-1747\" src=\"https:\/\/i0.wp.com\/www.wetterauer-landbote.de\/wp-content\/uploads\/2014\/11\/Wolf1.gif?resize=212%2C201\" alt=\"Wolf1\" width=\"212\" height=\"201\" \/><\/a><\/h2>\n<p>Bei dem wolfs\u00e4hnlichen Tier, das in den vergangenen Tagen bei Idstein beobachtet worden war, hat es sich vermutlich um einen Husky gehandelt, teilt der Naturschutzbund (Nabu) mit. Bei Nabu-Wolfsbotschafter Andreas Lenhart aus Bad Camberg waren mehrere Hinweise auf das Tier eingegangen.<\/p>\n<p><!--more--><\/p>\n<h3><strong>Husky statt Wolf<\/strong><\/h3>\n<p>Nachdem er alle Hinweise ausgewertet habe, \u201ehat sich herausgestellt, dass die aufmerksamen Beobachter wahrscheinlich einen entlaufenen Husky gesehen haben\u201c, erkl\u00e4rte Lenhart. Das Tier sei inzwischen eingefangen worden und zu seinem Besitzer zur\u00fcckgekehrt. Seither habe es keine weiteren Hinweise auf einen angeblichen Wolf gegeben.<\/p>\n<h4><strong>Jederzeit mit W\u00f6lfen zu rechnen<\/strong><\/h4>\n<p>Es sei aber jederzeit mit streunenden W\u00f6lfen in Hessen zu rechnen, betont der Wolfsbotschafter, \u201eda die W\u00f6lfe in Ostdeutschland und Niedersachsen nur wenige Wandertage von Hessen entfernt leben und 70 Kilometer am Tag wandern k\u00f6nnen\u201c. Deshalb m\u00fcsse jedem Hinweis nachgegangen werden. Bei dem Wolf, der 2011 bei Gie\u00dfen gesehen worden war, seien selbst Experten anfangs von einem entlaufenen Hund ausgegangen. Lenhardt fordert dazu auf, zu melden wenn wolfs\u00e4nliche Tiere gemeldet werden.<\/p>\n<p>Der Naturschutzbund rechnet mit der R\u00fcckkehr des Wolfs nach Hessen. Er hat inzwischen 41 Wolfsbotschafter ernannt. Es sind aktive Natursch\u00fctzer, die Ansprechpartner f\u00fcr Fragen zur R\u00fcckkehr des Wolfs sind. Sie kl\u00e4ren \u00fcber die Lebensweise des Rudeltieres auf, halten Vortr\u00e4ge und planen Veranstaltungen Vortr\u00e4ge \u00fcber die Lebensweise des grauen Rudeltieres und die Veranstaltung von Aktionstage. Au\u00dferdem leiten sie rasch alle Wolfshinweise wie F\u00e4hrten, Kot und Risse an die Fachexperten des Nabu weiter.<\/p>\n<p>Weiter Infos zum Nabu-Wolfsprojekt gibt es hier: <a href=\"https:\/\/www.nabu.de\/aktionenundprojekte\/wolf\/\" target=\"_blank\">https:\/\/www.nabu.de\/aktionenundprojekte\/wolf\/<\/a><\/p>\n","protected":false},"excerpt":{"rendered":"<p>Wolfs\u00e4hnliches Tier bei Idstein beobachtet Bei dem wolfs\u00e4hnlichen Tier, das in den vergangenen Tagen bei Idstein beobachtet worden war, hat es sich vermutlich um einen Husky gehandelt, teilt der Naturschutzbund (Nabu) mit. Bei Nabu-Wolfsbotschafter Andreas Lenhart aus Bad Camberg waren &hellip; <a href=\"http:\/\/www.wetterauer-landbote.de\/?p=1760\">Weiterlesen <span class=\"meta-nav\">&rarr;<\/span><\/a><\/p>\n","protected":false},"author":1,"featured_media":0,"comment_status":"open","ping_status":"open","sticky":false,"template":"","format":"standard","meta":{"_jetpack_memberships_contains_paid_content":false,"footnotes":""},"categories":[1],"tags":[],"class_list":["post-1760","post","type-post","status-publish","format-standard","hentry","category-allgemein"],"yoast_head":"<!-- This site is optimized with the Yoast SEO plugin v27.0 - https:\/\/yoast.com\/product\/yoast-seo-wordpress\/ -->\n<title>Husky statt Wolf - Wetterauer-Landbote<\/title>\n<meta name=\"description\" content=\"Das wolfs\u00e4hnliche Tier, das jetzt bei Idestein beobachtet worden war, war vermutlich ein Husky. Mit W\u00f6lfen ist aber zu rechen. Husky statt Wolf\" \/>\n<meta name=\"robots\" content=\"index, follow, max-snippet:-1, max-image-preview:large, max-video-preview:-1\" \/>\n<link rel=\"canonical\" href=\"http:\/\/www.wetterauer-landbote.de\/?p=1760\" \/>\n<meta property=\"og:locale\" content=\"de_DE\" \/>\n<meta property=\"og:type\" content=\"article\" \/>\n<meta property=\"og:title\" content=\"Husky statt Wolf - Wetterauer-Landbote\" \/>\n<meta property=\"og:description\" content=\"Das wolfs\u00e4hnliche Tier, das jetzt bei Idestein beobachtet worden war, war vermutlich ein Husky. Mit W\u00f6lfen ist aber zu rechen. Husky statt Wolf\" \/>\n<meta property=\"og:url\" content=\"http:\/\/www.wetterauer-landbote.de\/?p=1760\" \/>\n<meta property=\"og:site_name\" content=\"Wetterauer-Landbote\" \/>\n<meta property=\"article:published_time\" content=\"2014-11-28T16:40:54+00:00\" \/>\n<meta property=\"og:image\" content=\"http:\/\/www.wetterauer-landbote.de\/wp-content\/uploads\/2014\/11\/Wolf1.gif\" \/>\n<meta name=\"author\" content=\"harpo\" \/>\n<meta name=\"twitter:label1\" content=\"Verfasst von\" \/>\n\t<meta name=\"twitter:data1\" content=\"harpo\" \/>\n\t<meta name=\"twitter:label2\" content=\"Gesch\u00e4tzte Lesezeit\" \/>\n\t<meta name=\"twitter:data2\" content=\"1\u00a0Minute\" \/>\n<script type=\"application\/ld+json\" class=\"yoast-schema-graph\">{\"@context\":\"https:\/\/schema.org\",\"@graph\":[{\"@type\":\"Article\",\"@id\":\"http:\/\/www.wetterauer-landbote.de\/?p=1760#article\",\"isPartOf\":{\"@id\":\"http:\/\/www.wetterauer-landbote.de\/?p=1760\"},\"author\":{\"name\":\"harpo\",\"@id\":\"http:\/\/www.wetterauer-landbote.de\/#\/schema\/person\/fa7509b189bc402f223dd5337ab92ed0\"},\"headline\":\"Husky statt Wolf\",\"datePublished\":\"2014-11-28T16:40:54+00:00\",\"mainEntityOfPage\":{\"@id\":\"http:\/\/www.wetterauer-landbote.de\/?p=1760\"},\"wordCount\":272,\"commentCount\":0,\"image\":{\"@id\":\"http:\/\/www.wetterauer-landbote.de\/?p=1760#primaryimage\"},\"thumbnailUrl\":\"http:\/\/www.wetterauer-landbote.de\/wp-content\/uploads\/2014\/11\/Wolf1.gif\",\"inLanguage\":\"de\",\"potentialAction\":[{\"@type\":\"CommentAction\",\"name\":\"Comment\",\"target\":[\"http:\/\/www.wetterauer-landbote.de\/?p=1760#respond\"]}]},{\"@type\":\"WebPage\",\"@id\":\"http:\/\/www.wetterauer-landbote.de\/?p=1760\",\"url\":\"http:\/\/www.wetterauer-landbote.de\/?p=1760\",\"name\":\"Husky statt Wolf - Wetterauer-Landbote\",\"isPartOf\":{\"@id\":\"http:\/\/www.wetterauer-landbote.de\/#website\"},\"primaryImageOfPage\":{\"@id\":\"http:\/\/www.wetterauer-landbote.de\/?p=1760#primaryimage\"},\"image\":{\"@id\":\"http:\/\/www.wetterauer-landbote.de\/?p=1760#primaryimage\"},\"thumbnailUrl\":\"http:\/\/www.wetterauer-landbote.de\/wp-content\/uploads\/2014\/11\/Wolf1.gif\",\"datePublished\":\"2014-11-28T16:40:54+00:00\",\"author\":{\"@id\":\"http:\/\/www.wetterauer-landbote.de\/#\/schema\/person\/fa7509b189bc402f223dd5337ab92ed0\"},\"description\":\"Das wolfs\u00e4hnliche Tier, das jetzt bei Idestein beobachtet worden war, war vermutlich ein Husky. Mit W\u00f6lfen ist aber zu rechen. Husky statt Wolf\",\"breadcrumb\":{\"@id\":\"http:\/\/www.wetterauer-landbote.de\/?p=1760#breadcrumb\"},\"inLanguage\":\"de\",\"potentialAction\":[{\"@type\":\"ReadAction\",\"target\":[\"http:\/\/www.wetterauer-landbote.de\/?p=1760\"]}]},{\"@type\":\"ImageObject\",\"inLanguage\":\"de\",\"@id\":\"http:\/\/www.wetterauer-landbote.de\/?p=1760#primaryimage\",\"url\":\"https:\/\/i0.wp.com\/www.wetterauer-landbote.de\/wp-content\/uploads\/2014\/11\/Wolf1.gif?fit=869%2C820\",\"contentUrl\":\"https:\/\/i0.wp.com\/www.wetterauer-landbote.de\/wp-content\/uploads\/2014\/11\/Wolf1.gif?fit=869%2C820\",\"width\":869,\"height\":820},{\"@type\":\"BreadcrumbList\",\"@id\":\"http:\/\/www.wetterauer-landbote.de\/?p=1760#breadcrumb\",\"itemListElement\":[{\"@type\":\"ListItem\",\"position\":1,\"name\":\"Home\",\"item\":\"http:\/\/www.wetterauer-landbote.de\/\"},{\"@type\":\"ListItem\",\"position\":2,\"name\":\"Husky statt Wolf\"}]},{\"@type\":\"WebSite\",\"@id\":\"http:\/\/www.wetterauer-landbote.de\/#website\",\"url\":\"http:\/\/www.wetterauer-landbote.de\/\",\"name\":\"Wetterauer-Landbote\",\"description\":\"\",\"potentialAction\":[{\"@type\":\"SearchAction\",\"target\":{\"@type\":\"EntryPoint\",\"urlTemplate\":\"http:\/\/www.wetterauer-landbote.de\/?s={search_term_string}\"},\"query-input\":{\"@type\":\"PropertyValueSpecification\",\"valueRequired\":true,\"valueName\":\"search_term_string\"}}],\"inLanguage\":\"de\"},{\"@type\":\"Person\",\"@id\":\"http:\/\/www.wetterauer-landbote.de\/#\/schema\/person\/fa7509b189bc402f223dd5337ab92ed0\",\"name\":\"harpo\",\"image\":{\"@type\":\"ImageObject\",\"inLanguage\":\"de\",\"@id\":\"http:\/\/www.wetterauer-landbote.de\/#\/schema\/person\/image\/\",\"url\":\"https:\/\/secure.gravatar.com\/avatar\/198bcecc77c146e5ea8d4540d99560b4b486a090b927ff654b2c125224d88117?s=96&d=mm&r=g\",\"contentUrl\":\"https:\/\/secure.gravatar.com\/avatar\/198bcecc77c146e5ea8d4540d99560b4b486a090b927ff654b2c125224d88117?s=96&d=mm&r=g\",\"caption\":\"harpo\"},\"url\":\"http:\/\/www.wetterauer-landbote.de\/?author=1\"}]}<\/script>\n<!-- \/ Yoast SEO plugin. -->","yoast_head_json":{"title":"Husky statt Wolf - Wetterauer-Landbote","description":"Das wolfs\u00e4hnliche Tier, das jetzt bei Idestein beobachtet worden war, war vermutlich ein Husky. Mit W\u00f6lfen ist aber zu rechen. Husky statt Wolf","robots":{"index":"index","follow":"follow","max-snippet":"max-snippet:-1","max-image-preview":"max-image-preview:large","max-video-preview":"max-video-preview:-1"},"canonical":"http:\/\/www.wetterauer-landbote.de\/?p=1760","og_locale":"de_DE","og_type":"article","og_title":"Husky statt Wolf - Wetterauer-Landbote","og_description":"Das wolfs\u00e4hnliche Tier, das jetzt bei Idestein beobachtet worden war, war vermutlich ein Husky. Mit W\u00f6lfen ist aber zu rechen. Husky statt Wolf","og_url":"http:\/\/www.wetterauer-landbote.de\/?p=1760","og_site_name":"Wetterauer-Landbote","article_published_time":"2014-11-28T16:40:54+00:00","og_image":[{"url":"http:\/\/www.wetterauer-landbote.de\/wp-content\/uploads\/2014\/11\/Wolf1.gif","type":"","width":"","height":""}],"author":"harpo","twitter_misc":{"Verfasst von":"harpo","Gesch\u00e4tzte Lesezeit":"1\u00a0Minute"},"schema":{"@context":"https:\/\/schema.org","@graph":[{"@type":"Article","@id":"http:\/\/www.wetterauer-landbote.de\/?p=1760#article","isPartOf":{"@id":"http:\/\/www.wetterauer-landbote.de\/?p=1760"},"author":{"name":"harpo","@id":"http:\/\/www.wetterauer-landbote.de\/#\/schema\/person\/fa7509b189bc402f223dd5337ab92ed0"},"headline":"Husky statt Wolf","datePublished":"2014-11-28T16:40:54+00:00","mainEntityOfPage":{"@id":"http:\/\/www.wetterauer-landbote.de\/?p=1760"},"wordCount":272,"commentCount":0,"image":{"@id":"http:\/\/www.wetterauer-landbote.de\/?p=1760#primaryimage"},"thumbnailUrl":"http:\/\/www.wetterauer-landbote.de\/wp-content\/uploads\/2014\/11\/Wolf1.gif","inLanguage":"de","potentialAction":[{"@type":"CommentAction","name":"Comment","target":["http:\/\/www.wetterauer-landbote.de\/?p=1760#respond"]}]},{"@type":"WebPage","@id":"http:\/\/www.wetterauer-landbote.de\/?p=1760","url":"http:\/\/www.wetterauer-landbote.de\/?p=1760","name":"Husky statt Wolf - Wetterauer-Landbote","isPartOf":{"@id":"http:\/\/www.wetterauer-landbote.de\/#website"},"primaryImageOfPage":{"@id":"http:\/\/www.wetterauer-landbote.de\/?p=1760#primaryimage"},"image":{"@id":"http:\/\/www.wetterauer-landbote.de\/?p=1760#primaryimage"},"thumbnailUrl":"http:\/\/www.wetterauer-landbote.de\/wp-content\/uploads\/2014\/11\/Wolf1.gif","datePublished":"2014-11-28T16:40:54+00:00","author":{"@id":"http:\/\/www.wetterauer-landbote.de\/#\/schema\/person\/fa7509b189bc402f223dd5337ab92ed0"},"description":"Das wolfs\u00e4hnliche Tier, das jetzt bei Idestein beobachtet worden war, war vermutlich ein Husky. Mit W\u00f6lfen ist aber zu rechen. Husky statt Wolf","breadcrumb":{"@id":"http:\/\/www.wetterauer-landbote.de\/?p=1760#breadcrumb"},"inLanguage":"de","potentialAction":[{"@type":"ReadAction","target":["http:\/\/www.wetterauer-landbote.de\/?p=1760"]}]},{"@type":"ImageObject","inLanguage":"de","@id":"http:\/\/www.wetterauer-landbote.de\/?p=1760#primaryimage","url":"https:\/\/i0.wp.com\/www.wetterauer-landbote.de\/wp-content\/uploads\/2014\/11\/Wolf1.gif?fit=869%2C820","contentUrl":"https:\/\/i0.wp.com\/www.wetterauer-landbote.de\/wp-content\/uploads\/2014\/11\/Wolf1.gif?fit=869%2C820","width":869,"height":820},{"@type":"BreadcrumbList","@id":"http:\/\/www.wetterauer-landbote.de\/?p=1760#breadcrumb","itemListElement":[{"@type":"ListItem","position":1,"name":"Home","item":"http:\/\/www.wetterauer-landbote.de\/"},{"@type":"ListItem","position":2,"name":"Husky statt Wolf"}]},{"@type":"WebSite","@id":"http:\/\/www.wetterauer-landbote.de\/#website","url":"http:\/\/www.wetterauer-landbote.de\/","name":"Wetterauer-Landbote","description":"","potentialAction":[{"@type":"SearchAction","target":{"@type":"EntryPoint","urlTemplate":"http:\/\/www.wetterauer-landbote.de\/?s={search_term_string}"},"query-input":{"@type":"PropertyValueSpecification","valueRequired":true,"valueName":"search_term_string"}}],"inLanguage":"de"},{"@type":"Person","@id":"http:\/\/www.wetterauer-landbote.de\/#\/schema\/person\/fa7509b189bc402f223dd5337ab92ed0","name":"harpo","image":{"@type":"ImageObject","inLanguage":"de","@id":"http:\/\/www.wetterauer-landbote.de\/#\/schema\/person\/image\/","url":"https:\/\/secure.gravatar.com\/avatar\/198bcecc77c146e5ea8d4540d99560b4b486a090b927ff654b2c125224d88117?s=96&d=mm&r=g","contentUrl":"https:\/\/secure.gravatar.com\/avatar\/198bcecc77c146e5ea8d4540d99560b4b486a090b927ff654b2c125224d88117?s=96&d=mm&r=g","caption":"harpo"},"url":"http:\/\/www.wetterauer-landbote.de\/?author=1"}]}},"jetpack_featured_media_url":"","jetpack_sharing_enabled":true,"jetpack_likes_enabled":true,"_links":{"self":[{"href":"http:\/\/www.wetterauer-landbote.de\/index.php?rest_route=\/wp\/v2\/posts\/1760","targetHints":{"allow":["GET"]}}],"collection":[{"href":"http:\/\/www.wetterauer-landbote.de\/index.php?rest_route=\/wp\/v2\/posts"}],"about":[{"href":"http:\/\/www.wetterauer-landbote.de\/index.php?rest_route=\/wp\/v2\/types\/post"}],"author":[{"embeddable":true,"href":"http:\/\/www.wetterauer-landbote.de\/index.php?rest_route=\/wp\/v2\/users\/1"}],"replies":[{"embeddable":true,"href":"http:\/\/www.wetterauer-landbote.de\/index.php?rest_route=%2Fwp%2Fv2%2Fcomments&post=1760"}],"version-history":[{"count":1,"href":"http:\/\/www.wetterauer-landbote.de\/index.php?rest_route=\/wp\/v2\/posts\/1760\/revisions"}],"predecessor-version":[{"id":1761,"href":"http:\/\/www.wetterauer-landbote.de\/index.php?rest_route=\/wp\/v2\/posts\/1760\/revisions\/1761"}],"wp:attachment":[{"href":"http:\/\/www.wetterauer-landbote.de\/index.php?rest_route=%2Fwp%2Fv2%2Fmedia&parent=1760"}],"wp:term":[{"taxonomy":"category","embeddable":true,"href":"http:\/\/www.wetterauer-landbote.de\/index.php?rest_route=%2Fwp%2Fv2%2Fcategories&post=1760"},{"taxonomy":"post_tag","embeddable":true,"href":"http:\/\/www.wetterauer-landbote.de\/index.php?rest_route=%2Fwp%2Fv2%2Ftags&post=1760"}],"curies":[{"name":"wp","href":"https:\/\/api.w.org\/{rel}","templated":true}]}}