{"id":1757,"date":"2014-11-28T11:20:36","date_gmt":"2014-11-28T09:20:36","guid":{"rendered":"http:\/\/www.wetterauer-landbote.de\/?p=1757"},"modified":"2014-11-28T11:20:36","modified_gmt":"2014-11-28T09:20:36","slug":"benefizkonzert-fuers-muetterzentrum","status":"publish","type":"post","link":"http:\/\/www.wetterauer-landbote.de\/?p=1757","title":{"rendered":"Benefizkonzert f\u00fcrs M\u00fctterzentrum"},"content":{"rendered":"<h2>Da haben die Rosen Dornen getragen<a href=\"https:\/\/i0.wp.com\/www.wetterauer-landbote.de\/wp-content\/uploads\/2014\/11\/konzert.jpg\"><img data-recalc-dims=\"1\" loading=\"lazy\" decoding=\"async\" class=\"alignright  wp-image-1758\" src=\"https:\/\/i0.wp.com\/www.wetterauer-landbote.de\/wp-content\/uploads\/2014\/11\/konzert.jpg?resize=137%2C238\" alt=\"konzert\" width=\"137\" height=\"238\" \/><\/a><\/h2>\n<p>Der internationale Chor Pro Musica Karben gibt gemeinsam mit dem M\u00e4nnerchor Concordia 1842 Eichen am Samstag, 29. November 2014, ein Konzert zum Advent unter dem Motto \u201eDa haben die Rosen Dornen getragen\u201c. Es ist ein Benefizkonzert zu Gunsten des M\u00fctter- und Familienzentrums Karben (M\u00fcZe), das seit 25 Jahren besteht.<\/p>\n<h3><!--more--><br \/>\n<strong>Benefizkonzert f\u00fcrs M\u00fctterzentrum<\/strong><\/h3>\n<p>\u201eWenn der Funke zum Publikum \u00fcberspringt, haben wir unser Ziel erreicht! Unsere Musik macht dann nicht nur den G\u00e4sten Freude, sondern auch uns selber\u201c, beschreibt der internationale Chor Pro Musica sein Anliegen. Die noch junge Singgemeinschaft \u2013 gegr\u00fcndet wurde sie im April 2013 \u2013 konnte bereits einen ersten gro\u00dfen Erfolg feiern: Beim internationalen Chorwettbewerb in Prag, dem &#8222;Praga Cantat&#8220;, der vor wenigen Wochen ausgetragen wurde, errang der Chor im Bereich &#8222;Musica Sacra&#8220; die Silbermedaille.<\/p>\n<p>Das M\u00fctter- und Familienzentrum Karben ist vor 25 Jahren, am 22. August 1989, von 17 Frauen gegr\u00fcndet worden, um die Isolation von M\u00fcttern, vor allem M\u00fctter mit Kleinkindern, zu durchbrechen. Inzwischen hat sich daraus ein Haus der Begegnung in Burg-Gr\u00e4fenrode mit einem vielf\u00e4ltigen Angebot entwickelt. \u201eIm M\u00fcZe finden die BesucherInnen Kontakt und Freundschaft, praktische Hilfe im Alltag, Raum zur Entfaltung und Anst\u00f6\u00dfe zur Weiterentwicklung&#8220;, beschreibt das M\u00fctter- und Familienzentrum seine Funktion.<\/p>\n<p><em>Das Konzert ist am Samstag, 29. November 2014, um 17 Uhr in der katholischen Kirche St. Bonifatius in Karben. Eintritt: 8 Euro. Kinder frei.<\/em><\/p>\n<p>Infos zu Pro Musica Karben: <a href=\"http:\/\/www.pro-musica.de\/\" target=\"_blank\">http:\/\/www.pro-musica.de\/<\/a><\/p>\n","protected":false},"excerpt":{"rendered":"<p>Da haben die Rosen Dornen getragen Der internationale Chor Pro Musica Karben gibt gemeinsam mit dem M\u00e4nnerchor Concordia 1842 Eichen am Samstag, 29. November 2014, ein Konzert zum Advent unter dem Motto \u201eDa haben die Rosen Dornen getragen\u201c. Es ist &hellip; <a href=\"http:\/\/www.wetterauer-landbote.de\/?p=1757\">Weiterlesen <span class=\"meta-nav\">&rarr;<\/span><\/a><\/p>\n","protected":false},"author":1,"featured_media":0,"comment_status":"open","ping_status":"open","sticky":false,"template":"","format":"standard","meta":{"_jetpack_memberships_contains_paid_content":false,"footnotes":""},"categories":[1],"tags":[],"class_list":["post-1757","post","type-post","status-publish","format-standard","hentry","category-allgemein"],"yoast_head":"<!-- This site is optimized with the Yoast SEO plugin v27.0 - https:\/\/yoast.com\/product\/yoast-seo-wordpress\/ -->\n<title>Benefizkonzert f\u00fcrs M\u00fctterzentrum - Wetterauer-Landbote<\/title>\n<meta name=\"description\" content=\"Der internationale Chor Pro Musica Karben gibt ein Benefizkonzert zu Gunsten das M\u00fctter- und Familienzentrums Karben. Benefizkonzert f\u00fcrs M\u00fctterzentrum\" \/>\n<meta name=\"robots\" content=\"index, follow, max-snippet:-1, max-image-preview:large, max-video-preview:-1\" \/>\n<link rel=\"canonical\" href=\"http:\/\/www.wetterauer-landbote.de\/?p=1757\" \/>\n<meta property=\"og:locale\" content=\"de_DE\" \/>\n<meta property=\"og:type\" content=\"article\" \/>\n<meta property=\"og:title\" content=\"Benefizkonzert f\u00fcrs M\u00fctterzentrum - Wetterauer-Landbote\" \/>\n<meta property=\"og:description\" content=\"Der internationale Chor Pro Musica Karben gibt ein Benefizkonzert zu Gunsten das M\u00fctter- und Familienzentrums Karben. Benefizkonzert f\u00fcrs M\u00fctterzentrum\" \/>\n<meta property=\"og:url\" content=\"http:\/\/www.wetterauer-landbote.de\/?p=1757\" \/>\n<meta property=\"og:site_name\" content=\"Wetterauer-Landbote\" \/>\n<meta property=\"article:published_time\" content=\"2014-11-28T09:20:36+00:00\" \/>\n<meta property=\"og:image\" content=\"http:\/\/www.wetterauer-landbote.de\/wp-content\/uploads\/2014\/11\/konzert.jpg\" \/>\n<meta name=\"author\" content=\"harpo\" \/>\n<meta name=\"twitter:label1\" content=\"Verfasst von\" \/>\n\t<meta name=\"twitter:data1\" content=\"harpo\" \/>\n\t<meta name=\"twitter:label2\" content=\"Gesch\u00e4tzte Lesezeit\" \/>\n\t<meta name=\"twitter:data2\" content=\"1\u00a0Minute\" \/>\n<script type=\"application\/ld+json\" class=\"yoast-schema-graph\">{\"@context\":\"https:\/\/schema.org\",\"@graph\":[{\"@type\":\"Article\",\"@id\":\"http:\/\/www.wetterauer-landbote.de\/?p=1757#article\",\"isPartOf\":{\"@id\":\"http:\/\/www.wetterauer-landbote.de\/?p=1757\"},\"author\":{\"name\":\"harpo\",\"@id\":\"http:\/\/www.wetterauer-landbote.de\/#\/schema\/person\/fa7509b189bc402f223dd5337ab92ed0\"},\"headline\":\"Benefizkonzert f\u00fcrs M\u00fctterzentrum\",\"datePublished\":\"2014-11-28T09:20:36+00:00\",\"mainEntityOfPage\":{\"@id\":\"http:\/\/www.wetterauer-landbote.de\/?p=1757\"},\"wordCount\":243,\"commentCount\":0,\"image\":{\"@id\":\"http:\/\/www.wetterauer-landbote.de\/?p=1757#primaryimage\"},\"thumbnailUrl\":\"http:\/\/www.wetterauer-landbote.de\/wp-content\/uploads\/2014\/11\/konzert.jpg\",\"inLanguage\":\"de\",\"potentialAction\":[{\"@type\":\"CommentAction\",\"name\":\"Comment\",\"target\":[\"http:\/\/www.wetterauer-landbote.de\/?p=1757#respond\"]}]},{\"@type\":\"WebPage\",\"@id\":\"http:\/\/www.wetterauer-landbote.de\/?p=1757\",\"url\":\"http:\/\/www.wetterauer-landbote.de\/?p=1757\",\"name\":\"Benefizkonzert f\u00fcrs M\u00fctterzentrum - Wetterauer-Landbote\",\"isPartOf\":{\"@id\":\"http:\/\/www.wetterauer-landbote.de\/#website\"},\"primaryImageOfPage\":{\"@id\":\"http:\/\/www.wetterauer-landbote.de\/?p=1757#primaryimage\"},\"image\":{\"@id\":\"http:\/\/www.wetterauer-landbote.de\/?p=1757#primaryimage\"},\"thumbnailUrl\":\"http:\/\/www.wetterauer-landbote.de\/wp-content\/uploads\/2014\/11\/konzert.jpg\",\"datePublished\":\"2014-11-28T09:20:36+00:00\",\"author\":{\"@id\":\"http:\/\/www.wetterauer-landbote.de\/#\/schema\/person\/fa7509b189bc402f223dd5337ab92ed0\"},\"description\":\"Der internationale Chor Pro Musica Karben gibt ein Benefizkonzert zu Gunsten das M\u00fctter- und Familienzentrums Karben. Benefizkonzert f\u00fcrs M\u00fctterzentrum\",\"breadcrumb\":{\"@id\":\"http:\/\/www.wetterauer-landbote.de\/?p=1757#breadcrumb\"},\"inLanguage\":\"de\",\"potentialAction\":[{\"@type\":\"ReadAction\",\"target\":[\"http:\/\/www.wetterauer-landbote.de\/?p=1757\"]}]},{\"@type\":\"ImageObject\",\"inLanguage\":\"de\",\"@id\":\"http:\/\/www.wetterauer-landbote.de\/?p=1757#primaryimage\",\"url\":\"https:\/\/i0.wp.com\/www.wetterauer-landbote.de\/wp-content\/uploads\/2014\/11\/konzert.jpg?fit=540%2C960\",\"contentUrl\":\"https:\/\/i0.wp.com\/www.wetterauer-landbote.de\/wp-content\/uploads\/2014\/11\/konzert.jpg?fit=540%2C960\",\"width\":540,\"height\":960},{\"@type\":\"BreadcrumbList\",\"@id\":\"http:\/\/www.wetterauer-landbote.de\/?p=1757#breadcrumb\",\"itemListElement\":[{\"@type\":\"ListItem\",\"position\":1,\"name\":\"Home\",\"item\":\"http:\/\/www.wetterauer-landbote.de\/\"},{\"@type\":\"ListItem\",\"position\":2,\"name\":\"Benefizkonzert f\u00fcrs M\u00fctterzentrum\"}]},{\"@type\":\"WebSite\",\"@id\":\"http:\/\/www.wetterauer-landbote.de\/#website\",\"url\":\"http:\/\/www.wetterauer-landbote.de\/\",\"name\":\"Wetterauer-Landbote\",\"description\":\"\",\"potentialAction\":[{\"@type\":\"SearchAction\",\"target\":{\"@type\":\"EntryPoint\",\"urlTemplate\":\"http:\/\/www.wetterauer-landbote.de\/?s={search_term_string}\"},\"query-input\":{\"@type\":\"PropertyValueSpecification\",\"valueRequired\":true,\"valueName\":\"search_term_string\"}}],\"inLanguage\":\"de\"},{\"@type\":\"Person\",\"@id\":\"http:\/\/www.wetterauer-landbote.de\/#\/schema\/person\/fa7509b189bc402f223dd5337ab92ed0\",\"name\":\"harpo\",\"image\":{\"@type\":\"ImageObject\",\"inLanguage\":\"de\",\"@id\":\"http:\/\/www.wetterauer-landbote.de\/#\/schema\/person\/image\/\",\"url\":\"https:\/\/secure.gravatar.com\/avatar\/198bcecc77c146e5ea8d4540d99560b4b486a090b927ff654b2c125224d88117?s=96&d=mm&r=g\",\"contentUrl\":\"https:\/\/secure.gravatar.com\/avatar\/198bcecc77c146e5ea8d4540d99560b4b486a090b927ff654b2c125224d88117?s=96&d=mm&r=g\",\"caption\":\"harpo\"},\"url\":\"http:\/\/www.wetterauer-landbote.de\/?author=1\"}]}<\/script>\n<!-- \/ Yoast SEO plugin. -->","yoast_head_json":{"title":"Benefizkonzert f\u00fcrs M\u00fctterzentrum - Wetterauer-Landbote","description":"Der internationale Chor Pro Musica Karben gibt ein Benefizkonzert zu Gunsten das M\u00fctter- und Familienzentrums Karben. Benefizkonzert f\u00fcrs M\u00fctterzentrum","robots":{"index":"index","follow":"follow","max-snippet":"max-snippet:-1","max-image-preview":"max-image-preview:large","max-video-preview":"max-video-preview:-1"},"canonical":"http:\/\/www.wetterauer-landbote.de\/?p=1757","og_locale":"de_DE","og_type":"article","og_title":"Benefizkonzert f\u00fcrs M\u00fctterzentrum - Wetterauer-Landbote","og_description":"Der internationale Chor Pro Musica Karben gibt ein Benefizkonzert zu Gunsten das M\u00fctter- und Familienzentrums Karben. Benefizkonzert f\u00fcrs M\u00fctterzentrum","og_url":"http:\/\/www.wetterauer-landbote.de\/?p=1757","og_site_name":"Wetterauer-Landbote","article_published_time":"2014-11-28T09:20:36+00:00","og_image":[{"url":"http:\/\/www.wetterauer-landbote.de\/wp-content\/uploads\/2014\/11\/konzert.jpg","type":"","width":"","height":""}],"author":"harpo","twitter_misc":{"Verfasst von":"harpo","Gesch\u00e4tzte Lesezeit":"1\u00a0Minute"},"schema":{"@context":"https:\/\/schema.org","@graph":[{"@type":"Article","@id":"http:\/\/www.wetterauer-landbote.de\/?p=1757#article","isPartOf":{"@id":"http:\/\/www.wetterauer-landbote.de\/?p=1757"},"author":{"name":"harpo","@id":"http:\/\/www.wetterauer-landbote.de\/#\/schema\/person\/fa7509b189bc402f223dd5337ab92ed0"},"headline":"Benefizkonzert f\u00fcrs M\u00fctterzentrum","datePublished":"2014-11-28T09:20:36+00:00","mainEntityOfPage":{"@id":"http:\/\/www.wetterauer-landbote.de\/?p=1757"},"wordCount":243,"commentCount":0,"image":{"@id":"http:\/\/www.wetterauer-landbote.de\/?p=1757#primaryimage"},"thumbnailUrl":"http:\/\/www.wetterauer-landbote.de\/wp-content\/uploads\/2014\/11\/konzert.jpg","inLanguage":"de","potentialAction":[{"@type":"CommentAction","name":"Comment","target":["http:\/\/www.wetterauer-landbote.de\/?p=1757#respond"]}]},{"@type":"WebPage","@id":"http:\/\/www.wetterauer-landbote.de\/?p=1757","url":"http:\/\/www.wetterauer-landbote.de\/?p=1757","name":"Benefizkonzert f\u00fcrs M\u00fctterzentrum - Wetterauer-Landbote","isPartOf":{"@id":"http:\/\/www.wetterauer-landbote.de\/#website"},"primaryImageOfPage":{"@id":"http:\/\/www.wetterauer-landbote.de\/?p=1757#primaryimage"},"image":{"@id":"http:\/\/www.wetterauer-landbote.de\/?p=1757#primaryimage"},"thumbnailUrl":"http:\/\/www.wetterauer-landbote.de\/wp-content\/uploads\/2014\/11\/konzert.jpg","datePublished":"2014-11-28T09:20:36+00:00","author":{"@id":"http:\/\/www.wetterauer-landbote.de\/#\/schema\/person\/fa7509b189bc402f223dd5337ab92ed0"},"description":"Der internationale Chor Pro Musica Karben gibt ein Benefizkonzert zu Gunsten das M\u00fctter- und Familienzentrums Karben. Benefizkonzert f\u00fcrs M\u00fctterzentrum","breadcrumb":{"@id":"http:\/\/www.wetterauer-landbote.de\/?p=1757#breadcrumb"},"inLanguage":"de","potentialAction":[{"@type":"ReadAction","target":["http:\/\/www.wetterauer-landbote.de\/?p=1757"]}]},{"@type":"ImageObject","inLanguage":"de","@id":"http:\/\/www.wetterauer-landbote.de\/?p=1757#primaryimage","url":"https:\/\/i0.wp.com\/www.wetterauer-landbote.de\/wp-content\/uploads\/2014\/11\/konzert.jpg?fit=540%2C960","contentUrl":"https:\/\/i0.wp.com\/www.wetterauer-landbote.de\/wp-content\/uploads\/2014\/11\/konzert.jpg?fit=540%2C960","width":540,"height":960},{"@type":"BreadcrumbList","@id":"http:\/\/www.wetterauer-landbote.de\/?p=1757#breadcrumb","itemListElement":[{"@type":"ListItem","position":1,"name":"Home","item":"http:\/\/www.wetterauer-landbote.de\/"},{"@type":"ListItem","position":2,"name":"Benefizkonzert f\u00fcrs M\u00fctterzentrum"}]},{"@type":"WebSite","@id":"http:\/\/www.wetterauer-landbote.de\/#website","url":"http:\/\/www.wetterauer-landbote.de\/","name":"Wetterauer-Landbote","description":"","potentialAction":[{"@type":"SearchAction","target":{"@type":"EntryPoint","urlTemplate":"http:\/\/www.wetterauer-landbote.de\/?s={search_term_string}"},"query-input":{"@type":"PropertyValueSpecification","valueRequired":true,"valueName":"search_term_string"}}],"inLanguage":"de"},{"@type":"Person","@id":"http:\/\/www.wetterauer-landbote.de\/#\/schema\/person\/fa7509b189bc402f223dd5337ab92ed0","name":"harpo","image":{"@type":"ImageObject","inLanguage":"de","@id":"http:\/\/www.wetterauer-landbote.de\/#\/schema\/person\/image\/","url":"https:\/\/secure.gravatar.com\/avatar\/198bcecc77c146e5ea8d4540d99560b4b486a090b927ff654b2c125224d88117?s=96&d=mm&r=g","contentUrl":"https:\/\/secure.gravatar.com\/avatar\/198bcecc77c146e5ea8d4540d99560b4b486a090b927ff654b2c125224d88117?s=96&d=mm&r=g","caption":"harpo"},"url":"http:\/\/www.wetterauer-landbote.de\/?author=1"}]}},"jetpack_featured_media_url":"","jetpack_sharing_enabled":true,"jetpack_likes_enabled":true,"_links":{"self":[{"href":"http:\/\/www.wetterauer-landbote.de\/index.php?rest_route=\/wp\/v2\/posts\/1757","targetHints":{"allow":["GET"]}}],"collection":[{"href":"http:\/\/www.wetterauer-landbote.de\/index.php?rest_route=\/wp\/v2\/posts"}],"about":[{"href":"http:\/\/www.wetterauer-landbote.de\/index.php?rest_route=\/wp\/v2\/types\/post"}],"author":[{"embeddable":true,"href":"http:\/\/www.wetterauer-landbote.de\/index.php?rest_route=\/wp\/v2\/users\/1"}],"replies":[{"embeddable":true,"href":"http:\/\/www.wetterauer-landbote.de\/index.php?rest_route=%2Fwp%2Fv2%2Fcomments&post=1757"}],"version-history":[{"count":1,"href":"http:\/\/www.wetterauer-landbote.de\/index.php?rest_route=\/wp\/v2\/posts\/1757\/revisions"}],"predecessor-version":[{"id":1759,"href":"http:\/\/www.wetterauer-landbote.de\/index.php?rest_route=\/wp\/v2\/posts\/1757\/revisions\/1759"}],"wp:attachment":[{"href":"http:\/\/www.wetterauer-landbote.de\/index.php?rest_route=%2Fwp%2Fv2%2Fmedia&parent=1757"}],"wp:term":[{"taxonomy":"category","embeddable":true,"href":"http:\/\/www.wetterauer-landbote.de\/index.php?rest_route=%2Fwp%2Fv2%2Fcategories&post=1757"},{"taxonomy":"post_tag","embeddable":true,"href":"http:\/\/www.wetterauer-landbote.de\/index.php?rest_route=%2Fwp%2Fv2%2Ftags&post=1757"}],"curies":[{"name":"wp","href":"https:\/\/api.w.org\/{rel}","templated":true}]}}