{"id":1740,"date":"2014-11-26T17:19:15","date_gmt":"2014-11-26T15:19:15","guid":{"rendered":"http:\/\/www.wetterauer-landbote.de\/?p=1740"},"modified":"2014-11-26T18:50:01","modified_gmt":"2014-11-26T16:50:01","slug":"die-regionalen-zusammenhaenge","status":"publish","type":"post","link":"http:\/\/www.wetterauer-landbote.de\/?p=1740","title":{"rendered":"Die regionalen Zusammenh\u00e4nge"},"content":{"rendered":"<h2>Drehscheibe interviewt Landbote<a href=\"https:\/\/i0.wp.com\/www.wetterauer-landbote.de\/wp-content\/uploads\/2014\/11\/drehscheibe.gif\"><img data-recalc-dims=\"1\" loading=\"lazy\" decoding=\"async\" class=\"alignright  wp-image-1741\" src=\"https:\/\/i0.wp.com\/www.wetterauer-landbote.de\/wp-content\/uploads\/2014\/11\/drehscheibe.gif?resize=242%2C263\" alt=\"drehscheibe\" width=\"242\" height=\"263\" \/><\/a><\/h2>\n<p>\u201eWir wollen das Verbindende in einer Region herausstellen. Das \u00f6ffentliche Leben funktioniert schlie\u00dflich nicht nur in lokalen, sondern auch in regionalen Zusammenh\u00e4ngen\u201c, sagt Landbote-Redakteur Klaus Nissen in einem Interview mit der Drehscheibe. Dort stellt unser Projekt einer Internetzeitung f\u00fcr die Region Rhein-Main vor.<\/p>\n<p><!--more--><\/p>\n<h3><strong>Die regionalen Zusammenh\u00e4nge<\/strong><\/h3>\n<p>Die Drehscheibe versteht sich als Forum f\u00fcr gute Ideen und Konzepte im Lokaljournalismus. Sie wird vom Lokaljournalismusprogramm der Bundeszentrale f\u00fcr politische Bildung herausgegeben. Die Bundeszentrale f\u00f6rdert einen qualitativ hochwertigen Lokaljournalismus durch Modellseminare, Handb\u00fccher, Pressedienste, Arbeitsmaterialien und Workshops.<\/p>\n<p>Der Landbote strebt einen hochwertigen Journalismus f\u00fcr die Region an. Im Interview mit der Drehscheibe erl\u00e4utert das Klaus Nissen am Beispiel der Windkraftnutzung, die immer dann heftig diskutiert wird, wenn irgendwo neue Anlagen gebaut werden sollen. Nissen: \u201eIn unserem Online-Angebot bauen wir sehr systematisch und gr\u00fcndlich an einem Dossier, das die Pl\u00e4ne veranschaulicht. Solche Arbeiten k\u00f6nnen Tageszeitungen nicht leisten, weil die Zeit nicht vorhanden ist und es ihnen mehr um Tagesaktualit\u00e4t geht.\u201c<\/p>\n<p>Das komplette Interview lesen Sie hier: <a href=\"http:\/\/www.drehscheibe.org\/Wir_wollen_das_Verbindende_in_einer_Region_herausstellen.html\" target=\"_blank\">http:\/\/www.drehscheibe.org\/Wir_wollen_das_Verbindende_in_einer_Region_herausstellen.html<\/a><\/p>\n","protected":false},"excerpt":{"rendered":"<p>Drehscheibe interviewt Landbote \u201eWir wollen das Verbindende in einer Region herausstellen. Das \u00f6ffentliche Leben funktioniert schlie\u00dflich nicht nur in lokalen, sondern auch in regionalen Zusammenh\u00e4ngen\u201c, sagt Landbote-Redakteur Klaus Nissen in einem Interview mit der Drehscheibe. Dort stellt unser Projekt einer &hellip; <a href=\"http:\/\/www.wetterauer-landbote.de\/?p=1740\">Weiterlesen <span class=\"meta-nav\">&rarr;<\/span><\/a><\/p>\n","protected":false},"author":1,"featured_media":0,"comment_status":"open","ping_status":"open","sticky":false,"template":"","format":"standard","meta":{"_jetpack_memberships_contains_paid_content":false,"footnotes":""},"categories":[1],"tags":[],"class_list":["post-1740","post","type-post","status-publish","format-standard","hentry","category-allgemein"],"yoast_head":"<!-- This site is optimized with the Yoast SEO plugin v27.0 - https:\/\/yoast.com\/product\/yoast-seo-wordpress\/ -->\n<title>Die regionalen Zusammenh\u00e4nge - Wetterauer-Landbote<\/title>\n<meta name=\"description\" content=\"Die Drehscheibe hat den Wetterauer Landboten interviewt. Es geht um hochwertigen Journalismus f\u00fcr die Region. Die regionalen Zusammenh\u00e4nge\" \/>\n<meta name=\"robots\" content=\"index, follow, max-snippet:-1, max-image-preview:large, max-video-preview:-1\" \/>\n<link rel=\"canonical\" href=\"http:\/\/www.wetterauer-landbote.de\/?p=1740\" \/>\n<meta property=\"og:locale\" content=\"de_DE\" \/>\n<meta property=\"og:type\" content=\"article\" \/>\n<meta property=\"og:title\" content=\"Die regionalen Zusammenh\u00e4nge - Wetterauer-Landbote\" \/>\n<meta property=\"og:description\" content=\"Die Drehscheibe hat den Wetterauer Landboten interviewt. Es geht um hochwertigen Journalismus f\u00fcr die Region. Die regionalen Zusammenh\u00e4nge\" \/>\n<meta property=\"og:url\" content=\"http:\/\/www.wetterauer-landbote.de\/?p=1740\" \/>\n<meta property=\"og:site_name\" content=\"Wetterauer-Landbote\" \/>\n<meta property=\"article:published_time\" content=\"2014-11-26T15:19:15+00:00\" \/>\n<meta property=\"article:modified_time\" content=\"2014-11-26T16:50:01+00:00\" \/>\n<meta property=\"og:image\" content=\"http:\/\/www.wetterauer-landbote.de\/wp-content\/uploads\/2014\/11\/drehscheibe.gif\" \/>\n<meta name=\"author\" content=\"harpo\" \/>\n<meta name=\"twitter:label1\" content=\"Verfasst von\" \/>\n\t<meta name=\"twitter:data1\" content=\"harpo\" \/>\n\t<meta name=\"twitter:label2\" content=\"Gesch\u00e4tzte Lesezeit\" \/>\n\t<meta name=\"twitter:data2\" content=\"1\u00a0Minute\" \/>\n<script type=\"application\/ld+json\" class=\"yoast-schema-graph\">{\"@context\":\"https:\/\/schema.org\",\"@graph\":[{\"@type\":\"Article\",\"@id\":\"http:\/\/www.wetterauer-landbote.de\/?p=1740#article\",\"isPartOf\":{\"@id\":\"http:\/\/www.wetterauer-landbote.de\/?p=1740\"},\"author\":{\"name\":\"harpo\",\"@id\":\"http:\/\/www.wetterauer-landbote.de\/#\/schema\/person\/fa7509b189bc402f223dd5337ab92ed0\"},\"headline\":\"Die regionalen Zusammenh\u00e4nge\",\"datePublished\":\"2014-11-26T15:19:15+00:00\",\"dateModified\":\"2014-11-26T16:50:01+00:00\",\"mainEntityOfPage\":{\"@id\":\"http:\/\/www.wetterauer-landbote.de\/?p=1740\"},\"wordCount\":195,\"commentCount\":0,\"image\":{\"@id\":\"http:\/\/www.wetterauer-landbote.de\/?p=1740#primaryimage\"},\"thumbnailUrl\":\"http:\/\/www.wetterauer-landbote.de\/wp-content\/uploads\/2014\/11\/drehscheibe.gif\",\"inLanguage\":\"de\",\"potentialAction\":[{\"@type\":\"CommentAction\",\"name\":\"Comment\",\"target\":[\"http:\/\/www.wetterauer-landbote.de\/?p=1740#respond\"]}]},{\"@type\":\"WebPage\",\"@id\":\"http:\/\/www.wetterauer-landbote.de\/?p=1740\",\"url\":\"http:\/\/www.wetterauer-landbote.de\/?p=1740\",\"name\":\"Die regionalen Zusammenh\u00e4nge - Wetterauer-Landbote\",\"isPartOf\":{\"@id\":\"http:\/\/www.wetterauer-landbote.de\/#website\"},\"primaryImageOfPage\":{\"@id\":\"http:\/\/www.wetterauer-landbote.de\/?p=1740#primaryimage\"},\"image\":{\"@id\":\"http:\/\/www.wetterauer-landbote.de\/?p=1740#primaryimage\"},\"thumbnailUrl\":\"http:\/\/www.wetterauer-landbote.de\/wp-content\/uploads\/2014\/11\/drehscheibe.gif\",\"datePublished\":\"2014-11-26T15:19:15+00:00\",\"dateModified\":\"2014-11-26T16:50:01+00:00\",\"author\":{\"@id\":\"http:\/\/www.wetterauer-landbote.de\/#\/schema\/person\/fa7509b189bc402f223dd5337ab92ed0\"},\"description\":\"Die Drehscheibe hat den Wetterauer Landboten interviewt. Es geht um hochwertigen Journalismus f\u00fcr die Region. Die regionalen Zusammenh\u00e4nge\",\"breadcrumb\":{\"@id\":\"http:\/\/www.wetterauer-landbote.de\/?p=1740#breadcrumb\"},\"inLanguage\":\"de\",\"potentialAction\":[{\"@type\":\"ReadAction\",\"target\":[\"http:\/\/www.wetterauer-landbote.de\/?p=1740\"]}]},{\"@type\":\"ImageObject\",\"inLanguage\":\"de\",\"@id\":\"http:\/\/www.wetterauer-landbote.de\/?p=1740#primaryimage\",\"url\":\"https:\/\/i0.wp.com\/www.wetterauer-landbote.de\/wp-content\/uploads\/2014\/11\/drehscheibe.gif?fit=814%2C887\",\"contentUrl\":\"https:\/\/i0.wp.com\/www.wetterauer-landbote.de\/wp-content\/uploads\/2014\/11\/drehscheibe.gif?fit=814%2C887\",\"width\":814,\"height\":887},{\"@type\":\"BreadcrumbList\",\"@id\":\"http:\/\/www.wetterauer-landbote.de\/?p=1740#breadcrumb\",\"itemListElement\":[{\"@type\":\"ListItem\",\"position\":1,\"name\":\"Home\",\"item\":\"http:\/\/www.wetterauer-landbote.de\/\"},{\"@type\":\"ListItem\",\"position\":2,\"name\":\"Die regionalen Zusammenh\u00e4nge\"}]},{\"@type\":\"WebSite\",\"@id\":\"http:\/\/www.wetterauer-landbote.de\/#website\",\"url\":\"http:\/\/www.wetterauer-landbote.de\/\",\"name\":\"Wetterauer-Landbote\",\"description\":\"\",\"potentialAction\":[{\"@type\":\"SearchAction\",\"target\":{\"@type\":\"EntryPoint\",\"urlTemplate\":\"http:\/\/www.wetterauer-landbote.de\/?s={search_term_string}\"},\"query-input\":{\"@type\":\"PropertyValueSpecification\",\"valueRequired\":true,\"valueName\":\"search_term_string\"}}],\"inLanguage\":\"de\"},{\"@type\":\"Person\",\"@id\":\"http:\/\/www.wetterauer-landbote.de\/#\/schema\/person\/fa7509b189bc402f223dd5337ab92ed0\",\"name\":\"harpo\",\"image\":{\"@type\":\"ImageObject\",\"inLanguage\":\"de\",\"@id\":\"http:\/\/www.wetterauer-landbote.de\/#\/schema\/person\/image\/\",\"url\":\"https:\/\/secure.gravatar.com\/avatar\/198bcecc77c146e5ea8d4540d99560b4b486a090b927ff654b2c125224d88117?s=96&d=mm&r=g\",\"contentUrl\":\"https:\/\/secure.gravatar.com\/avatar\/198bcecc77c146e5ea8d4540d99560b4b486a090b927ff654b2c125224d88117?s=96&d=mm&r=g\",\"caption\":\"harpo\"},\"url\":\"http:\/\/www.wetterauer-landbote.de\/?author=1\"}]}<\/script>\n<!-- \/ Yoast SEO plugin. -->","yoast_head_json":{"title":"Die regionalen Zusammenh\u00e4nge - Wetterauer-Landbote","description":"Die Drehscheibe hat den Wetterauer Landboten interviewt. Es geht um hochwertigen Journalismus f\u00fcr die Region. Die regionalen Zusammenh\u00e4nge","robots":{"index":"index","follow":"follow","max-snippet":"max-snippet:-1","max-image-preview":"max-image-preview:large","max-video-preview":"max-video-preview:-1"},"canonical":"http:\/\/www.wetterauer-landbote.de\/?p=1740","og_locale":"de_DE","og_type":"article","og_title":"Die regionalen Zusammenh\u00e4nge - Wetterauer-Landbote","og_description":"Die Drehscheibe hat den Wetterauer Landboten interviewt. Es geht um hochwertigen Journalismus f\u00fcr die Region. Die regionalen Zusammenh\u00e4nge","og_url":"http:\/\/www.wetterauer-landbote.de\/?p=1740","og_site_name":"Wetterauer-Landbote","article_published_time":"2014-11-26T15:19:15+00:00","article_modified_time":"2014-11-26T16:50:01+00:00","og_image":[{"url":"http:\/\/www.wetterauer-landbote.de\/wp-content\/uploads\/2014\/11\/drehscheibe.gif","type":"","width":"","height":""}],"author":"harpo","twitter_misc":{"Verfasst von":"harpo","Gesch\u00e4tzte Lesezeit":"1\u00a0Minute"},"schema":{"@context":"https:\/\/schema.org","@graph":[{"@type":"Article","@id":"http:\/\/www.wetterauer-landbote.de\/?p=1740#article","isPartOf":{"@id":"http:\/\/www.wetterauer-landbote.de\/?p=1740"},"author":{"name":"harpo","@id":"http:\/\/www.wetterauer-landbote.de\/#\/schema\/person\/fa7509b189bc402f223dd5337ab92ed0"},"headline":"Die regionalen Zusammenh\u00e4nge","datePublished":"2014-11-26T15:19:15+00:00","dateModified":"2014-11-26T16:50:01+00:00","mainEntityOfPage":{"@id":"http:\/\/www.wetterauer-landbote.de\/?p=1740"},"wordCount":195,"commentCount":0,"image":{"@id":"http:\/\/www.wetterauer-landbote.de\/?p=1740#primaryimage"},"thumbnailUrl":"http:\/\/www.wetterauer-landbote.de\/wp-content\/uploads\/2014\/11\/drehscheibe.gif","inLanguage":"de","potentialAction":[{"@type":"CommentAction","name":"Comment","target":["http:\/\/www.wetterauer-landbote.de\/?p=1740#respond"]}]},{"@type":"WebPage","@id":"http:\/\/www.wetterauer-landbote.de\/?p=1740","url":"http:\/\/www.wetterauer-landbote.de\/?p=1740","name":"Die regionalen Zusammenh\u00e4nge - Wetterauer-Landbote","isPartOf":{"@id":"http:\/\/www.wetterauer-landbote.de\/#website"},"primaryImageOfPage":{"@id":"http:\/\/www.wetterauer-landbote.de\/?p=1740#primaryimage"},"image":{"@id":"http:\/\/www.wetterauer-landbote.de\/?p=1740#primaryimage"},"thumbnailUrl":"http:\/\/www.wetterauer-landbote.de\/wp-content\/uploads\/2014\/11\/drehscheibe.gif","datePublished":"2014-11-26T15:19:15+00:00","dateModified":"2014-11-26T16:50:01+00:00","author":{"@id":"http:\/\/www.wetterauer-landbote.de\/#\/schema\/person\/fa7509b189bc402f223dd5337ab92ed0"},"description":"Die Drehscheibe hat den Wetterauer Landboten interviewt. Es geht um hochwertigen Journalismus f\u00fcr die Region. Die regionalen Zusammenh\u00e4nge","breadcrumb":{"@id":"http:\/\/www.wetterauer-landbote.de\/?p=1740#breadcrumb"},"inLanguage":"de","potentialAction":[{"@type":"ReadAction","target":["http:\/\/www.wetterauer-landbote.de\/?p=1740"]}]},{"@type":"ImageObject","inLanguage":"de","@id":"http:\/\/www.wetterauer-landbote.de\/?p=1740#primaryimage","url":"https:\/\/i0.wp.com\/www.wetterauer-landbote.de\/wp-content\/uploads\/2014\/11\/drehscheibe.gif?fit=814%2C887","contentUrl":"https:\/\/i0.wp.com\/www.wetterauer-landbote.de\/wp-content\/uploads\/2014\/11\/drehscheibe.gif?fit=814%2C887","width":814,"height":887},{"@type":"BreadcrumbList","@id":"http:\/\/www.wetterauer-landbote.de\/?p=1740#breadcrumb","itemListElement":[{"@type":"ListItem","position":1,"name":"Home","item":"http:\/\/www.wetterauer-landbote.de\/"},{"@type":"ListItem","position":2,"name":"Die regionalen Zusammenh\u00e4nge"}]},{"@type":"WebSite","@id":"http:\/\/www.wetterauer-landbote.de\/#website","url":"http:\/\/www.wetterauer-landbote.de\/","name":"Wetterauer-Landbote","description":"","potentialAction":[{"@type":"SearchAction","target":{"@type":"EntryPoint","urlTemplate":"http:\/\/www.wetterauer-landbote.de\/?s={search_term_string}"},"query-input":{"@type":"PropertyValueSpecification","valueRequired":true,"valueName":"search_term_string"}}],"inLanguage":"de"},{"@type":"Person","@id":"http:\/\/www.wetterauer-landbote.de\/#\/schema\/person\/fa7509b189bc402f223dd5337ab92ed0","name":"harpo","image":{"@type":"ImageObject","inLanguage":"de","@id":"http:\/\/www.wetterauer-landbote.de\/#\/schema\/person\/image\/","url":"https:\/\/secure.gravatar.com\/avatar\/198bcecc77c146e5ea8d4540d99560b4b486a090b927ff654b2c125224d88117?s=96&d=mm&r=g","contentUrl":"https:\/\/secure.gravatar.com\/avatar\/198bcecc77c146e5ea8d4540d99560b4b486a090b927ff654b2c125224d88117?s=96&d=mm&r=g","caption":"harpo"},"url":"http:\/\/www.wetterauer-landbote.de\/?author=1"}]}},"jetpack_featured_media_url":"","jetpack_sharing_enabled":true,"jetpack_likes_enabled":true,"_links":{"self":[{"href":"http:\/\/www.wetterauer-landbote.de\/index.php?rest_route=\/wp\/v2\/posts\/1740","targetHints":{"allow":["GET"]}}],"collection":[{"href":"http:\/\/www.wetterauer-landbote.de\/index.php?rest_route=\/wp\/v2\/posts"}],"about":[{"href":"http:\/\/www.wetterauer-landbote.de\/index.php?rest_route=\/wp\/v2\/types\/post"}],"author":[{"embeddable":true,"href":"http:\/\/www.wetterauer-landbote.de\/index.php?rest_route=\/wp\/v2\/users\/1"}],"replies":[{"embeddable":true,"href":"http:\/\/www.wetterauer-landbote.de\/index.php?rest_route=%2Fwp%2Fv2%2Fcomments&post=1740"}],"version-history":[{"count":3,"href":"http:\/\/www.wetterauer-landbote.de\/index.php?rest_route=\/wp\/v2\/posts\/1740\/revisions"}],"predecessor-version":[{"id":1745,"href":"http:\/\/www.wetterauer-landbote.de\/index.php?rest_route=\/wp\/v2\/posts\/1740\/revisions\/1745"}],"wp:attachment":[{"href":"http:\/\/www.wetterauer-landbote.de\/index.php?rest_route=%2Fwp%2Fv2%2Fmedia&parent=1740"}],"wp:term":[{"taxonomy":"category","embeddable":true,"href":"http:\/\/www.wetterauer-landbote.de\/index.php?rest_route=%2Fwp%2Fv2%2Fcategories&post=1740"},{"taxonomy":"post_tag","embeddable":true,"href":"http:\/\/www.wetterauer-landbote.de\/index.php?rest_route=%2Fwp%2Fv2%2Ftags&post=1740"}],"curies":[{"name":"wp","href":"https:\/\/api.w.org\/{rel}","templated":true}]}}