{"id":1729,"date":"2014-11-25T21:02:45","date_gmt":"2014-11-25T19:02:45","guid":{"rendered":"http:\/\/www.wetterauer-landbote.de\/?p=1729"},"modified":"2014-11-25T21:02:45","modified_gmt":"2014-11-25T19:02:45","slug":"vogelsberg-touristen-fuehlen-sich-von-windraedern-nicht-gestoert","status":"publish","type":"post","link":"http:\/\/www.wetterauer-landbote.de\/?p=1729","title":{"rendered":"Windr\u00e4der st\u00f6ren Touristen wenig"},"content":{"rendered":"<h1>Studie der Uni Gie\u00dfen im Vogelsberg: Bef\u00fcrchtungen widerlegt<\/h1>\n<p><strong>Von Anton J. Seib<a href=\"https:\/\/i0.wp.com\/www.wetterauer-landbote.de\/wp-content\/uploads\/2014\/04\/W%C3%B6llstadt-1-neu.jpg\"><img data-recalc-dims=\"1\" loading=\"lazy\" decoding=\"async\" class=\"alignleft  wp-image-850\" src=\"https:\/\/i0.wp.com\/www.wetterauer-landbote.de\/wp-content\/uploads\/2014\/04\/W%C3%B6llstadt-1-neu.jpg?resize=115%2C168\" alt=\"W\u00f6llstadt-1-neu\" width=\"115\" height=\"168\" \/><\/a><\/strong><\/p>\n<p>Nur gering f\u00fchlen sich Besucher des Vogelsbergs durch die Windkraftanlagen gest\u00f6rt. Das ist das Ergebnis einer Studie des Instituts f\u00fcr Geographie der Justus-Liebig-Universit\u00e4t Gie\u00dfen in Zusammenarbeit mit der Industrie- und Handelskammer Gie\u00dfen. 1023 Touristen waren f\u00fcr die Studie befragt worden.<\/p>\n<p><!--more--><\/p>\n<h2>Windr\u00e4der st\u00f6ren Touristen wenig<\/h2>\n<p>Gesundheitsgef\u00e4hrdung, finanzielle Risiken f\u00fcr die Kommunen, unverh\u00e4ltnism\u00e4\u00dfige Auswirkungen auf Umwelt und Natur und ein Einbruch der \u00dcbernachtungszahlen &#8211; die Windkraftgegner im Vogelsberg fahren scharfe Gesch\u00fctze gegen den Bau von Windr\u00e4dern auf. Zumindest eine Bef\u00fcrchtung ist jetzt widerlegt &#8211; durch eine Studie der Universit\u00e4t Gie\u00dfen in Zusammenarbeit mit der Industrie- und Handelskammer Gie\u00dfen-Friedberg. Tenor: G\u00e4ste, die im Vogelsberg Erholung suchen, f\u00fchlen sich durch Windenergieanlagen offenbar weniger gest\u00f6rt als bef\u00fcrchtet. \u201eBeim derzeitigen Ausbaustand von Windenergieanlagen im Vogelsberg ist die von den Besucherinnen und Besuchern empfundene St\u00f6rung gering\u201c, zieht Prof. Christian Diller vom Institut f\u00fcr Geographie der Justus-Liebig-Universit\u00e4t Gie\u00dfen als Fazit aus der Untersuchung.<\/p>\n<div id=\"attachment_1731\" style=\"width: 943px\" class=\"wp-caption alignnone\"><a href=\"https:\/\/i0.wp.com\/www.wetterauer-landbote.de\/wp-content\/uploads\/2014\/11\/Wind-Vogelsberg-1.jpg\"><img data-recalc-dims=\"1\" loading=\"lazy\" decoding=\"async\" aria-describedby=\"caption-attachment-1731\" class=\"wp-image-1731 size-full\" src=\"https:\/\/i0.wp.com\/www.wetterauer-landbote.de\/wp-content\/uploads\/2014\/11\/Wind-Vogelsberg-1.jpg?resize=584%2C284\" alt=\"Wind-Vogelsberg-1\" width=\"584\" height=\"284\" srcset=\"https:\/\/i0.wp.com\/www.wetterauer-landbote.de\/wp-content\/uploads\/2014\/11\/Wind-Vogelsberg-1.jpg?w=933 933w, https:\/\/i0.wp.com\/www.wetterauer-landbote.de\/wp-content\/uploads\/2014\/11\/Wind-Vogelsberg-1.jpg?resize=300%2C145 300w, https:\/\/i0.wp.com\/www.wetterauer-landbote.de\/wp-content\/uploads\/2014\/11\/Wind-Vogelsberg-1.jpg?resize=500%2C242 500w\" sizes=\"auto, (max-width: 584px) 100vw, 584px\" \/><\/a><p id=\"caption-attachment-1731\" class=\"wp-caption-text\">Windr\u00e4der bei Ulrichstein<\/p><\/div>\n<p>Eine am Institut f\u00fcr Geographie im Jahr 2013 durchgef\u00fchrte qualitative Befragung unter Betrieben des Beherbergungsgewerbes hatte ergeben, dass die Betriebe sich zwar selbst durch die Windenergieanlagen kaum gest\u00f6rt sahen. Die Unternehmerinnen und Unternehmer hatten allerdings vermutet, dass ihre G\u00e4ste sich gest\u00f6rt f\u00fchlen k\u00f6nnten. Diese besorgten \u00c4u\u00dferungen nahmen BSC-Studierende der Geographie unter der Leitung von Prof. Diller zum Anlass, gezielt Besucherinnen und Besucher in der Vogelsberg-Region zu befragen. Im Zeitraum von April bis Juni 2014 f\u00fchrten sie in Zusammenarbeit mit der IHK Gie\u00dfen-Friedberg eine Befragung durch. Die meisten der insgesamt 1023 Personen (477 Frauen und 546 M\u00e4nner) im Alter von 18 bis \u00fcber 80 Jahren wurden am Standort Hoherodskopf befragt.<\/p>\n<h4><strong>1023 Touristen befragt<\/strong><\/h4>\n<p>Die jetzt vorgestellte Touristenbefragung widerlegt entsprechenden Bef\u00fcrchtungen aus dem Beherbergungsgewerbe weitgehend. Befragt wurden durch den Wissenschaftler 1023 Besucher und Besucherinnen der Vogelsberg-Region. Ergebnis: Nur ein kleiner Teil der Befragten f\u00fchlt sich durch Windenergieanlagen im Vogelsberg mittel bis sehr gest\u00f6rt (12,5 Prozent) oder gar \u201ebedr\u00e4ngt\u201c (8,4 Prozent).<\/p>\n<p>Zwar stehen laut Umfrage \u00fcber ein Drittel der Befragten dem Ausbau der Windkraftanlagen (WKA) im Vogelsberg skeptisch gegen\u00fcber; knapp 40 Prozent der Befragten akzeptieren den Ausbau von Windenergie im Vogelsberg weniger bis \u00fcberhaupt nicht. Dennoch wird nur in wenigen F\u00e4llen der Ausbau der Windenergie als ein Grund angesehen, die Region nicht mehr zu besuchen: Nur f\u00fcr 11 Prozent w\u00e4re dies in Ans\u00e4tzen ein Grund, nicht wieder in den Vogelsberg zu kommen. Diese Ergebnisse entsprechen den Befunden aus einer \u00e4lteren Besucherbefragung. Weitere 40 Prozent der Befragten gaben dar\u00fcber hinaus sogar an, den WKA-Ausbau \u201eziemlich\u201c oder \u201esehr\u201c zu akzeptieren.<\/p>\n<p>Die vertiefenden Auswertungen machten zudem deutlich, dass es zu diesen Fragen bei den Befragten keine signifikanten Unterschiede hinsichtlich Alter, Bildung, Geschlecht, im Rahmen des Aufenthalts im Vogelsberg ausge\u00fcbten Aktivit\u00e4ten (Spazieren, Wandern, Fahrrad, Reiten, Motorrad, Wintersport, Kultur) sowie der Aufenthaltsdauer bzw. Besuchsh\u00e4ufigkeit gab.<\/p>\n","protected":false},"excerpt":{"rendered":"<p>Studie der Uni Gie\u00dfen im Vogelsberg: Bef\u00fcrchtungen widerlegt Von Anton J. Seib Nur gering f\u00fchlen sich Besucher des Vogelsbergs durch die Windkraftanlagen gest\u00f6rt. Das ist das Ergebnis einer Studie des Instituts f\u00fcr Geographie der Justus-Liebig-Universit\u00e4t Gie\u00dfen in Zusammenarbeit mit der &hellip; <a href=\"http:\/\/www.wetterauer-landbote.de\/?p=1729\">Weiterlesen <span class=\"meta-nav\">&rarr;<\/span><\/a><\/p>\n","protected":false},"author":2,"featured_media":0,"comment_status":"open","ping_status":"open","sticky":false,"template":"","format":"standard","meta":{"_jetpack_memberships_contains_paid_content":false,"footnotes":""},"categories":[1],"tags":[],"class_list":["post-1729","post","type-post","status-publish","format-standard","hentry","category-allgemein"],"yoast_head":"<!-- This site is optimized with the Yoast SEO plugin v27.0 - https:\/\/yoast.com\/product\/yoast-seo-wordpress\/ -->\n<title>Windr\u00e4der st\u00f6ren Touristen wenig - Wetterauer-Landbote<\/title>\n<meta name=\"description\" content=\"Eine Studie des Instituts f\u00fcr Geographie der Justus-Liebig-Universit\u00e4t Gie\u00dfen kommt zu dem Ergebnis: Windr\u00e4der st\u00f6ren Touristen wenig\" \/>\n<meta name=\"robots\" content=\"index, follow, max-snippet:-1, max-image-preview:large, max-video-preview:-1\" \/>\n<link rel=\"canonical\" href=\"http:\/\/www.wetterauer-landbote.de\/?p=1729\" \/>\n<meta property=\"og:locale\" content=\"de_DE\" \/>\n<meta property=\"og:type\" content=\"article\" \/>\n<meta property=\"og:title\" content=\"Windr\u00e4der st\u00f6ren Touristen wenig - Wetterauer-Landbote\" \/>\n<meta property=\"og:description\" content=\"Eine Studie des Instituts f\u00fcr Geographie der Justus-Liebig-Universit\u00e4t Gie\u00dfen kommt zu dem Ergebnis: Windr\u00e4der st\u00f6ren Touristen wenig\" \/>\n<meta property=\"og:url\" content=\"http:\/\/www.wetterauer-landbote.de\/?p=1729\" \/>\n<meta property=\"og:site_name\" content=\"Wetterauer-Landbote\" \/>\n<meta property=\"article:published_time\" content=\"2014-11-25T19:02:45+00:00\" \/>\n<meta property=\"og:image\" content=\"http:\/\/www.wetterauer-landbote.de\/wp-content\/uploads\/2014\/11\/Wind-Vogelsberg-1.jpg\" \/>\n<meta name=\"author\" content=\"Anton Seib\" \/>\n<meta name=\"twitter:label1\" content=\"Verfasst von\" \/>\n\t<meta name=\"twitter:data1\" content=\"Anton Seib\" \/>\n\t<meta name=\"twitter:label2\" content=\"Gesch\u00e4tzte Lesezeit\" \/>\n\t<meta name=\"twitter:data2\" content=\"3\u00a0Minuten\" \/>\n<script type=\"application\/ld+json\" class=\"yoast-schema-graph\">{\"@context\":\"https:\/\/schema.org\",\"@graph\":[{\"@type\":\"Article\",\"@id\":\"http:\/\/www.wetterauer-landbote.de\/?p=1729#article\",\"isPartOf\":{\"@id\":\"http:\/\/www.wetterauer-landbote.de\/?p=1729\"},\"author\":{\"name\":\"Anton Seib\",\"@id\":\"http:\/\/www.wetterauer-landbote.de\/#\/schema\/person\/0c9c6c6881b05366b8f69c67ccfd2a58\"},\"headline\":\"Windr\u00e4der st\u00f6ren Touristen wenig\",\"datePublished\":\"2014-11-25T19:02:45+00:00\",\"mainEntityOfPage\":{\"@id\":\"http:\/\/www.wetterauer-landbote.de\/?p=1729\"},\"wordCount\":509,\"commentCount\":0,\"image\":{\"@id\":\"http:\/\/www.wetterauer-landbote.de\/?p=1729#primaryimage\"},\"thumbnailUrl\":\"http:\/\/www.wetterauer-landbote.de\/wp-content\/uploads\/2014\/11\/Wind-Vogelsberg-1.jpg\",\"inLanguage\":\"de\",\"potentialAction\":[{\"@type\":\"CommentAction\",\"name\":\"Comment\",\"target\":[\"http:\/\/www.wetterauer-landbote.de\/?p=1729#respond\"]}]},{\"@type\":\"WebPage\",\"@id\":\"http:\/\/www.wetterauer-landbote.de\/?p=1729\",\"url\":\"http:\/\/www.wetterauer-landbote.de\/?p=1729\",\"name\":\"Windr\u00e4der st\u00f6ren Touristen wenig - Wetterauer-Landbote\",\"isPartOf\":{\"@id\":\"http:\/\/www.wetterauer-landbote.de\/#website\"},\"primaryImageOfPage\":{\"@id\":\"http:\/\/www.wetterauer-landbote.de\/?p=1729#primaryimage\"},\"image\":{\"@id\":\"http:\/\/www.wetterauer-landbote.de\/?p=1729#primaryimage\"},\"thumbnailUrl\":\"http:\/\/www.wetterauer-landbote.de\/wp-content\/uploads\/2014\/11\/Wind-Vogelsberg-1.jpg\",\"datePublished\":\"2014-11-25T19:02:45+00:00\",\"author\":{\"@id\":\"http:\/\/www.wetterauer-landbote.de\/#\/schema\/person\/0c9c6c6881b05366b8f69c67ccfd2a58\"},\"description\":\"Eine Studie des Instituts f\u00fcr Geographie der Justus-Liebig-Universit\u00e4t Gie\u00dfen kommt zu dem Ergebnis: Windr\u00e4der st\u00f6ren Touristen wenig\",\"breadcrumb\":{\"@id\":\"http:\/\/www.wetterauer-landbote.de\/?p=1729#breadcrumb\"},\"inLanguage\":\"de\",\"potentialAction\":[{\"@type\":\"ReadAction\",\"target\":[\"http:\/\/www.wetterauer-landbote.de\/?p=1729\"]}]},{\"@type\":\"ImageObject\",\"inLanguage\":\"de\",\"@id\":\"http:\/\/www.wetterauer-landbote.de\/?p=1729#primaryimage\",\"url\":\"https:\/\/i0.wp.com\/www.wetterauer-landbote.de\/wp-content\/uploads\/2014\/11\/Wind-Vogelsberg-1.jpg?fit=933%2C453\",\"contentUrl\":\"https:\/\/i0.wp.com\/www.wetterauer-landbote.de\/wp-content\/uploads\/2014\/11\/Wind-Vogelsberg-1.jpg?fit=933%2C453\",\"width\":933,\"height\":453},{\"@type\":\"BreadcrumbList\",\"@id\":\"http:\/\/www.wetterauer-landbote.de\/?p=1729#breadcrumb\",\"itemListElement\":[{\"@type\":\"ListItem\",\"position\":1,\"name\":\"Home\",\"item\":\"http:\/\/www.wetterauer-landbote.de\/\"},{\"@type\":\"ListItem\",\"position\":2,\"name\":\"Windr\u00e4der st\u00f6ren Touristen wenig\"}]},{\"@type\":\"WebSite\",\"@id\":\"http:\/\/www.wetterauer-landbote.de\/#website\",\"url\":\"http:\/\/www.wetterauer-landbote.de\/\",\"name\":\"Wetterauer-Landbote\",\"description\":\"\",\"potentialAction\":[{\"@type\":\"SearchAction\",\"target\":{\"@type\":\"EntryPoint\",\"urlTemplate\":\"http:\/\/www.wetterauer-landbote.de\/?s={search_term_string}\"},\"query-input\":{\"@type\":\"PropertyValueSpecification\",\"valueRequired\":true,\"valueName\":\"search_term_string\"}}],\"inLanguage\":\"de\"},{\"@type\":\"Person\",\"@id\":\"http:\/\/www.wetterauer-landbote.de\/#\/schema\/person\/0c9c6c6881b05366b8f69c67ccfd2a58\",\"name\":\"Anton Seib\",\"image\":{\"@type\":\"ImageObject\",\"inLanguage\":\"de\",\"@id\":\"http:\/\/www.wetterauer-landbote.de\/#\/schema\/person\/image\/\",\"url\":\"https:\/\/secure.gravatar.com\/avatar\/babb7666d3166b2dd2b08fe0663fe6dcf21f9031b7aee223500b599dcd379886?s=96&d=mm&r=g\",\"contentUrl\":\"https:\/\/secure.gravatar.com\/avatar\/babb7666d3166b2dd2b08fe0663fe6dcf21f9031b7aee223500b599dcd379886?s=96&d=mm&r=g\",\"caption\":\"Anton Seib\"},\"sameAs\":[\"http:\/\/wetterauer-landbote.de\"],\"url\":\"http:\/\/www.wetterauer-landbote.de\/?author=2\"}]}<\/script>\n<!-- \/ Yoast SEO plugin. -->","yoast_head_json":{"title":"Windr\u00e4der st\u00f6ren Touristen wenig - Wetterauer-Landbote","description":"Eine Studie des Instituts f\u00fcr Geographie der Justus-Liebig-Universit\u00e4t Gie\u00dfen kommt zu dem Ergebnis: Windr\u00e4der st\u00f6ren Touristen wenig","robots":{"index":"index","follow":"follow","max-snippet":"max-snippet:-1","max-image-preview":"max-image-preview:large","max-video-preview":"max-video-preview:-1"},"canonical":"http:\/\/www.wetterauer-landbote.de\/?p=1729","og_locale":"de_DE","og_type":"article","og_title":"Windr\u00e4der st\u00f6ren Touristen wenig - Wetterauer-Landbote","og_description":"Eine Studie des Instituts f\u00fcr Geographie der Justus-Liebig-Universit\u00e4t Gie\u00dfen kommt zu dem Ergebnis: Windr\u00e4der st\u00f6ren Touristen wenig","og_url":"http:\/\/www.wetterauer-landbote.de\/?p=1729","og_site_name":"Wetterauer-Landbote","article_published_time":"2014-11-25T19:02:45+00:00","og_image":[{"url":"http:\/\/www.wetterauer-landbote.de\/wp-content\/uploads\/2014\/11\/Wind-Vogelsberg-1.jpg","type":"","width":"","height":""}],"author":"Anton Seib","twitter_misc":{"Verfasst von":"Anton Seib","Gesch\u00e4tzte Lesezeit":"3\u00a0Minuten"},"schema":{"@context":"https:\/\/schema.org","@graph":[{"@type":"Article","@id":"http:\/\/www.wetterauer-landbote.de\/?p=1729#article","isPartOf":{"@id":"http:\/\/www.wetterauer-landbote.de\/?p=1729"},"author":{"name":"Anton Seib","@id":"http:\/\/www.wetterauer-landbote.de\/#\/schema\/person\/0c9c6c6881b05366b8f69c67ccfd2a58"},"headline":"Windr\u00e4der st\u00f6ren Touristen wenig","datePublished":"2014-11-25T19:02:45+00:00","mainEntityOfPage":{"@id":"http:\/\/www.wetterauer-landbote.de\/?p=1729"},"wordCount":509,"commentCount":0,"image":{"@id":"http:\/\/www.wetterauer-landbote.de\/?p=1729#primaryimage"},"thumbnailUrl":"http:\/\/www.wetterauer-landbote.de\/wp-content\/uploads\/2014\/11\/Wind-Vogelsberg-1.jpg","inLanguage":"de","potentialAction":[{"@type":"CommentAction","name":"Comment","target":["http:\/\/www.wetterauer-landbote.de\/?p=1729#respond"]}]},{"@type":"WebPage","@id":"http:\/\/www.wetterauer-landbote.de\/?p=1729","url":"http:\/\/www.wetterauer-landbote.de\/?p=1729","name":"Windr\u00e4der st\u00f6ren Touristen wenig - Wetterauer-Landbote","isPartOf":{"@id":"http:\/\/www.wetterauer-landbote.de\/#website"},"primaryImageOfPage":{"@id":"http:\/\/www.wetterauer-landbote.de\/?p=1729#primaryimage"},"image":{"@id":"http:\/\/www.wetterauer-landbote.de\/?p=1729#primaryimage"},"thumbnailUrl":"http:\/\/www.wetterauer-landbote.de\/wp-content\/uploads\/2014\/11\/Wind-Vogelsberg-1.jpg","datePublished":"2014-11-25T19:02:45+00:00","author":{"@id":"http:\/\/www.wetterauer-landbote.de\/#\/schema\/person\/0c9c6c6881b05366b8f69c67ccfd2a58"},"description":"Eine Studie des Instituts f\u00fcr Geographie der Justus-Liebig-Universit\u00e4t Gie\u00dfen kommt zu dem Ergebnis: Windr\u00e4der st\u00f6ren Touristen wenig","breadcrumb":{"@id":"http:\/\/www.wetterauer-landbote.de\/?p=1729#breadcrumb"},"inLanguage":"de","potentialAction":[{"@type":"ReadAction","target":["http:\/\/www.wetterauer-landbote.de\/?p=1729"]}]},{"@type":"ImageObject","inLanguage":"de","@id":"http:\/\/www.wetterauer-landbote.de\/?p=1729#primaryimage","url":"https:\/\/i0.wp.com\/www.wetterauer-landbote.de\/wp-content\/uploads\/2014\/11\/Wind-Vogelsberg-1.jpg?fit=933%2C453","contentUrl":"https:\/\/i0.wp.com\/www.wetterauer-landbote.de\/wp-content\/uploads\/2014\/11\/Wind-Vogelsberg-1.jpg?fit=933%2C453","width":933,"height":453},{"@type":"BreadcrumbList","@id":"http:\/\/www.wetterauer-landbote.de\/?p=1729#breadcrumb","itemListElement":[{"@type":"ListItem","position":1,"name":"Home","item":"http:\/\/www.wetterauer-landbote.de\/"},{"@type":"ListItem","position":2,"name":"Windr\u00e4der st\u00f6ren Touristen wenig"}]},{"@type":"WebSite","@id":"http:\/\/www.wetterauer-landbote.de\/#website","url":"http:\/\/www.wetterauer-landbote.de\/","name":"Wetterauer-Landbote","description":"","potentialAction":[{"@type":"SearchAction","target":{"@type":"EntryPoint","urlTemplate":"http:\/\/www.wetterauer-landbote.de\/?s={search_term_string}"},"query-input":{"@type":"PropertyValueSpecification","valueRequired":true,"valueName":"search_term_string"}}],"inLanguage":"de"},{"@type":"Person","@id":"http:\/\/www.wetterauer-landbote.de\/#\/schema\/person\/0c9c6c6881b05366b8f69c67ccfd2a58","name":"Anton Seib","image":{"@type":"ImageObject","inLanguage":"de","@id":"http:\/\/www.wetterauer-landbote.de\/#\/schema\/person\/image\/","url":"https:\/\/secure.gravatar.com\/avatar\/babb7666d3166b2dd2b08fe0663fe6dcf21f9031b7aee223500b599dcd379886?s=96&d=mm&r=g","contentUrl":"https:\/\/secure.gravatar.com\/avatar\/babb7666d3166b2dd2b08fe0663fe6dcf21f9031b7aee223500b599dcd379886?s=96&d=mm&r=g","caption":"Anton Seib"},"sameAs":["http:\/\/wetterauer-landbote.de"],"url":"http:\/\/www.wetterauer-landbote.de\/?author=2"}]}},"jetpack_featured_media_url":"","jetpack_sharing_enabled":true,"jetpack_likes_enabled":true,"_links":{"self":[{"href":"http:\/\/www.wetterauer-landbote.de\/index.php?rest_route=\/wp\/v2\/posts\/1729","targetHints":{"allow":["GET"]}}],"collection":[{"href":"http:\/\/www.wetterauer-landbote.de\/index.php?rest_route=\/wp\/v2\/posts"}],"about":[{"href":"http:\/\/www.wetterauer-landbote.de\/index.php?rest_route=\/wp\/v2\/types\/post"}],"author":[{"embeddable":true,"href":"http:\/\/www.wetterauer-landbote.de\/index.php?rest_route=\/wp\/v2\/users\/2"}],"replies":[{"embeddable":true,"href":"http:\/\/www.wetterauer-landbote.de\/index.php?rest_route=%2Fwp%2Fv2%2Fcomments&post=1729"}],"version-history":[{"count":4,"href":"http:\/\/www.wetterauer-landbote.de\/index.php?rest_route=\/wp\/v2\/posts\/1729\/revisions"}],"predecessor-version":[{"id":1739,"href":"http:\/\/www.wetterauer-landbote.de\/index.php?rest_route=\/wp\/v2\/posts\/1729\/revisions\/1739"}],"wp:attachment":[{"href":"http:\/\/www.wetterauer-landbote.de\/index.php?rest_route=%2Fwp%2Fv2%2Fmedia&parent=1729"}],"wp:term":[{"taxonomy":"category","embeddable":true,"href":"http:\/\/www.wetterauer-landbote.de\/index.php?rest_route=%2Fwp%2Fv2%2Fcategories&post=1729"},{"taxonomy":"post_tag","embeddable":true,"href":"http:\/\/www.wetterauer-landbote.de\/index.php?rest_route=%2Fwp%2Fv2%2Ftags&post=1729"}],"curies":[{"name":"wp","href":"https:\/\/api.w.org\/{rel}","templated":true}]}}