{"id":1529,"date":"2014-10-19T17:58:15","date_gmt":"2014-10-19T15:58:15","guid":{"rendered":"http:\/\/www.wetterauer-landbote.de\/?p=1529"},"modified":"2014-10-19T17:58:15","modified_gmt":"2014-10-19T15:58:15","slug":"entgleisungen-beim-bahn-streik","status":"publish","type":"post","link":"http:\/\/www.wetterauer-landbote.de\/?p=1529","title":{"rendered":"Entgleisungen beim Bahn-Streik"},"content":{"rendered":"<h2><strong>K\u00fcbelweise F\u00e4kalsprache<a href=\"https:\/\/i0.wp.com\/www.wetterauer-landbote.de\/wp-content\/uploads\/2014\/10\/Schmidt.gif\"><img data-recalc-dims=\"1\" loading=\"lazy\" decoding=\"async\" class=\"alignright  wp-image-1511\" src=\"https:\/\/i0.wp.com\/www.wetterauer-landbote.de\/wp-content\/uploads\/2014\/10\/Schmidt.gif?resize=110%2C119\" alt=\"Schmidt\" width=\"110\" height=\"119\" \/><\/a><\/strong><\/h2>\n<p><strong>Von J\u00f6rg-Peter Schmidt<\/strong><\/p>\n<p>Bahnkunden lassen ihr Wut an der falschen Adresse aus und vergreifen sich dabei im Ton.<\/p>\n<p><!--more--><\/p>\n<h3><strong>Entgleisungen beim Bahn-Streik<\/strong><\/h3>\n<p>Viele Familien, die wegen ihrer schulpflichtigen Kinder bei der Planung auf die Ferienzeit angewiesen sind, mussten \u2013 verbunden mit Entt\u00e4uschung und Stress \u2013 wegen des Bahnstreiks ihren verdienten Urlaub verschieben oder absagen. Verst\u00e4ndlich, dass in den vergangenen Tagen bei zahlreichen Betroffenen Entt\u00e4uschung in \u00c4rger m\u00fcndete. Die Verantwortlichen von Gewerkschaft und die Bahn, die sich bisher nicht einigen konnten, mussten sich daher heftige Kritik anh\u00f6ren.<\/p>\n<div id=\"attachment_1530\" style=\"width: 209px\" class=\"wp-caption alignright\"><a href=\"https:\/\/i0.wp.com\/www.wetterauer-landbote.de\/wp-content\/uploads\/2014\/10\/nebengleis.gif\"><img data-recalc-dims=\"1\" loading=\"lazy\" decoding=\"async\" aria-describedby=\"caption-attachment-1530\" class=\" wp-image-1530\" src=\"https:\/\/i0.wp.com\/www.wetterauer-landbote.de\/wp-content\/uploads\/2014\/10\/nebengleis.gif?resize=199%2C266\" alt=\"W\u00e4hrend des Bahnstreiks ist ein \u201eNebengleis\u201c entstanden: Einige Kunden lassen ihren \u00c4rger an den Bahnmitarbeitern an den Fahrkarten-Schaltern aus und beschimpfen sie in \u00fcbler F\u00e4kalsprache. \u201eSchade, dass es kein Auschwitz  mehr gibt,\u201c haben Mitarbeiter der Bahn zu h\u00f6ren bekommen. (Foto: J\u00f6rg-Peter Schmidt)\" width=\"199\" height=\"266\" srcset=\"https:\/\/i0.wp.com\/www.wetterauer-landbote.de\/wp-content\/uploads\/2014\/10\/nebengleis.gif?resize=768%2C1024 768w, https:\/\/i0.wp.com\/www.wetterauer-landbote.de\/wp-content\/uploads\/2014\/10\/nebengleis.gif?resize=225%2C300 225w, https:\/\/i0.wp.com\/www.wetterauer-landbote.de\/wp-content\/uploads\/2014\/10\/nebengleis.gif?w=1168 1168w, https:\/\/i0.wp.com\/www.wetterauer-landbote.de\/wp-content\/uploads\/2014\/10\/nebengleis.gif?w=1752 1752w\" sizes=\"auto, (max-width: 199px) 100vw, 199px\" \/><\/a><p id=\"caption-attachment-1530\" class=\"wp-caption-text\">W\u00e4hrend des Bahnstreiks ist ein \u201eNebengleis\u201c entstanden: Einige Kunden lassen ihren \u00c4rger an den Bahnmitarbeitern an den Fahrkarten-Schaltern aus und beschimpfen sie in \u00fcbler F\u00e4kalsprache. \u201eSchade, dass es kein Auschwitz mehr gibt,\u201c haben Mitarbeiter der Bahn zu h\u00f6ren bekommen. (Foto: J\u00f6rg-Peter Schmidt)<\/p><\/div>\n<p>Wie aber jetzt von Fahrg\u00e4sten aus dem mittelhessischen Raum zu erfahren war, haben einige Bahnkunden ihre Wut an der falschen Adresse ausgelassen und sich dabei im Ton mehr als vergriffen. Zeitweise ergoss sich k\u00fcbelweise F\u00e4kalsprache \u00fcber Mitarbeiterinnen und Mitarbeiter der Bahn an den Ticketschaltern. Leider ist ein solches Verhalten von so genannten freundlichen Nachbarn von nebenan nicht selten, wenn sie in unerwartete Extremsituationen geraten. Sie k\u00f6nnten lediglich dann an \u201eGr\u00f6\u00dfe\u201c zur\u00fcckgewinnen, wenn sie sich bei den jeweiligen Mitarbeitern an den Fahrkarten-Schaltern entschuldigen und ihre sachliche Kritik an die richten, die die Folgen des Streiks zu verantworten haben.<\/p>\n<p>In keiner Weise zu entschuldigen ist allerdings, dass Bahnmitarbeiter Folgendes zu h\u00f6ren bekamen: \u201eSchade, dass es kein Auschwitz mehr gibt.\u201c Fassungslos nimmt man zur Kenntnis, dass \u2013 wer auch immer \u2013 als Grundlage zu seiner Beschimpfung eines der Vernichtungslager w\u00e4hlt, in der die Nationalsozialisten Kinder und Erwachsene erniedrigten, qu\u00e4lten und ermordeten.<\/p>\n","protected":false},"excerpt":{"rendered":"<p>K\u00fcbelweise F\u00e4kalsprache Von J\u00f6rg-Peter Schmidt Bahnkunden lassen ihr Wut an der falschen Adresse aus und vergreifen sich dabei im Ton.<\/p>\n","protected":false},"author":1,"featured_media":0,"comment_status":"open","ping_status":"open","sticky":false,"template":"","format":"standard","meta":{"_jetpack_memberships_contains_paid_content":false,"footnotes":""},"categories":[1],"tags":[],"class_list":["post-1529","post","type-post","status-publish","format-standard","hentry","category-allgemein"],"yoast_head":"<!-- This site is optimized with the Yoast SEO plugin v27.0 - https:\/\/yoast.com\/product\/yoast-seo-wordpress\/ -->\n<title>Entgleisungen beim Bahn-Streik - Wetterauer-Landbote<\/title>\n<meta name=\"description\" content=\"Ver\u00e4rgerte Kunden schlagen beim Bahnstreik verbal \u00fcber die Str\u00e4nge und lassen ihre Wut am Personal aus. Entgleisungen beim Bahn-Streik\" \/>\n<meta name=\"robots\" content=\"index, follow, max-snippet:-1, max-image-preview:large, max-video-preview:-1\" \/>\n<link rel=\"canonical\" href=\"http:\/\/www.wetterauer-landbote.de\/?p=1529\" \/>\n<meta property=\"og:locale\" content=\"de_DE\" \/>\n<meta property=\"og:type\" content=\"article\" \/>\n<meta property=\"og:title\" content=\"Entgleisungen beim Bahn-Streik - Wetterauer-Landbote\" \/>\n<meta property=\"og:description\" content=\"Ver\u00e4rgerte Kunden schlagen beim Bahnstreik verbal \u00fcber die Str\u00e4nge und lassen ihre Wut am Personal aus. Entgleisungen beim Bahn-Streik\" \/>\n<meta property=\"og:url\" content=\"http:\/\/www.wetterauer-landbote.de\/?p=1529\" \/>\n<meta property=\"og:site_name\" content=\"Wetterauer-Landbote\" \/>\n<meta property=\"article:published_time\" content=\"2014-10-19T15:58:15+00:00\" \/>\n<meta property=\"og:image\" content=\"http:\/\/www.wetterauer-landbote.de\/wp-content\/uploads\/2014\/10\/Schmidt.gif\" \/>\n<meta name=\"author\" content=\"harpo\" \/>\n<meta name=\"twitter:label1\" content=\"Verfasst von\" \/>\n\t<meta name=\"twitter:data1\" content=\"harpo\" \/>\n\t<meta name=\"twitter:label2\" content=\"Gesch\u00e4tzte Lesezeit\" \/>\n\t<meta name=\"twitter:data2\" content=\"2\u00a0Minuten\" \/>\n<script type=\"application\/ld+json\" class=\"yoast-schema-graph\">{\"@context\":\"https:\/\/schema.org\",\"@graph\":[{\"@type\":\"Article\",\"@id\":\"http:\/\/www.wetterauer-landbote.de\/?p=1529#article\",\"isPartOf\":{\"@id\":\"http:\/\/www.wetterauer-landbote.de\/?p=1529\"},\"author\":{\"name\":\"harpo\",\"@id\":\"http:\/\/www.wetterauer-landbote.de\/#\/schema\/person\/fa7509b189bc402f223dd5337ab92ed0\"},\"headline\":\"Entgleisungen beim Bahn-Streik\",\"datePublished\":\"2014-10-19T15:58:15+00:00\",\"mainEntityOfPage\":{\"@id\":\"http:\/\/www.wetterauer-landbote.de\/?p=1529\"},\"wordCount\":304,\"commentCount\":0,\"image\":{\"@id\":\"http:\/\/www.wetterauer-landbote.de\/?p=1529#primaryimage\"},\"thumbnailUrl\":\"http:\/\/www.wetterauer-landbote.de\/wp-content\/uploads\/2014\/10\/Schmidt.gif\",\"inLanguage\":\"de\",\"potentialAction\":[{\"@type\":\"CommentAction\",\"name\":\"Comment\",\"target\":[\"http:\/\/www.wetterauer-landbote.de\/?p=1529#respond\"]}]},{\"@type\":\"WebPage\",\"@id\":\"http:\/\/www.wetterauer-landbote.de\/?p=1529\",\"url\":\"http:\/\/www.wetterauer-landbote.de\/?p=1529\",\"name\":\"Entgleisungen beim Bahn-Streik - Wetterauer-Landbote\",\"isPartOf\":{\"@id\":\"http:\/\/www.wetterauer-landbote.de\/#website\"},\"primaryImageOfPage\":{\"@id\":\"http:\/\/www.wetterauer-landbote.de\/?p=1529#primaryimage\"},\"image\":{\"@id\":\"http:\/\/www.wetterauer-landbote.de\/?p=1529#primaryimage\"},\"thumbnailUrl\":\"http:\/\/www.wetterauer-landbote.de\/wp-content\/uploads\/2014\/10\/Schmidt.gif\",\"datePublished\":\"2014-10-19T15:58:15+00:00\",\"author\":{\"@id\":\"http:\/\/www.wetterauer-landbote.de\/#\/schema\/person\/fa7509b189bc402f223dd5337ab92ed0\"},\"description\":\"Ver\u00e4rgerte Kunden schlagen beim Bahnstreik verbal \u00fcber die Str\u00e4nge und lassen ihre Wut am Personal aus. Entgleisungen beim Bahn-Streik\",\"breadcrumb\":{\"@id\":\"http:\/\/www.wetterauer-landbote.de\/?p=1529#breadcrumb\"},\"inLanguage\":\"de\",\"potentialAction\":[{\"@type\":\"ReadAction\",\"target\":[\"http:\/\/www.wetterauer-landbote.de\/?p=1529\"]}]},{\"@type\":\"ImageObject\",\"inLanguage\":\"de\",\"@id\":\"http:\/\/www.wetterauer-landbote.de\/?p=1529#primaryimage\",\"url\":\"https:\/\/i0.wp.com\/www.wetterauer-landbote.de\/wp-content\/uploads\/2014\/10\/Schmidt.gif?fit=881%2C960\",\"contentUrl\":\"https:\/\/i0.wp.com\/www.wetterauer-landbote.de\/wp-content\/uploads\/2014\/10\/Schmidt.gif?fit=881%2C960\",\"width\":881,\"height\":960},{\"@type\":\"BreadcrumbList\",\"@id\":\"http:\/\/www.wetterauer-landbote.de\/?p=1529#breadcrumb\",\"itemListElement\":[{\"@type\":\"ListItem\",\"position\":1,\"name\":\"Home\",\"item\":\"http:\/\/www.wetterauer-landbote.de\/\"},{\"@type\":\"ListItem\",\"position\":2,\"name\":\"Entgleisungen beim Bahn-Streik\"}]},{\"@type\":\"WebSite\",\"@id\":\"http:\/\/www.wetterauer-landbote.de\/#website\",\"url\":\"http:\/\/www.wetterauer-landbote.de\/\",\"name\":\"Wetterauer-Landbote\",\"description\":\"\",\"potentialAction\":[{\"@type\":\"SearchAction\",\"target\":{\"@type\":\"EntryPoint\",\"urlTemplate\":\"http:\/\/www.wetterauer-landbote.de\/?s={search_term_string}\"},\"query-input\":{\"@type\":\"PropertyValueSpecification\",\"valueRequired\":true,\"valueName\":\"search_term_string\"}}],\"inLanguage\":\"de\"},{\"@type\":\"Person\",\"@id\":\"http:\/\/www.wetterauer-landbote.de\/#\/schema\/person\/fa7509b189bc402f223dd5337ab92ed0\",\"name\":\"harpo\",\"image\":{\"@type\":\"ImageObject\",\"inLanguage\":\"de\",\"@id\":\"http:\/\/www.wetterauer-landbote.de\/#\/schema\/person\/image\/\",\"url\":\"https:\/\/secure.gravatar.com\/avatar\/198bcecc77c146e5ea8d4540d99560b4b486a090b927ff654b2c125224d88117?s=96&d=mm&r=g\",\"contentUrl\":\"https:\/\/secure.gravatar.com\/avatar\/198bcecc77c146e5ea8d4540d99560b4b486a090b927ff654b2c125224d88117?s=96&d=mm&r=g\",\"caption\":\"harpo\"},\"url\":\"http:\/\/www.wetterauer-landbote.de\/?author=1\"}]}<\/script>\n<!-- \/ Yoast SEO plugin. -->","yoast_head_json":{"title":"Entgleisungen beim Bahn-Streik - Wetterauer-Landbote","description":"Ver\u00e4rgerte Kunden schlagen beim Bahnstreik verbal \u00fcber die Str\u00e4nge und lassen ihre Wut am Personal aus. Entgleisungen beim Bahn-Streik","robots":{"index":"index","follow":"follow","max-snippet":"max-snippet:-1","max-image-preview":"max-image-preview:large","max-video-preview":"max-video-preview:-1"},"canonical":"http:\/\/www.wetterauer-landbote.de\/?p=1529","og_locale":"de_DE","og_type":"article","og_title":"Entgleisungen beim Bahn-Streik - Wetterauer-Landbote","og_description":"Ver\u00e4rgerte Kunden schlagen beim Bahnstreik verbal \u00fcber die Str\u00e4nge und lassen ihre Wut am Personal aus. Entgleisungen beim Bahn-Streik","og_url":"http:\/\/www.wetterauer-landbote.de\/?p=1529","og_site_name":"Wetterauer-Landbote","article_published_time":"2014-10-19T15:58:15+00:00","og_image":[{"url":"http:\/\/www.wetterauer-landbote.de\/wp-content\/uploads\/2014\/10\/Schmidt.gif","type":"","width":"","height":""}],"author":"harpo","twitter_misc":{"Verfasst von":"harpo","Gesch\u00e4tzte Lesezeit":"2\u00a0Minuten"},"schema":{"@context":"https:\/\/schema.org","@graph":[{"@type":"Article","@id":"http:\/\/www.wetterauer-landbote.de\/?p=1529#article","isPartOf":{"@id":"http:\/\/www.wetterauer-landbote.de\/?p=1529"},"author":{"name":"harpo","@id":"http:\/\/www.wetterauer-landbote.de\/#\/schema\/person\/fa7509b189bc402f223dd5337ab92ed0"},"headline":"Entgleisungen beim Bahn-Streik","datePublished":"2014-10-19T15:58:15+00:00","mainEntityOfPage":{"@id":"http:\/\/www.wetterauer-landbote.de\/?p=1529"},"wordCount":304,"commentCount":0,"image":{"@id":"http:\/\/www.wetterauer-landbote.de\/?p=1529#primaryimage"},"thumbnailUrl":"http:\/\/www.wetterauer-landbote.de\/wp-content\/uploads\/2014\/10\/Schmidt.gif","inLanguage":"de","potentialAction":[{"@type":"CommentAction","name":"Comment","target":["http:\/\/www.wetterauer-landbote.de\/?p=1529#respond"]}]},{"@type":"WebPage","@id":"http:\/\/www.wetterauer-landbote.de\/?p=1529","url":"http:\/\/www.wetterauer-landbote.de\/?p=1529","name":"Entgleisungen beim Bahn-Streik - Wetterauer-Landbote","isPartOf":{"@id":"http:\/\/www.wetterauer-landbote.de\/#website"},"primaryImageOfPage":{"@id":"http:\/\/www.wetterauer-landbote.de\/?p=1529#primaryimage"},"image":{"@id":"http:\/\/www.wetterauer-landbote.de\/?p=1529#primaryimage"},"thumbnailUrl":"http:\/\/www.wetterauer-landbote.de\/wp-content\/uploads\/2014\/10\/Schmidt.gif","datePublished":"2014-10-19T15:58:15+00:00","author":{"@id":"http:\/\/www.wetterauer-landbote.de\/#\/schema\/person\/fa7509b189bc402f223dd5337ab92ed0"},"description":"Ver\u00e4rgerte Kunden schlagen beim Bahnstreik verbal \u00fcber die Str\u00e4nge und lassen ihre Wut am Personal aus. Entgleisungen beim Bahn-Streik","breadcrumb":{"@id":"http:\/\/www.wetterauer-landbote.de\/?p=1529#breadcrumb"},"inLanguage":"de","potentialAction":[{"@type":"ReadAction","target":["http:\/\/www.wetterauer-landbote.de\/?p=1529"]}]},{"@type":"ImageObject","inLanguage":"de","@id":"http:\/\/www.wetterauer-landbote.de\/?p=1529#primaryimage","url":"https:\/\/i0.wp.com\/www.wetterauer-landbote.de\/wp-content\/uploads\/2014\/10\/Schmidt.gif?fit=881%2C960","contentUrl":"https:\/\/i0.wp.com\/www.wetterauer-landbote.de\/wp-content\/uploads\/2014\/10\/Schmidt.gif?fit=881%2C960","width":881,"height":960},{"@type":"BreadcrumbList","@id":"http:\/\/www.wetterauer-landbote.de\/?p=1529#breadcrumb","itemListElement":[{"@type":"ListItem","position":1,"name":"Home","item":"http:\/\/www.wetterauer-landbote.de\/"},{"@type":"ListItem","position":2,"name":"Entgleisungen beim Bahn-Streik"}]},{"@type":"WebSite","@id":"http:\/\/www.wetterauer-landbote.de\/#website","url":"http:\/\/www.wetterauer-landbote.de\/","name":"Wetterauer-Landbote","description":"","potentialAction":[{"@type":"SearchAction","target":{"@type":"EntryPoint","urlTemplate":"http:\/\/www.wetterauer-landbote.de\/?s={search_term_string}"},"query-input":{"@type":"PropertyValueSpecification","valueRequired":true,"valueName":"search_term_string"}}],"inLanguage":"de"},{"@type":"Person","@id":"http:\/\/www.wetterauer-landbote.de\/#\/schema\/person\/fa7509b189bc402f223dd5337ab92ed0","name":"harpo","image":{"@type":"ImageObject","inLanguage":"de","@id":"http:\/\/www.wetterauer-landbote.de\/#\/schema\/person\/image\/","url":"https:\/\/secure.gravatar.com\/avatar\/198bcecc77c146e5ea8d4540d99560b4b486a090b927ff654b2c125224d88117?s=96&d=mm&r=g","contentUrl":"https:\/\/secure.gravatar.com\/avatar\/198bcecc77c146e5ea8d4540d99560b4b486a090b927ff654b2c125224d88117?s=96&d=mm&r=g","caption":"harpo"},"url":"http:\/\/www.wetterauer-landbote.de\/?author=1"}]}},"jetpack_featured_media_url":"","jetpack_sharing_enabled":true,"jetpack_likes_enabled":true,"_links":{"self":[{"href":"http:\/\/www.wetterauer-landbote.de\/index.php?rest_route=\/wp\/v2\/posts\/1529","targetHints":{"allow":["GET"]}}],"collection":[{"href":"http:\/\/www.wetterauer-landbote.de\/index.php?rest_route=\/wp\/v2\/posts"}],"about":[{"href":"http:\/\/www.wetterauer-landbote.de\/index.php?rest_route=\/wp\/v2\/types\/post"}],"author":[{"embeddable":true,"href":"http:\/\/www.wetterauer-landbote.de\/index.php?rest_route=\/wp\/v2\/users\/1"}],"replies":[{"embeddable":true,"href":"http:\/\/www.wetterauer-landbote.de\/index.php?rest_route=%2Fwp%2Fv2%2Fcomments&post=1529"}],"version-history":[{"count":1,"href":"http:\/\/www.wetterauer-landbote.de\/index.php?rest_route=\/wp\/v2\/posts\/1529\/revisions"}],"predecessor-version":[{"id":1531,"href":"http:\/\/www.wetterauer-landbote.de\/index.php?rest_route=\/wp\/v2\/posts\/1529\/revisions\/1531"}],"wp:attachment":[{"href":"http:\/\/www.wetterauer-landbote.de\/index.php?rest_route=%2Fwp%2Fv2%2Fmedia&parent=1529"}],"wp:term":[{"taxonomy":"category","embeddable":true,"href":"http:\/\/www.wetterauer-landbote.de\/index.php?rest_route=%2Fwp%2Fv2%2Fcategories&post=1529"},{"taxonomy":"post_tag","embeddable":true,"href":"http:\/\/www.wetterauer-landbote.de\/index.php?rest_route=%2Fwp%2Fv2%2Ftags&post=1529"}],"curies":[{"name":"wp","href":"https:\/\/api.w.org\/{rel}","templated":true}]}}