{"id":1524,"date":"2014-10-18T14:02:00","date_gmt":"2014-10-18T12:02:00","guid":{"rendered":"http:\/\/www.wetterauer-landbote.de\/?p=1524"},"modified":"2014-10-18T14:03:30","modified_gmt":"2014-10-18T12:03:30","slug":"adieu-zivilisation","status":"publish","type":"post","link":"http:\/\/www.wetterauer-landbote.de\/?p=1524","title":{"rendered":"Adieu Zivilisation"},"content":{"rendered":"<h2>Nissens Woche<a href=\"https:\/\/i0.wp.com\/www.wetterauer-landbote.de\/wp-content\/uploads\/2013\/05\/Klaus.jpg\"><img data-recalc-dims=\"1\" loading=\"lazy\" decoding=\"async\" class=\"alignright wp-image-560\" src=\"https:\/\/i0.wp.com\/www.wetterauer-landbote.de\/wp-content\/uploads\/2013\/05\/Klaus.jpg?resize=252%2C239\" alt=\"Klaus\" width=\"252\" height=\"239\" srcset=\"https:\/\/i0.wp.com\/www.wetterauer-landbote.de\/wp-content\/uploads\/2013\/05\/Klaus.jpg?resize=1024%2C968 1024w, https:\/\/i0.wp.com\/www.wetterauer-landbote.de\/wp-content\/uploads\/2013\/05\/Klaus.jpg?resize=300%2C283 300w, https:\/\/i0.wp.com\/www.wetterauer-landbote.de\/wp-content\/uploads\/2013\/05\/Klaus.jpg?resize=317%2C300 317w, https:\/\/i0.wp.com\/www.wetterauer-landbote.de\/wp-content\/uploads\/2013\/05\/Klaus.jpg?w=1168 1168w, https:\/\/i0.wp.com\/www.wetterauer-landbote.de\/wp-content\/uploads\/2013\/05\/Klaus.jpg?w=1752 1752w\" sizes=\"auto, (max-width: 252px) 100vw, 252px\" \/><\/a><\/h2>\n<p>Es hat seinen Reiz, sich eine Zeit lang au\u00dferhalb der menschlichen Gesellschaft zu bewegen. Ich nutze diese Tage zur Erkundung abseitiger Wege. Zuerst ein St\u00fcck des Limes oben auf dem Taunuskamm. Ich hatte das 28er Trekkingrad dazu gew\u00e4hlt und merkte bald, dass ein Mountainbike viel besser geeignet w\u00e4re, durch den Wald auf dem schmalen Grenzwall aus dem Jahr 160 nach Christus \u00fcber die Wurzeln zu hoppeln, zumal es kurz nach dem Start zu regnen begann, die Wurzeln rutschig und die erdigen Partien immer matschiger wurden.<\/p>\n<p><!--more--><\/p>\n<p>&nbsp;<\/p>\n<h3><strong>Adieu Zivilisation<\/strong><\/h3>\n<p>Nicht wirklich spa\u00dfig. Aber: w\u00e4hrend der sechsst\u00fcndigen Regentour stellte sich heraus, dass die Regenklamotten tats\u00e4chlich wasserdicht sind. Und nicht weit vom r\u00f6mischen Kleinkastell Holzheim im Holzheimer Unterwald fand ich eine Kolonie Nebelkappen. Eine reichliche Mahlzeit meiner Lieblingspilze.<\/p>\n<h4><strong>Auf dem Saar-Hunsr\u00fcck-Steig ist wirklich niemand<\/strong><\/h4>\n<p>Seit Donnerstag wandere ich mit Freund Traugott auf dem verregneten Saar-Hunsr\u00fcck-Steig. Da ist wirklich niemand. So einsam ist es, dass wir hinter der Ortschaft Langweiler (gibt es wirklich) direkt am Weg einen kindskopfgro\u00dfen Steinpilz entdeckten. Es gab eine kurze Diskussion, ob wir ihn abpfl\u00fccken oder nicht. Wir haben keine Kochgelegenheit. Wir lassen ihn und die vielen anderen Parasole, R\u00f6hrlinge Nebelkappen und Steinpilze schweren Herzens zur\u00fcck. Die Hundsr\u00fcckgasth\u00f6fe bieten Trost. Der Burgkeller in Bruchweiler bietet Spie\u00dfbraten, der auf offenem Feuer gegrillt wird. Die Legende sagt, dass zur\u00fcckgekehrte Auswanderer aus Brasilien das Grillrezept mitgebracht haben. Und die Alte M\u00fchle in B\u00f6rfink bietet ausschlie\u00dflich Kohlrouladen mit Salzkartoffeln. Die sind alternativlos und schmecken lecker.<\/p>\n<h4><strong>Der Wirt ersetzt Fernsehger\u00e4t und Wlan<\/strong><\/h4>\n<p>Beeindruckend finde ich auch, dass wir im Hunsr\u00fcck bisher noch keine Unterkunft mit Fernsehger\u00e4t im Zimmer entdeckt haben. Das es das in Deutschland noch gibt! Wir wagen gar nicht, nach Wlan-Anschl\u00fcssen zu fragen. Brauchen wir auch nicht, denn s\u00e4mtliche Informationen \u00fcber die Gegend bekommen wir vom Wirt. Er hat Zeit genug zum Schw\u00e4tzen, weil wir die einzigen G\u00e4ste sind. Es ist super hier. Und wenn wir die Wanderstrecke abk\u00fcrzen wollen, gehen wir einfach auf die Gleise der stillgelegten Hunsr\u00fcckbahn, durch den stockdunklen Tunnel und \u00fcber das h\u00f6chste gemauerte eingeschossige Eisenbahnviadukt Europas. Schwer zu sagen, was uns noch erwartet.<\/p>\n","protected":false},"excerpt":{"rendered":"<p>Nissens Woche Es hat seinen Reiz, sich eine Zeit lang au\u00dferhalb der menschlichen Gesellschaft zu bewegen. Ich nutze diese Tage zur Erkundung abseitiger Wege. Zuerst ein St\u00fcck des Limes oben auf dem Taunuskamm. Ich hatte das 28er Trekkingrad dazu gew\u00e4hlt &hellip; <a href=\"http:\/\/www.wetterauer-landbote.de\/?p=1524\">Weiterlesen <span class=\"meta-nav\">&rarr;<\/span><\/a><\/p>\n","protected":false},"author":1,"featured_media":0,"comment_status":"open","ping_status":"open","sticky":false,"template":"","format":"standard","meta":{"_jetpack_memberships_contains_paid_content":false,"footnotes":""},"categories":[1],"tags":[],"class_list":["post-1524","post","type-post","status-publish","format-standard","hentry","category-allgemein"],"yoast_head":"<!-- This site is optimized with the Yoast SEO plugin v27.0 - https:\/\/yoast.com\/product\/yoast-seo-wordpress\/ -->\n<title>Adieu Zivilisation - Wetterauer-Landbote<\/title>\n<meta name=\"description\" content=\"In Nissens Woche erz\u00e4hlt Landbote-Redakteur Klaus Nissen von seiner Wanderung auf dem menschleeren Saar-Hunsr\u00fcck-Steig. Adieu Zivilisation\" \/>\n<meta name=\"robots\" content=\"index, follow, max-snippet:-1, max-image-preview:large, max-video-preview:-1\" \/>\n<link rel=\"canonical\" href=\"http:\/\/www.wetterauer-landbote.de\/?p=1524\" \/>\n<meta property=\"og:locale\" content=\"de_DE\" \/>\n<meta property=\"og:type\" content=\"article\" \/>\n<meta property=\"og:title\" content=\"Adieu Zivilisation - Wetterauer-Landbote\" \/>\n<meta property=\"og:description\" content=\"In Nissens Woche erz\u00e4hlt Landbote-Redakteur Klaus Nissen von seiner Wanderung auf dem menschleeren Saar-Hunsr\u00fcck-Steig. Adieu Zivilisation\" \/>\n<meta property=\"og:url\" content=\"http:\/\/www.wetterauer-landbote.de\/?p=1524\" \/>\n<meta property=\"og:site_name\" content=\"Wetterauer-Landbote\" \/>\n<meta property=\"article:published_time\" content=\"2014-10-18T12:02:00+00:00\" \/>\n<meta property=\"article:modified_time\" content=\"2014-10-18T12:03:30+00:00\" \/>\n<meta property=\"og:image\" content=\"http:\/\/www.wetterauer-landbote.de\/wp-content\/uploads\/2013\/05\/Klaus-1024x968.jpg\" \/>\n<meta name=\"author\" content=\"harpo\" \/>\n<meta name=\"twitter:label1\" content=\"Verfasst von\" \/>\n\t<meta name=\"twitter:data1\" content=\"harpo\" \/>\n\t<meta name=\"twitter:label2\" content=\"Gesch\u00e4tzte Lesezeit\" \/>\n\t<meta name=\"twitter:data2\" content=\"2\u00a0Minuten\" \/>\n<script type=\"application\/ld+json\" class=\"yoast-schema-graph\">{\"@context\":\"https:\/\/schema.org\",\"@graph\":[{\"@type\":\"Article\",\"@id\":\"http:\/\/www.wetterauer-landbote.de\/?p=1524#article\",\"isPartOf\":{\"@id\":\"http:\/\/www.wetterauer-landbote.de\/?p=1524\"},\"author\":{\"name\":\"harpo\",\"@id\":\"http:\/\/www.wetterauer-landbote.de\/#\/schema\/person\/fa7509b189bc402f223dd5337ab92ed0\"},\"headline\":\"Adieu Zivilisation\",\"datePublished\":\"2014-10-18T12:02:00+00:00\",\"dateModified\":\"2014-10-18T12:03:30+00:00\",\"mainEntityOfPage\":{\"@id\":\"http:\/\/www.wetterauer-landbote.de\/?p=1524\"},\"wordCount\":380,\"commentCount\":0,\"image\":{\"@id\":\"http:\/\/www.wetterauer-landbote.de\/?p=1524#primaryimage\"},\"thumbnailUrl\":\"http:\/\/www.wetterauer-landbote.de\/wp-content\/uploads\/2013\/05\/Klaus-1024x968.jpg\",\"inLanguage\":\"de\",\"potentialAction\":[{\"@type\":\"CommentAction\",\"name\":\"Comment\",\"target\":[\"http:\/\/www.wetterauer-landbote.de\/?p=1524#respond\"]}]},{\"@type\":\"WebPage\",\"@id\":\"http:\/\/www.wetterauer-landbote.de\/?p=1524\",\"url\":\"http:\/\/www.wetterauer-landbote.de\/?p=1524\",\"name\":\"Adieu Zivilisation - Wetterauer-Landbote\",\"isPartOf\":{\"@id\":\"http:\/\/www.wetterauer-landbote.de\/#website\"},\"primaryImageOfPage\":{\"@id\":\"http:\/\/www.wetterauer-landbote.de\/?p=1524#primaryimage\"},\"image\":{\"@id\":\"http:\/\/www.wetterauer-landbote.de\/?p=1524#primaryimage\"},\"thumbnailUrl\":\"http:\/\/www.wetterauer-landbote.de\/wp-content\/uploads\/2013\/05\/Klaus-1024x968.jpg\",\"datePublished\":\"2014-10-18T12:02:00+00:00\",\"dateModified\":\"2014-10-18T12:03:30+00:00\",\"author\":{\"@id\":\"http:\/\/www.wetterauer-landbote.de\/#\/schema\/person\/fa7509b189bc402f223dd5337ab92ed0\"},\"description\":\"In Nissens Woche erz\u00e4hlt Landbote-Redakteur Klaus Nissen von seiner Wanderung auf dem menschleeren Saar-Hunsr\u00fcck-Steig. Adieu Zivilisation\",\"breadcrumb\":{\"@id\":\"http:\/\/www.wetterauer-landbote.de\/?p=1524#breadcrumb\"},\"inLanguage\":\"de\",\"potentialAction\":[{\"@type\":\"ReadAction\",\"target\":[\"http:\/\/www.wetterauer-landbote.de\/?p=1524\"]}]},{\"@type\":\"ImageObject\",\"inLanguage\":\"de\",\"@id\":\"http:\/\/www.wetterauer-landbote.de\/?p=1524#primaryimage\",\"url\":\"https:\/\/i0.wp.com\/www.wetterauer-landbote.de\/wp-content\/uploads\/2013\/05\/Klaus.jpg?fit=3960%2C3744\",\"contentUrl\":\"https:\/\/i0.wp.com\/www.wetterauer-landbote.de\/wp-content\/uploads\/2013\/05\/Klaus.jpg?fit=3960%2C3744\",\"width\":3960,\"height\":3744},{\"@type\":\"BreadcrumbList\",\"@id\":\"http:\/\/www.wetterauer-landbote.de\/?p=1524#breadcrumb\",\"itemListElement\":[{\"@type\":\"ListItem\",\"position\":1,\"name\":\"Home\",\"item\":\"http:\/\/www.wetterauer-landbote.de\/\"},{\"@type\":\"ListItem\",\"position\":2,\"name\":\"Adieu Zivilisation\"}]},{\"@type\":\"WebSite\",\"@id\":\"http:\/\/www.wetterauer-landbote.de\/#website\",\"url\":\"http:\/\/www.wetterauer-landbote.de\/\",\"name\":\"Wetterauer-Landbote\",\"description\":\"\",\"potentialAction\":[{\"@type\":\"SearchAction\",\"target\":{\"@type\":\"EntryPoint\",\"urlTemplate\":\"http:\/\/www.wetterauer-landbote.de\/?s={search_term_string}\"},\"query-input\":{\"@type\":\"PropertyValueSpecification\",\"valueRequired\":true,\"valueName\":\"search_term_string\"}}],\"inLanguage\":\"de\"},{\"@type\":\"Person\",\"@id\":\"http:\/\/www.wetterauer-landbote.de\/#\/schema\/person\/fa7509b189bc402f223dd5337ab92ed0\",\"name\":\"harpo\",\"image\":{\"@type\":\"ImageObject\",\"inLanguage\":\"de\",\"@id\":\"http:\/\/www.wetterauer-landbote.de\/#\/schema\/person\/image\/\",\"url\":\"https:\/\/secure.gravatar.com\/avatar\/198bcecc77c146e5ea8d4540d99560b4b486a090b927ff654b2c125224d88117?s=96&d=mm&r=g\",\"contentUrl\":\"https:\/\/secure.gravatar.com\/avatar\/198bcecc77c146e5ea8d4540d99560b4b486a090b927ff654b2c125224d88117?s=96&d=mm&r=g\",\"caption\":\"harpo\"},\"url\":\"http:\/\/www.wetterauer-landbote.de\/?author=1\"}]}<\/script>\n<!-- \/ Yoast SEO plugin. -->","yoast_head_json":{"title":"Adieu Zivilisation - Wetterauer-Landbote","description":"In Nissens Woche erz\u00e4hlt Landbote-Redakteur Klaus Nissen von seiner Wanderung auf dem menschleeren Saar-Hunsr\u00fcck-Steig. Adieu Zivilisation","robots":{"index":"index","follow":"follow","max-snippet":"max-snippet:-1","max-image-preview":"max-image-preview:large","max-video-preview":"max-video-preview:-1"},"canonical":"http:\/\/www.wetterauer-landbote.de\/?p=1524","og_locale":"de_DE","og_type":"article","og_title":"Adieu Zivilisation - Wetterauer-Landbote","og_description":"In Nissens Woche erz\u00e4hlt Landbote-Redakteur Klaus Nissen von seiner Wanderung auf dem menschleeren Saar-Hunsr\u00fcck-Steig. Adieu Zivilisation","og_url":"http:\/\/www.wetterauer-landbote.de\/?p=1524","og_site_name":"Wetterauer-Landbote","article_published_time":"2014-10-18T12:02:00+00:00","article_modified_time":"2014-10-18T12:03:30+00:00","og_image":[{"url":"http:\/\/www.wetterauer-landbote.de\/wp-content\/uploads\/2013\/05\/Klaus-1024x968.jpg","type":"","width":"","height":""}],"author":"harpo","twitter_misc":{"Verfasst von":"harpo","Gesch\u00e4tzte Lesezeit":"2\u00a0Minuten"},"schema":{"@context":"https:\/\/schema.org","@graph":[{"@type":"Article","@id":"http:\/\/www.wetterauer-landbote.de\/?p=1524#article","isPartOf":{"@id":"http:\/\/www.wetterauer-landbote.de\/?p=1524"},"author":{"name":"harpo","@id":"http:\/\/www.wetterauer-landbote.de\/#\/schema\/person\/fa7509b189bc402f223dd5337ab92ed0"},"headline":"Adieu Zivilisation","datePublished":"2014-10-18T12:02:00+00:00","dateModified":"2014-10-18T12:03:30+00:00","mainEntityOfPage":{"@id":"http:\/\/www.wetterauer-landbote.de\/?p=1524"},"wordCount":380,"commentCount":0,"image":{"@id":"http:\/\/www.wetterauer-landbote.de\/?p=1524#primaryimage"},"thumbnailUrl":"http:\/\/www.wetterauer-landbote.de\/wp-content\/uploads\/2013\/05\/Klaus-1024x968.jpg","inLanguage":"de","potentialAction":[{"@type":"CommentAction","name":"Comment","target":["http:\/\/www.wetterauer-landbote.de\/?p=1524#respond"]}]},{"@type":"WebPage","@id":"http:\/\/www.wetterauer-landbote.de\/?p=1524","url":"http:\/\/www.wetterauer-landbote.de\/?p=1524","name":"Adieu Zivilisation - Wetterauer-Landbote","isPartOf":{"@id":"http:\/\/www.wetterauer-landbote.de\/#website"},"primaryImageOfPage":{"@id":"http:\/\/www.wetterauer-landbote.de\/?p=1524#primaryimage"},"image":{"@id":"http:\/\/www.wetterauer-landbote.de\/?p=1524#primaryimage"},"thumbnailUrl":"http:\/\/www.wetterauer-landbote.de\/wp-content\/uploads\/2013\/05\/Klaus-1024x968.jpg","datePublished":"2014-10-18T12:02:00+00:00","dateModified":"2014-10-18T12:03:30+00:00","author":{"@id":"http:\/\/www.wetterauer-landbote.de\/#\/schema\/person\/fa7509b189bc402f223dd5337ab92ed0"},"description":"In Nissens Woche erz\u00e4hlt Landbote-Redakteur Klaus Nissen von seiner Wanderung auf dem menschleeren Saar-Hunsr\u00fcck-Steig. Adieu Zivilisation","breadcrumb":{"@id":"http:\/\/www.wetterauer-landbote.de\/?p=1524#breadcrumb"},"inLanguage":"de","potentialAction":[{"@type":"ReadAction","target":["http:\/\/www.wetterauer-landbote.de\/?p=1524"]}]},{"@type":"ImageObject","inLanguage":"de","@id":"http:\/\/www.wetterauer-landbote.de\/?p=1524#primaryimage","url":"https:\/\/i0.wp.com\/www.wetterauer-landbote.de\/wp-content\/uploads\/2013\/05\/Klaus.jpg?fit=3960%2C3744","contentUrl":"https:\/\/i0.wp.com\/www.wetterauer-landbote.de\/wp-content\/uploads\/2013\/05\/Klaus.jpg?fit=3960%2C3744","width":3960,"height":3744},{"@type":"BreadcrumbList","@id":"http:\/\/www.wetterauer-landbote.de\/?p=1524#breadcrumb","itemListElement":[{"@type":"ListItem","position":1,"name":"Home","item":"http:\/\/www.wetterauer-landbote.de\/"},{"@type":"ListItem","position":2,"name":"Adieu Zivilisation"}]},{"@type":"WebSite","@id":"http:\/\/www.wetterauer-landbote.de\/#website","url":"http:\/\/www.wetterauer-landbote.de\/","name":"Wetterauer-Landbote","description":"","potentialAction":[{"@type":"SearchAction","target":{"@type":"EntryPoint","urlTemplate":"http:\/\/www.wetterauer-landbote.de\/?s={search_term_string}"},"query-input":{"@type":"PropertyValueSpecification","valueRequired":true,"valueName":"search_term_string"}}],"inLanguage":"de"},{"@type":"Person","@id":"http:\/\/www.wetterauer-landbote.de\/#\/schema\/person\/fa7509b189bc402f223dd5337ab92ed0","name":"harpo","image":{"@type":"ImageObject","inLanguage":"de","@id":"http:\/\/www.wetterauer-landbote.de\/#\/schema\/person\/image\/","url":"https:\/\/secure.gravatar.com\/avatar\/198bcecc77c146e5ea8d4540d99560b4b486a090b927ff654b2c125224d88117?s=96&d=mm&r=g","contentUrl":"https:\/\/secure.gravatar.com\/avatar\/198bcecc77c146e5ea8d4540d99560b4b486a090b927ff654b2c125224d88117?s=96&d=mm&r=g","caption":"harpo"},"url":"http:\/\/www.wetterauer-landbote.de\/?author=1"}]}},"jetpack_featured_media_url":"","jetpack_sharing_enabled":true,"jetpack_likes_enabled":true,"_links":{"self":[{"href":"http:\/\/www.wetterauer-landbote.de\/index.php?rest_route=\/wp\/v2\/posts\/1524","targetHints":{"allow":["GET"]}}],"collection":[{"href":"http:\/\/www.wetterauer-landbote.de\/index.php?rest_route=\/wp\/v2\/posts"}],"about":[{"href":"http:\/\/www.wetterauer-landbote.de\/index.php?rest_route=\/wp\/v2\/types\/post"}],"author":[{"embeddable":true,"href":"http:\/\/www.wetterauer-landbote.de\/index.php?rest_route=\/wp\/v2\/users\/1"}],"replies":[{"embeddable":true,"href":"http:\/\/www.wetterauer-landbote.de\/index.php?rest_route=%2Fwp%2Fv2%2Fcomments&post=1524"}],"version-history":[{"count":3,"href":"http:\/\/www.wetterauer-landbote.de\/index.php?rest_route=\/wp\/v2\/posts\/1524\/revisions"}],"predecessor-version":[{"id":1527,"href":"http:\/\/www.wetterauer-landbote.de\/index.php?rest_route=\/wp\/v2\/posts\/1524\/revisions\/1527"}],"wp:attachment":[{"href":"http:\/\/www.wetterauer-landbote.de\/index.php?rest_route=%2Fwp%2Fv2%2Fmedia&parent=1524"}],"wp:term":[{"taxonomy":"category","embeddable":true,"href":"http:\/\/www.wetterauer-landbote.de\/index.php?rest_route=%2Fwp%2Fv2%2Fcategories&post=1524"},{"taxonomy":"post_tag","embeddable":true,"href":"http:\/\/www.wetterauer-landbote.de\/index.php?rest_route=%2Fwp%2Fv2%2Ftags&post=1524"}],"curies":[{"name":"wp","href":"https:\/\/api.w.org\/{rel}","templated":true}]}}