{"id":1498,"date":"2014-10-14T11:17:18","date_gmt":"2014-10-14T09:17:18","guid":{"rendered":"http:\/\/www.wetterauer-landbote.de\/?p=1498"},"modified":"2014-10-14T11:17:18","modified_gmt":"2014-10-14T09:17:18","slug":"geschichte-der-frauen-im-dgb","status":"publish","type":"post","link":"http:\/\/www.wetterauer-landbote.de\/?p=1498","title":{"rendered":"Geschichte der Frauen im DGB"},"content":{"rendered":"<h2>Verdiente DGB-Frauen melden sich am 4. November zu Wort<\/h2>\n<p><strong>Von Corinna Willf\u00fchr<a href=\"https:\/\/i0.wp.com\/www.wetterauer-landbote.de\/wp-content\/uploads\/2014\/10\/plogstedt.gif\"><img data-recalc-dims=\"1\" loading=\"lazy\" decoding=\"async\" class=\"alignright  wp-image-1499\" src=\"https:\/\/i0.wp.com\/www.wetterauer-landbote.de\/wp-content\/uploads\/2014\/10\/plogstedt.gif?resize=220%2C308\" alt=\"plogstedt\" width=\"220\" height=\"308\" \/><\/a><\/strong><\/p>\n<p>65 Jahre DGB &#8211; und nie eine Frau an der Spitze der gr\u00f6\u00dften bundesdeutschen Arbeitnehmervertretung. Wie aktiv DGB-Frauen trotzdem oder gerade deshalb waren, ist in dem Buch \u201eWir haben Geschichte geschrieben \u2013 Zur Arbeit der DGB-Frauen 1945 bis 1990\u201c nachzulesen. Die Autorin des Buches Sibylle Plogstedt diskutiert am\u00a0 Dienstag, 4. November 2014, um 19.30 Uhr in der Stadtb\u00fccherei Frankfurt, Hasengasse 4, mit ehemals f\u00fchrenden Gewerkschafterinnen \u00fcber die Rolle der Frauen im DGB.<\/p>\n<p><!--more--><\/p>\n<h3><strong>Geschichte der Frauen im DGB<\/strong><\/h3>\n<p>Als vom 12. Bis 14. Oktober 1949 in M\u00fcnchen der Gr\u00fcndungskongress des Deutschen Gewerkschaftsbundes stattfand, w\u00e4hlten die Teilnehmer des Kongresses Hans B\u00f6ckler zu ihrem Vorsitzenden. Nach seinem Tod im Februar 1951 benannten die Delegierten Christian Fette auf einem au\u00dferordentlichen Kongress zu dessen Nachfolger. Auf Fette folgten von Walter Freitag (1952-1956) bis zu Rainer Hoffmann (seit Mai 2014) acht M\u00e4nner als Vorsitzende der gr\u00f6\u00dften Arbeitnehmervertretungen der Bundesrepublik, unter deren Dach sich die IG Bauen-Agrar-Umwelt (IG BAU) ebenso befindet wie die IG Metall, die IG Bergbau, Chemie, Energie oder die Vereinte Dienstleistungsgewerkschaft (Ver.di).<\/p>\n<h4><strong>&#8222;Wir haben Geschichte geschrieben&#8220;<\/strong><\/h4>\n<p>65 Jahre Geschichte \u2013 und in keinem Jahrzehnt eine Frau an der Spitze der gr\u00f6\u00dften bundesdeutschen Arbeitnehmervertretung, die unter anderem mit dem Slogan \u201eGleicher Lohn f\u00fcr gleiche Arbeit\u201c wirbt. \u00a0Wie aktiv DGB-Frauen trotzdem oder gerade deshalb waren, ist jetzt in dem Buch \u201eWir haben Geschichte geschrieben \u2013 Zur Arbeit der DGB-Frauen 1945 bis 1990\u201c nachzulesen. Oder in der Diskussion mit der Autorin Sibylle Plogstedt und mit Gewerkschaftsvertreterinnen zu erleben.<\/p>\n<p>In einer Veranstaltung der Heinrich-B\u00f6ll-Stiftung und des DGB legt die Publizistin, Journalistin und Filmemacherin Sibylle Plogstedt am Dienstag, 4. November, ab 19.30 Uhr in der Stadtb\u00fccherei Frankfurt, Hasengasse 4, ihre Geschichte der Frauen im Deutschen Gewerkschaftsbund in diesem Zeitraum dar. Sie ist \u201ezugleich eine Sozialgeschichte der Frauen in der Bundesrepublik und ihrer K\u00e4mpfe um Gleichberechtigung\u201c, so Plogstedt auf ihrer Homepage.\u00a0 Die Jahre zwischen 1945 und 1990 waren unter anderem gepr\u00e4gt von der Forderung nach gleichem Lohn, insbesondere in den 70ern auch um den Paragraphen 218 und die Diskussionen um mehr Frauen in F\u00fchrungspositionen \u2013 auch im DGB.<\/p>\n<p>In der von der Sozialwissenschaftlerin Mechtild Veil (Heinrich-B\u00f6ll-Stiftung) moderierten Veranstaltung diskutieren mit Plogstedt, Irmgard Meyer, Jahrgang 1945, (von 1991-2005 im IG-Bau-Vorstand \u2013 und nach 120 Jahren IG Bau (zuvor IG Bau Steine Erden)\u2013 die erste Vorstandsvorsitzende, Britta Naumann, Jahrgang 1936, (heute Arnold), von 1983 bis 1997 stellvertretende Vorsitzende der Gewerkschaft Erziehung und Wissenschaft (GEW) sowie ehemals Professorin und Vizepr\u00e4sidentin an der Fachhochschule Frankfurt.<\/p>\n<p>Und wie sah die Zeit der Gewerkschafts-Frauen nach 1990 aus? BesucherInnen der Veranstaltung am 4. November werden sicher nachfragen. Der Folgeband zu \u201eWir haben Geschichte geschrieben\u201c zur Publikation in diesem Herbst vorgesehen, wird allerdings erst im n\u00e4chsten Jahr erscheinen. Der Titel \u201eMit vereinten Kr\u00e4ften \u2013 Zur Gleichstellungsarbeit der DGB-Frauen 1990-2010.\u201c Voraussichtliches Erscheinungsdatum: M\u00e4rz 2015. Wird sicherlich auf gro\u00dfes Interesse treffen \u2013 zumal, wenn Vertreterinnen der aktuell in der Gewerkschaftsarbeit aktive Kolleginnen zu einer Podiumsdiskussion eingeladen werden.<\/p>\n","protected":false},"excerpt":{"rendered":"<p>Verdiente DGB-Frauen melden sich am 4. November zu Wort Von Corinna Willf\u00fchr 65 Jahre DGB &#8211; und nie eine Frau an der Spitze der gr\u00f6\u00dften bundesdeutschen Arbeitnehmervertretung. Wie aktiv DGB-Frauen trotzdem oder gerade deshalb waren, ist in dem Buch \u201eWir &hellip; <a href=\"http:\/\/www.wetterauer-landbote.de\/?p=1498\">Weiterlesen <span class=\"meta-nav\">&rarr;<\/span><\/a><\/p>\n","protected":false},"author":1,"featured_media":0,"comment_status":"open","ping_status":"open","sticky":false,"template":"","format":"standard","meta":{"_jetpack_memberships_contains_paid_content":false,"footnotes":""},"categories":[1],"tags":[],"class_list":["post-1498","post","type-post","status-publish","format-standard","hentry","category-allgemein"],"yoast_head":"<!-- This site is optimized with the Yoast SEO plugin v27.0 - https:\/\/yoast.com\/product\/yoast-seo-wordpress\/ -->\n<title>Geschichte der Frauen im DGB - Wetterauer-Landbote<\/title>\n<meta name=\"description\" content=\"65 Jahre DGB - und nie eine Frau an der Spitze der gr\u00f6\u00dften bundesdeutschen Arbeitnehmervertretung. Diskussion zur Geschichte der Frauen im DGB.\" \/>\n<meta name=\"robots\" content=\"index, follow, max-snippet:-1, max-image-preview:large, max-video-preview:-1\" \/>\n<link rel=\"canonical\" href=\"http:\/\/www.wetterauer-landbote.de\/?p=1498\" \/>\n<meta property=\"og:locale\" content=\"de_DE\" \/>\n<meta property=\"og:type\" content=\"article\" \/>\n<meta property=\"og:title\" content=\"Geschichte der Frauen im DGB - Wetterauer-Landbote\" \/>\n<meta property=\"og:description\" content=\"65 Jahre DGB - und nie eine Frau an der Spitze der gr\u00f6\u00dften bundesdeutschen Arbeitnehmervertretung. Diskussion zur Geschichte der Frauen im DGB.\" \/>\n<meta property=\"og:url\" content=\"http:\/\/www.wetterauer-landbote.de\/?p=1498\" \/>\n<meta property=\"og:site_name\" content=\"Wetterauer-Landbote\" \/>\n<meta property=\"article:published_time\" content=\"2014-10-14T09:17:18+00:00\" \/>\n<meta property=\"og:image\" content=\"http:\/\/www.wetterauer-landbote.de\/wp-content\/uploads\/2014\/10\/plogstedt.gif\" \/>\n<meta name=\"author\" content=\"harpo\" \/>\n<meta name=\"twitter:label1\" content=\"Verfasst von\" \/>\n\t<meta name=\"twitter:data1\" content=\"harpo\" \/>\n\t<meta name=\"twitter:label2\" content=\"Gesch\u00e4tzte Lesezeit\" \/>\n\t<meta name=\"twitter:data2\" content=\"2\u00a0Minuten\" \/>\n<script type=\"application\/ld+json\" class=\"yoast-schema-graph\">{\"@context\":\"https:\/\/schema.org\",\"@graph\":[{\"@type\":\"Article\",\"@id\":\"http:\/\/www.wetterauer-landbote.de\/?p=1498#article\",\"isPartOf\":{\"@id\":\"http:\/\/www.wetterauer-landbote.de\/?p=1498\"},\"author\":{\"name\":\"harpo\",\"@id\":\"http:\/\/www.wetterauer-landbote.de\/#\/schema\/person\/fa7509b189bc402f223dd5337ab92ed0\"},\"headline\":\"Geschichte der Frauen im DGB\",\"datePublished\":\"2014-10-14T09:17:18+00:00\",\"mainEntityOfPage\":{\"@id\":\"http:\/\/www.wetterauer-landbote.de\/?p=1498\"},\"wordCount\":482,\"commentCount\":0,\"image\":{\"@id\":\"http:\/\/www.wetterauer-landbote.de\/?p=1498#primaryimage\"},\"thumbnailUrl\":\"http:\/\/www.wetterauer-landbote.de\/wp-content\/uploads\/2014\/10\/plogstedt.gif\",\"inLanguage\":\"de\",\"potentialAction\":[{\"@type\":\"CommentAction\",\"name\":\"Comment\",\"target\":[\"http:\/\/www.wetterauer-landbote.de\/?p=1498#respond\"]}]},{\"@type\":\"WebPage\",\"@id\":\"http:\/\/www.wetterauer-landbote.de\/?p=1498\",\"url\":\"http:\/\/www.wetterauer-landbote.de\/?p=1498\",\"name\":\"Geschichte der Frauen im DGB - Wetterauer-Landbote\",\"isPartOf\":{\"@id\":\"http:\/\/www.wetterauer-landbote.de\/#website\"},\"primaryImageOfPage\":{\"@id\":\"http:\/\/www.wetterauer-landbote.de\/?p=1498#primaryimage\"},\"image\":{\"@id\":\"http:\/\/www.wetterauer-landbote.de\/?p=1498#primaryimage\"},\"thumbnailUrl\":\"http:\/\/www.wetterauer-landbote.de\/wp-content\/uploads\/2014\/10\/plogstedt.gif\",\"datePublished\":\"2014-10-14T09:17:18+00:00\",\"author\":{\"@id\":\"http:\/\/www.wetterauer-landbote.de\/#\/schema\/person\/fa7509b189bc402f223dd5337ab92ed0\"},\"description\":\"65 Jahre DGB - und nie eine Frau an der Spitze der gr\u00f6\u00dften bundesdeutschen Arbeitnehmervertretung. Diskussion zur Geschichte der Frauen im DGB.\",\"breadcrumb\":{\"@id\":\"http:\/\/www.wetterauer-landbote.de\/?p=1498#breadcrumb\"},\"inLanguage\":\"de\",\"potentialAction\":[{\"@type\":\"ReadAction\",\"target\":[\"http:\/\/www.wetterauer-landbote.de\/?p=1498\"]}]},{\"@type\":\"ImageObject\",\"inLanguage\":\"de\",\"@id\":\"http:\/\/www.wetterauer-landbote.de\/?p=1498#primaryimage\",\"url\":\"https:\/\/i0.wp.com\/www.wetterauer-landbote.de\/wp-content\/uploads\/2014\/10\/plogstedt.gif?fit=467%2C666\",\"contentUrl\":\"https:\/\/i0.wp.com\/www.wetterauer-landbote.de\/wp-content\/uploads\/2014\/10\/plogstedt.gif?fit=467%2C666\",\"width\":467,\"height\":666},{\"@type\":\"BreadcrumbList\",\"@id\":\"http:\/\/www.wetterauer-landbote.de\/?p=1498#breadcrumb\",\"itemListElement\":[{\"@type\":\"ListItem\",\"position\":1,\"name\":\"Home\",\"item\":\"http:\/\/www.wetterauer-landbote.de\/\"},{\"@type\":\"ListItem\",\"position\":2,\"name\":\"Geschichte der Frauen im DGB\"}]},{\"@type\":\"WebSite\",\"@id\":\"http:\/\/www.wetterauer-landbote.de\/#website\",\"url\":\"http:\/\/www.wetterauer-landbote.de\/\",\"name\":\"Wetterauer-Landbote\",\"description\":\"\",\"potentialAction\":[{\"@type\":\"SearchAction\",\"target\":{\"@type\":\"EntryPoint\",\"urlTemplate\":\"http:\/\/www.wetterauer-landbote.de\/?s={search_term_string}\"},\"query-input\":{\"@type\":\"PropertyValueSpecification\",\"valueRequired\":true,\"valueName\":\"search_term_string\"}}],\"inLanguage\":\"de\"},{\"@type\":\"Person\",\"@id\":\"http:\/\/www.wetterauer-landbote.de\/#\/schema\/person\/fa7509b189bc402f223dd5337ab92ed0\",\"name\":\"harpo\",\"image\":{\"@type\":\"ImageObject\",\"inLanguage\":\"de\",\"@id\":\"http:\/\/www.wetterauer-landbote.de\/#\/schema\/person\/image\/\",\"url\":\"https:\/\/secure.gravatar.com\/avatar\/198bcecc77c146e5ea8d4540d99560b4b486a090b927ff654b2c125224d88117?s=96&d=mm&r=g\",\"contentUrl\":\"https:\/\/secure.gravatar.com\/avatar\/198bcecc77c146e5ea8d4540d99560b4b486a090b927ff654b2c125224d88117?s=96&d=mm&r=g\",\"caption\":\"harpo\"},\"url\":\"http:\/\/www.wetterauer-landbote.de\/?author=1\"}]}<\/script>\n<!-- \/ Yoast SEO plugin. -->","yoast_head_json":{"title":"Geschichte der Frauen im DGB - Wetterauer-Landbote","description":"65 Jahre DGB - und nie eine Frau an der Spitze der gr\u00f6\u00dften bundesdeutschen Arbeitnehmervertretung. Diskussion zur Geschichte der Frauen im DGB.","robots":{"index":"index","follow":"follow","max-snippet":"max-snippet:-1","max-image-preview":"max-image-preview:large","max-video-preview":"max-video-preview:-1"},"canonical":"http:\/\/www.wetterauer-landbote.de\/?p=1498","og_locale":"de_DE","og_type":"article","og_title":"Geschichte der Frauen im DGB - Wetterauer-Landbote","og_description":"65 Jahre DGB - und nie eine Frau an der Spitze der gr\u00f6\u00dften bundesdeutschen Arbeitnehmervertretung. Diskussion zur Geschichte der Frauen im DGB.","og_url":"http:\/\/www.wetterauer-landbote.de\/?p=1498","og_site_name":"Wetterauer-Landbote","article_published_time":"2014-10-14T09:17:18+00:00","og_image":[{"url":"http:\/\/www.wetterauer-landbote.de\/wp-content\/uploads\/2014\/10\/plogstedt.gif","type":"","width":"","height":""}],"author":"harpo","twitter_misc":{"Verfasst von":"harpo","Gesch\u00e4tzte Lesezeit":"2\u00a0Minuten"},"schema":{"@context":"https:\/\/schema.org","@graph":[{"@type":"Article","@id":"http:\/\/www.wetterauer-landbote.de\/?p=1498#article","isPartOf":{"@id":"http:\/\/www.wetterauer-landbote.de\/?p=1498"},"author":{"name":"harpo","@id":"http:\/\/www.wetterauer-landbote.de\/#\/schema\/person\/fa7509b189bc402f223dd5337ab92ed0"},"headline":"Geschichte der Frauen im DGB","datePublished":"2014-10-14T09:17:18+00:00","mainEntityOfPage":{"@id":"http:\/\/www.wetterauer-landbote.de\/?p=1498"},"wordCount":482,"commentCount":0,"image":{"@id":"http:\/\/www.wetterauer-landbote.de\/?p=1498#primaryimage"},"thumbnailUrl":"http:\/\/www.wetterauer-landbote.de\/wp-content\/uploads\/2014\/10\/plogstedt.gif","inLanguage":"de","potentialAction":[{"@type":"CommentAction","name":"Comment","target":["http:\/\/www.wetterauer-landbote.de\/?p=1498#respond"]}]},{"@type":"WebPage","@id":"http:\/\/www.wetterauer-landbote.de\/?p=1498","url":"http:\/\/www.wetterauer-landbote.de\/?p=1498","name":"Geschichte der Frauen im DGB - Wetterauer-Landbote","isPartOf":{"@id":"http:\/\/www.wetterauer-landbote.de\/#website"},"primaryImageOfPage":{"@id":"http:\/\/www.wetterauer-landbote.de\/?p=1498#primaryimage"},"image":{"@id":"http:\/\/www.wetterauer-landbote.de\/?p=1498#primaryimage"},"thumbnailUrl":"http:\/\/www.wetterauer-landbote.de\/wp-content\/uploads\/2014\/10\/plogstedt.gif","datePublished":"2014-10-14T09:17:18+00:00","author":{"@id":"http:\/\/www.wetterauer-landbote.de\/#\/schema\/person\/fa7509b189bc402f223dd5337ab92ed0"},"description":"65 Jahre DGB - und nie eine Frau an der Spitze der gr\u00f6\u00dften bundesdeutschen Arbeitnehmervertretung. Diskussion zur Geschichte der Frauen im DGB.","breadcrumb":{"@id":"http:\/\/www.wetterauer-landbote.de\/?p=1498#breadcrumb"},"inLanguage":"de","potentialAction":[{"@type":"ReadAction","target":["http:\/\/www.wetterauer-landbote.de\/?p=1498"]}]},{"@type":"ImageObject","inLanguage":"de","@id":"http:\/\/www.wetterauer-landbote.de\/?p=1498#primaryimage","url":"https:\/\/i0.wp.com\/www.wetterauer-landbote.de\/wp-content\/uploads\/2014\/10\/plogstedt.gif?fit=467%2C666","contentUrl":"https:\/\/i0.wp.com\/www.wetterauer-landbote.de\/wp-content\/uploads\/2014\/10\/plogstedt.gif?fit=467%2C666","width":467,"height":666},{"@type":"BreadcrumbList","@id":"http:\/\/www.wetterauer-landbote.de\/?p=1498#breadcrumb","itemListElement":[{"@type":"ListItem","position":1,"name":"Home","item":"http:\/\/www.wetterauer-landbote.de\/"},{"@type":"ListItem","position":2,"name":"Geschichte der Frauen im DGB"}]},{"@type":"WebSite","@id":"http:\/\/www.wetterauer-landbote.de\/#website","url":"http:\/\/www.wetterauer-landbote.de\/","name":"Wetterauer-Landbote","description":"","potentialAction":[{"@type":"SearchAction","target":{"@type":"EntryPoint","urlTemplate":"http:\/\/www.wetterauer-landbote.de\/?s={search_term_string}"},"query-input":{"@type":"PropertyValueSpecification","valueRequired":true,"valueName":"search_term_string"}}],"inLanguage":"de"},{"@type":"Person","@id":"http:\/\/www.wetterauer-landbote.de\/#\/schema\/person\/fa7509b189bc402f223dd5337ab92ed0","name":"harpo","image":{"@type":"ImageObject","inLanguage":"de","@id":"http:\/\/www.wetterauer-landbote.de\/#\/schema\/person\/image\/","url":"https:\/\/secure.gravatar.com\/avatar\/198bcecc77c146e5ea8d4540d99560b4b486a090b927ff654b2c125224d88117?s=96&d=mm&r=g","contentUrl":"https:\/\/secure.gravatar.com\/avatar\/198bcecc77c146e5ea8d4540d99560b4b486a090b927ff654b2c125224d88117?s=96&d=mm&r=g","caption":"harpo"},"url":"http:\/\/www.wetterauer-landbote.de\/?author=1"}]}},"jetpack_featured_media_url":"","jetpack_sharing_enabled":true,"jetpack_likes_enabled":true,"_links":{"self":[{"href":"http:\/\/www.wetterauer-landbote.de\/index.php?rest_route=\/wp\/v2\/posts\/1498","targetHints":{"allow":["GET"]}}],"collection":[{"href":"http:\/\/www.wetterauer-landbote.de\/index.php?rest_route=\/wp\/v2\/posts"}],"about":[{"href":"http:\/\/www.wetterauer-landbote.de\/index.php?rest_route=\/wp\/v2\/types\/post"}],"author":[{"embeddable":true,"href":"http:\/\/www.wetterauer-landbote.de\/index.php?rest_route=\/wp\/v2\/users\/1"}],"replies":[{"embeddable":true,"href":"http:\/\/www.wetterauer-landbote.de\/index.php?rest_route=%2Fwp%2Fv2%2Fcomments&post=1498"}],"version-history":[{"count":1,"href":"http:\/\/www.wetterauer-landbote.de\/index.php?rest_route=\/wp\/v2\/posts\/1498\/revisions"}],"predecessor-version":[{"id":1500,"href":"http:\/\/www.wetterauer-landbote.de\/index.php?rest_route=\/wp\/v2\/posts\/1498\/revisions\/1500"}],"wp:attachment":[{"href":"http:\/\/www.wetterauer-landbote.de\/index.php?rest_route=%2Fwp%2Fv2%2Fmedia&parent=1498"}],"wp:term":[{"taxonomy":"category","embeddable":true,"href":"http:\/\/www.wetterauer-landbote.de\/index.php?rest_route=%2Fwp%2Fv2%2Fcategories&post=1498"},{"taxonomy":"post_tag","embeddable":true,"href":"http:\/\/www.wetterauer-landbote.de\/index.php?rest_route=%2Fwp%2Fv2%2Ftags&post=1498"}],"curies":[{"name":"wp","href":"https:\/\/api.w.org\/{rel}","templated":true}]}}