{"id":1486,"date":"2014-10-13T10:29:59","date_gmt":"2014-10-13T08:29:59","guid":{"rendered":"http:\/\/www.wetterauer-landbote.de\/?p=1486"},"modified":"2014-10-13T10:34:57","modified_gmt":"2014-10-13T08:34:57","slug":"65-jahre-dgb","status":"publish","type":"post","link":"http:\/\/www.wetterauer-landbote.de\/?p=1486","title":{"rendered":"65 Jahre DGB"},"content":{"rendered":"<h2>Interview mit dem Frankfurter DGB-Vorsitzenden Harald Fiedler<\/h2>\n<p><strong><a href=\"https:\/\/i0.wp.com\/www.wetterauer-landbote.de\/wp-content\/uploads\/2014\/10\/harald.gif\"><img data-recalc-dims=\"1\" loading=\"lazy\" decoding=\"async\" class=\"alignright  wp-image-1487\" src=\"https:\/\/i0.wp.com\/www.wetterauer-landbote.de\/wp-content\/uploads\/2014\/10\/harald.gif?resize=115%2C150\" alt=\"harald\" width=\"115\" height=\"150\" \/><\/a>Von Bruno Rieb<\/strong><\/p>\n<p>Der Deutsche Gewerkschaftsbund (DGB) feiert heute, Montag, 13. Oktober 2014, seinen 65 Geburtstag. Dazu ein Interview mit dem Frankfurter DGB-Vositzenden Harald Fiedler, der zu den dienst\u00e4ltesten Funktion\u00e4ren des Gewerkschaftsbundes geh\u00f6rt.<\/p>\n<p><!--more--><\/p>\n<h3><strong>65 Jahre DGB<\/strong><\/h3>\n<p>Nach dem Zweiten Weltkrieg hatten sich in den Besatzungszonen Westdeuschlands 16 Branchengewerkschaften gebildet. Nachdem sich die Westzonen im April 1949 zur \u201eTrizone\u201c zusammengeschlossen hatten, waren die Voraussetzungen f\u00fcr einen Dachverband dieser Gewerkschaften geschaffen. Am 13. Oktober 1949 gr\u00fcndeten sie in M\u00fcnchen den Deutschen Gewerkschaftsbund (DGB) als ihre gemeinsame Interessenvertretung. Das war vor 65 Jahren. \u00dcber das Jubil\u00e4um sprach der Landbote mit dem Frankfurter DGB-Vorsitzenden Harald Fiedler. Der 63j\u00e4hrige geh\u00f6rt mit 35 Dienstjahren zu den dienst\u00e4ltesten DGB-Funktion\u00e4ren. Seit 1995 ist er DGB-Chef in Frankfurt. Zuvor war er f\u00fcnf Jahre DGB-Vorsitzender in der Wetterau, davor leitete er zehn Jahre den DGB Hoch- und Maintaunus- Kreis.<\/p>\n<p><strong>Landbote:<\/strong><em> Herzlichen Gl\u00fcckwunsch. Der DGB hat heute 65. Geburtstag. Ist er jetzt reif f\u00fcr die Rente?<\/em><\/p>\n<p><strong>Fiedler:<\/strong> Vielen Dank f\u00fcr die Gl\u00fcckw\u00fcnsche. Der DGB ist weder reif f\u00fcr die Rente noch<\/p>\n<div id=\"attachment_1489\" style=\"width: 250px\" class=\"wp-caption alignright\"><a href=\"https:\/\/i0.wp.com\/www.wetterauer-landbote.de\/wp-content\/uploads\/2014\/10\/harald3.gif\"><img data-recalc-dims=\"1\" loading=\"lazy\" decoding=\"async\" aria-describedby=\"caption-attachment-1489\" class=\"size-full wp-image-1489\" src=\"https:\/\/i0.wp.com\/www.wetterauer-landbote.de\/wp-content\/uploads\/2014\/10\/harald3.gif?resize=240%2C320\" alt=\"Harald Fiedler als Redner beim Generalstreik in Barcelona gegen das Sparprogramm derEU im November 2012\" width=\"240\" height=\"320\" \/><\/a><p id=\"caption-attachment-1489\" class=\"wp-caption-text\">Harald Fiedler als Redner beim Generalstreik in Barcelona gegen das Sparprogramm derEU im November 2012<\/p><\/div>\n<p>wird irgendwann sein Ende zu erwarten sein. Es gibt gro\u00dfe Herausforderungen in diesen Zeiten des wirtschaftlich-technischen Umbruchs.<\/p>\n<p><em>Welche?<\/em><\/p>\n<p>Wir m\u00fcssen damit rechnen, dass die gesamte Digitalisierung das Wirtschaftsgeschehen umkrempelt. Es ist von einer dritten industriellen Revolution die Rede. Hier m\u00fcssen Gewerkschaften das k\u00fcnftige Zusammenleben mit gestalten.<\/p>\n<p><em>Ist der DGB noch n\u00f6tig? Es sind durch Gewerkschaftszusammenschl\u00fcsse Mammutorganisationen wie Verdi entstanden. Machen die den DGB \u00fcberfl\u00fcssig oder schm\u00e4lern zumindest seine Bedeutung?<\/em><\/p>\n<p>Der DGB ist seit seiner Gr\u00fcndung am 13. Oktober 1949 in M\u00fcnchen darauf<\/p>\n<p>ausgerichtet, dass er die koordinierende politische Funktion wahrnimmt und die Mitgliedsgewerkschaften die konkrete betriebliche Ausgestaltung. Wir werden als DGB nicht \u00fcberfl\u00fcssig, so lange Politik gestaltet wird. Wir werden Einfluss nehmen auf die Gestaltung der gesellschaftlichen Bedingungen und der Arbeitsbedingungen.<\/p>\n<p><em>Die Europ\u00e4ische Union entfesselt den Kapitalismus. Ist da ein engerer Verbund der europ\u00e4ischen Gewerkschaften n\u00f6tig? Mehr Europ\u00e4ischer Gewerkschaftsbund als Deutscher Gewerkschaftsbund?<\/em><\/p>\n<p>Selbstverst\u00e4ndlich. Wenn das Kapital weltweit und auf europ\u00e4ischer Ebene agiert, ist esauch n\u00f6tig, dass sich Gewerkschaften in der EU und auch dar\u00fcber hinaus zusammentun. Wir haben in Frankfurt als DGB seit Jahrzehnten unsere Kontakte zu den Gewerkschaften zum Beispiel in Barcelona, Mailand und Lyon. Wir pflegen aber auch Kontakte beispielsweise zu den Gewerkschaften in China, weil wir auch da ein Interesse daran haben, dass vern\u00fcnftige Arbeitsbedingungen vorhanden sind. In Europa muss der DGB aus meiner Sicht noch st\u00e4rker auf die anderen Gewerkschaften zugehen. Zum Beispiel k\u00f6nnte jetzt bei den Protesten gegen das geplante Freihandelsabkommen TTIP noch mehr gemeinsam gemacht werden.<\/p>\n<div id=\"attachment_1491\" style=\"width: 594px\" class=\"wp-caption alignright\"><a href=\"https:\/\/i0.wp.com\/www.wetterauer-landbote.de\/wp-content\/uploads\/2014\/10\/harald5.gif\"><img data-recalc-dims=\"1\" loading=\"lazy\" decoding=\"async\" aria-describedby=\"caption-attachment-1491\" class=\"size-large wp-image-1491\" src=\"https:\/\/i0.wp.com\/www.wetterauer-landbote.de\/wp-content\/uploads\/2014\/10\/harald5.gif?resize=584%2C517\" alt=\"Harald Fiedler w\u00e4hrend eines Interviews zum Sozialabbau im September 1993. Damals war er DGB-Chef in Friedberg.\" width=\"584\" height=\"517\" srcset=\"https:\/\/i0.wp.com\/www.wetterauer-landbote.de\/wp-content\/uploads\/2014\/10\/harald5.gif?resize=1024%2C907 1024w, https:\/\/i0.wp.com\/www.wetterauer-landbote.de\/wp-content\/uploads\/2014\/10\/harald5.gif?resize=300%2C265 300w, https:\/\/i0.wp.com\/www.wetterauer-landbote.de\/wp-content\/uploads\/2014\/10\/harald5.gif?resize=338%2C300 338w, https:\/\/i0.wp.com\/www.wetterauer-landbote.de\/wp-content\/uploads\/2014\/10\/harald5.gif?w=1168 1168w\" sizes=\"auto, (max-width: 584px) 100vw, 584px\" \/><\/a><p id=\"caption-attachment-1491\" class=\"wp-caption-text\">Harald Fiedler w\u00e4hrend eines Interviews zum Sozialabbau im September 1993. Damals war er DGB-Chef in Friedberg.<\/p><\/div>\n<p><strong>Zur Geschichte des DGB:<\/strong> <a href=\"http:\/\/www.dgb.de\/uber-uns\/bewegte-zeiten\/60-jahre-dgb\/1949-1958\/grundung-des-deutschen-gewerkschaftsbundes\" target=\"_blank\">http:\/\/www.dgb.de\/uber-uns\/bewegte-zeiten\/60-jahre-dgb\/1949-1958\/grundung-des-deutschen-gewerkschaftsbundes<\/a><\/p>\n","protected":false},"excerpt":{"rendered":"<p>Interview mit dem Frankfurter DGB-Vorsitzenden Harald Fiedler Von Bruno Rieb Der Deutsche Gewerkschaftsbund (DGB) feiert heute, Montag, 13. Oktober 2014, seinen 65 Geburtstag. Dazu ein Interview mit dem Frankfurter DGB-Vositzenden Harald Fiedler, der zu den dienst\u00e4ltesten Funktion\u00e4ren des Gewerkschaftsbundes geh\u00f6rt.<\/p>\n","protected":false},"author":1,"featured_media":0,"comment_status":"open","ping_status":"open","sticky":false,"template":"","format":"standard","meta":{"_jetpack_memberships_contains_paid_content":false,"footnotes":""},"categories":[1],"tags":[],"class_list":["post-1486","post","type-post","status-publish","format-standard","hentry","category-allgemein"],"yoast_head":"<!-- This site is optimized with the Yoast SEO plugin v27.0 - https:\/\/yoast.com\/product\/yoast-seo-wordpress\/ -->\n<title>65 Jahre DGB - Wetterauer-Landbote<\/title>\n<meta name=\"description\" content=\"Der DGB wird heute, Montag, 13. Oktober 2014, 65 Jahre alt. Dazu ein Interview mit dem Frankfurter DGB-Vorsitzenden Harald Fiedler. 65 Jahre DGB\" \/>\n<meta name=\"robots\" content=\"index, follow, max-snippet:-1, max-image-preview:large, max-video-preview:-1\" \/>\n<link rel=\"canonical\" href=\"http:\/\/www.wetterauer-landbote.de\/?p=1486\" \/>\n<meta property=\"og:locale\" content=\"de_DE\" \/>\n<meta property=\"og:type\" content=\"article\" \/>\n<meta property=\"og:title\" content=\"65 Jahre DGB - Wetterauer-Landbote\" \/>\n<meta property=\"og:description\" content=\"Der DGB wird heute, Montag, 13. Oktober 2014, 65 Jahre alt. Dazu ein Interview mit dem Frankfurter DGB-Vorsitzenden Harald Fiedler. 65 Jahre DGB\" \/>\n<meta property=\"og:url\" content=\"http:\/\/www.wetterauer-landbote.de\/?p=1486\" \/>\n<meta property=\"og:site_name\" content=\"Wetterauer-Landbote\" \/>\n<meta property=\"article:published_time\" content=\"2014-10-13T08:29:59+00:00\" \/>\n<meta property=\"article:modified_time\" content=\"2014-10-13T08:34:57+00:00\" \/>\n<meta property=\"og:image\" content=\"http:\/\/www.wetterauer-landbote.de\/wp-content\/uploads\/2014\/10\/harald-768x1024.gif\" \/>\n<meta name=\"author\" content=\"harpo\" \/>\n<meta name=\"twitter:label1\" content=\"Verfasst von\" \/>\n\t<meta name=\"twitter:data1\" content=\"harpo\" \/>\n\t<meta name=\"twitter:label2\" content=\"Gesch\u00e4tzte Lesezeit\" \/>\n\t<meta name=\"twitter:data2\" content=\"3\u00a0Minuten\" \/>\n<script type=\"application\/ld+json\" class=\"yoast-schema-graph\">{\"@context\":\"https:\/\/schema.org\",\"@graph\":[{\"@type\":\"Article\",\"@id\":\"http:\/\/www.wetterauer-landbote.de\/?p=1486#article\",\"isPartOf\":{\"@id\":\"http:\/\/www.wetterauer-landbote.de\/?p=1486\"},\"author\":{\"name\":\"harpo\",\"@id\":\"http:\/\/www.wetterauer-landbote.de\/#\/schema\/person\/fa7509b189bc402f223dd5337ab92ed0\"},\"headline\":\"65 Jahre DGB\",\"datePublished\":\"2014-10-13T08:29:59+00:00\",\"dateModified\":\"2014-10-13T08:34:57+00:00\",\"mainEntityOfPage\":{\"@id\":\"http:\/\/www.wetterauer-landbote.de\/?p=1486\"},\"wordCount\":504,\"commentCount\":0,\"image\":{\"@id\":\"http:\/\/www.wetterauer-landbote.de\/?p=1486#primaryimage\"},\"thumbnailUrl\":\"http:\/\/www.wetterauer-landbote.de\/wp-content\/uploads\/2014\/10\/harald-768x1024.gif\",\"inLanguage\":\"de\",\"potentialAction\":[{\"@type\":\"CommentAction\",\"name\":\"Comment\",\"target\":[\"http:\/\/www.wetterauer-landbote.de\/?p=1486#respond\"]}]},{\"@type\":\"WebPage\",\"@id\":\"http:\/\/www.wetterauer-landbote.de\/?p=1486\",\"url\":\"http:\/\/www.wetterauer-landbote.de\/?p=1486\",\"name\":\"65 Jahre DGB - Wetterauer-Landbote\",\"isPartOf\":{\"@id\":\"http:\/\/www.wetterauer-landbote.de\/#website\"},\"primaryImageOfPage\":{\"@id\":\"http:\/\/www.wetterauer-landbote.de\/?p=1486#primaryimage\"},\"image\":{\"@id\":\"http:\/\/www.wetterauer-landbote.de\/?p=1486#primaryimage\"},\"thumbnailUrl\":\"http:\/\/www.wetterauer-landbote.de\/wp-content\/uploads\/2014\/10\/harald-768x1024.gif\",\"datePublished\":\"2014-10-13T08:29:59+00:00\",\"dateModified\":\"2014-10-13T08:34:57+00:00\",\"author\":{\"@id\":\"http:\/\/www.wetterauer-landbote.de\/#\/schema\/person\/fa7509b189bc402f223dd5337ab92ed0\"},\"description\":\"Der DGB wird heute, Montag, 13. Oktober 2014, 65 Jahre alt. Dazu ein Interview mit dem Frankfurter DGB-Vorsitzenden Harald Fiedler. 65 Jahre DGB\",\"breadcrumb\":{\"@id\":\"http:\/\/www.wetterauer-landbote.de\/?p=1486#breadcrumb\"},\"inLanguage\":\"de\",\"potentialAction\":[{\"@type\":\"ReadAction\",\"target\":[\"http:\/\/www.wetterauer-landbote.de\/?p=1486\"]}]},{\"@type\":\"ImageObject\",\"inLanguage\":\"de\",\"@id\":\"http:\/\/www.wetterauer-landbote.de\/?p=1486#primaryimage\",\"url\":\"https:\/\/i0.wp.com\/www.wetterauer-landbote.de\/wp-content\/uploads\/2014\/10\/harald.gif?fit=1200%2C1600\",\"contentUrl\":\"https:\/\/i0.wp.com\/www.wetterauer-landbote.de\/wp-content\/uploads\/2014\/10\/harald.gif?fit=1200%2C1600\",\"width\":1200,\"height\":1600},{\"@type\":\"BreadcrumbList\",\"@id\":\"http:\/\/www.wetterauer-landbote.de\/?p=1486#breadcrumb\",\"itemListElement\":[{\"@type\":\"ListItem\",\"position\":1,\"name\":\"Home\",\"item\":\"http:\/\/www.wetterauer-landbote.de\/\"},{\"@type\":\"ListItem\",\"position\":2,\"name\":\"65 Jahre DGB\"}]},{\"@type\":\"WebSite\",\"@id\":\"http:\/\/www.wetterauer-landbote.de\/#website\",\"url\":\"http:\/\/www.wetterauer-landbote.de\/\",\"name\":\"Wetterauer-Landbote\",\"description\":\"\",\"potentialAction\":[{\"@type\":\"SearchAction\",\"target\":{\"@type\":\"EntryPoint\",\"urlTemplate\":\"http:\/\/www.wetterauer-landbote.de\/?s={search_term_string}\"},\"query-input\":{\"@type\":\"PropertyValueSpecification\",\"valueRequired\":true,\"valueName\":\"search_term_string\"}}],\"inLanguage\":\"de\"},{\"@type\":\"Person\",\"@id\":\"http:\/\/www.wetterauer-landbote.de\/#\/schema\/person\/fa7509b189bc402f223dd5337ab92ed0\",\"name\":\"harpo\",\"image\":{\"@type\":\"ImageObject\",\"inLanguage\":\"de\",\"@id\":\"http:\/\/www.wetterauer-landbote.de\/#\/schema\/person\/image\/\",\"url\":\"https:\/\/secure.gravatar.com\/avatar\/198bcecc77c146e5ea8d4540d99560b4b486a090b927ff654b2c125224d88117?s=96&d=mm&r=g\",\"contentUrl\":\"https:\/\/secure.gravatar.com\/avatar\/198bcecc77c146e5ea8d4540d99560b4b486a090b927ff654b2c125224d88117?s=96&d=mm&r=g\",\"caption\":\"harpo\"},\"url\":\"http:\/\/www.wetterauer-landbote.de\/?author=1\"}]}<\/script>\n<!-- \/ Yoast SEO plugin. -->","yoast_head_json":{"title":"65 Jahre DGB - Wetterauer-Landbote","description":"Der DGB wird heute, Montag, 13. Oktober 2014, 65 Jahre alt. Dazu ein Interview mit dem Frankfurter DGB-Vorsitzenden Harald Fiedler. 65 Jahre DGB","robots":{"index":"index","follow":"follow","max-snippet":"max-snippet:-1","max-image-preview":"max-image-preview:large","max-video-preview":"max-video-preview:-1"},"canonical":"http:\/\/www.wetterauer-landbote.de\/?p=1486","og_locale":"de_DE","og_type":"article","og_title":"65 Jahre DGB - Wetterauer-Landbote","og_description":"Der DGB wird heute, Montag, 13. Oktober 2014, 65 Jahre alt. Dazu ein Interview mit dem Frankfurter DGB-Vorsitzenden Harald Fiedler. 65 Jahre DGB","og_url":"http:\/\/www.wetterauer-landbote.de\/?p=1486","og_site_name":"Wetterauer-Landbote","article_published_time":"2014-10-13T08:29:59+00:00","article_modified_time":"2014-10-13T08:34:57+00:00","og_image":[{"url":"http:\/\/www.wetterauer-landbote.de\/wp-content\/uploads\/2014\/10\/harald-768x1024.gif","type":"","width":"","height":""}],"author":"harpo","twitter_misc":{"Verfasst von":"harpo","Gesch\u00e4tzte Lesezeit":"3\u00a0Minuten"},"schema":{"@context":"https:\/\/schema.org","@graph":[{"@type":"Article","@id":"http:\/\/www.wetterauer-landbote.de\/?p=1486#article","isPartOf":{"@id":"http:\/\/www.wetterauer-landbote.de\/?p=1486"},"author":{"name":"harpo","@id":"http:\/\/www.wetterauer-landbote.de\/#\/schema\/person\/fa7509b189bc402f223dd5337ab92ed0"},"headline":"65 Jahre DGB","datePublished":"2014-10-13T08:29:59+00:00","dateModified":"2014-10-13T08:34:57+00:00","mainEntityOfPage":{"@id":"http:\/\/www.wetterauer-landbote.de\/?p=1486"},"wordCount":504,"commentCount":0,"image":{"@id":"http:\/\/www.wetterauer-landbote.de\/?p=1486#primaryimage"},"thumbnailUrl":"http:\/\/www.wetterauer-landbote.de\/wp-content\/uploads\/2014\/10\/harald-768x1024.gif","inLanguage":"de","potentialAction":[{"@type":"CommentAction","name":"Comment","target":["http:\/\/www.wetterauer-landbote.de\/?p=1486#respond"]}]},{"@type":"WebPage","@id":"http:\/\/www.wetterauer-landbote.de\/?p=1486","url":"http:\/\/www.wetterauer-landbote.de\/?p=1486","name":"65 Jahre DGB - Wetterauer-Landbote","isPartOf":{"@id":"http:\/\/www.wetterauer-landbote.de\/#website"},"primaryImageOfPage":{"@id":"http:\/\/www.wetterauer-landbote.de\/?p=1486#primaryimage"},"image":{"@id":"http:\/\/www.wetterauer-landbote.de\/?p=1486#primaryimage"},"thumbnailUrl":"http:\/\/www.wetterauer-landbote.de\/wp-content\/uploads\/2014\/10\/harald-768x1024.gif","datePublished":"2014-10-13T08:29:59+00:00","dateModified":"2014-10-13T08:34:57+00:00","author":{"@id":"http:\/\/www.wetterauer-landbote.de\/#\/schema\/person\/fa7509b189bc402f223dd5337ab92ed0"},"description":"Der DGB wird heute, Montag, 13. Oktober 2014, 65 Jahre alt. Dazu ein Interview mit dem Frankfurter DGB-Vorsitzenden Harald Fiedler. 65 Jahre DGB","breadcrumb":{"@id":"http:\/\/www.wetterauer-landbote.de\/?p=1486#breadcrumb"},"inLanguage":"de","potentialAction":[{"@type":"ReadAction","target":["http:\/\/www.wetterauer-landbote.de\/?p=1486"]}]},{"@type":"ImageObject","inLanguage":"de","@id":"http:\/\/www.wetterauer-landbote.de\/?p=1486#primaryimage","url":"https:\/\/i0.wp.com\/www.wetterauer-landbote.de\/wp-content\/uploads\/2014\/10\/harald.gif?fit=1200%2C1600","contentUrl":"https:\/\/i0.wp.com\/www.wetterauer-landbote.de\/wp-content\/uploads\/2014\/10\/harald.gif?fit=1200%2C1600","width":1200,"height":1600},{"@type":"BreadcrumbList","@id":"http:\/\/www.wetterauer-landbote.de\/?p=1486#breadcrumb","itemListElement":[{"@type":"ListItem","position":1,"name":"Home","item":"http:\/\/www.wetterauer-landbote.de\/"},{"@type":"ListItem","position":2,"name":"65 Jahre DGB"}]},{"@type":"WebSite","@id":"http:\/\/www.wetterauer-landbote.de\/#website","url":"http:\/\/www.wetterauer-landbote.de\/","name":"Wetterauer-Landbote","description":"","potentialAction":[{"@type":"SearchAction","target":{"@type":"EntryPoint","urlTemplate":"http:\/\/www.wetterauer-landbote.de\/?s={search_term_string}"},"query-input":{"@type":"PropertyValueSpecification","valueRequired":true,"valueName":"search_term_string"}}],"inLanguage":"de"},{"@type":"Person","@id":"http:\/\/www.wetterauer-landbote.de\/#\/schema\/person\/fa7509b189bc402f223dd5337ab92ed0","name":"harpo","image":{"@type":"ImageObject","inLanguage":"de","@id":"http:\/\/www.wetterauer-landbote.de\/#\/schema\/person\/image\/","url":"https:\/\/secure.gravatar.com\/avatar\/198bcecc77c146e5ea8d4540d99560b4b486a090b927ff654b2c125224d88117?s=96&d=mm&r=g","contentUrl":"https:\/\/secure.gravatar.com\/avatar\/198bcecc77c146e5ea8d4540d99560b4b486a090b927ff654b2c125224d88117?s=96&d=mm&r=g","caption":"harpo"},"url":"http:\/\/www.wetterauer-landbote.de\/?author=1"}]}},"jetpack_featured_media_url":"","jetpack_sharing_enabled":true,"jetpack_likes_enabled":true,"_links":{"self":[{"href":"http:\/\/www.wetterauer-landbote.de\/index.php?rest_route=\/wp\/v2\/posts\/1486","targetHints":{"allow":["GET"]}}],"collection":[{"href":"http:\/\/www.wetterauer-landbote.de\/index.php?rest_route=\/wp\/v2\/posts"}],"about":[{"href":"http:\/\/www.wetterauer-landbote.de\/index.php?rest_route=\/wp\/v2\/types\/post"}],"author":[{"embeddable":true,"href":"http:\/\/www.wetterauer-landbote.de\/index.php?rest_route=\/wp\/v2\/users\/1"}],"replies":[{"embeddable":true,"href":"http:\/\/www.wetterauer-landbote.de\/index.php?rest_route=%2Fwp%2Fv2%2Fcomments&post=1486"}],"version-history":[{"count":1,"href":"http:\/\/www.wetterauer-landbote.de\/index.php?rest_route=\/wp\/v2\/posts\/1486\/revisions"}],"predecessor-version":[{"id":1492,"href":"http:\/\/www.wetterauer-landbote.de\/index.php?rest_route=\/wp\/v2\/posts\/1486\/revisions\/1492"}],"wp:attachment":[{"href":"http:\/\/www.wetterauer-landbote.de\/index.php?rest_route=%2Fwp%2Fv2%2Fmedia&parent=1486"}],"wp:term":[{"taxonomy":"category","embeddable":true,"href":"http:\/\/www.wetterauer-landbote.de\/index.php?rest_route=%2Fwp%2Fv2%2Fcategories&post=1486"},{"taxonomy":"post_tag","embeddable":true,"href":"http:\/\/www.wetterauer-landbote.de\/index.php?rest_route=%2Fwp%2Fv2%2Ftags&post=1486"}],"curies":[{"name":"wp","href":"https:\/\/api.w.org\/{rel}","templated":true}]}}