{"id":1426,"date":"2014-10-06T14:07:48","date_gmt":"2014-10-06T12:07:48","guid":{"rendered":"http:\/\/www.wetterauer-landbote.de\/?p=1426"},"modified":"2014-10-10T21:11:46","modified_gmt":"2014-10-10T19:11:46","slug":"der-landbote-kehrt-zurueck-2","status":"publish","type":"post","link":"http:\/\/www.wetterauer-landbote.de\/?p=1426","title":{"rendered":"Der Landbote kehrt zur\u00fcck"},"content":{"rendered":"<h2>Mit dem Fahrrad auf der Spurensuche nach einer revolution\u00e4ren Flugschrift<\/h2>\n<p><strong>\u00a0Von Klaus Nissen<a href=\"https:\/\/i0.wp.com\/www.wetterauer-landbote.de\/wp-content\/uploads\/2014\/09\/Flyer.jpg\"><img data-recalc-dims=\"1\" loading=\"lazy\" decoding=\"async\" class=\"alignright  wp-image-1316\" src=\"https:\/\/i0.wp.com\/www.wetterauer-landbote.de\/wp-content\/uploads\/2014\/09\/Flyer.jpg?resize=111%2C154\" alt=\"Flyer\" width=\"111\" height=\"154\" \/><\/a><\/strong><\/p>\n<p>Der Hessische Landbote ist symbolisch in die Wetterau zur\u00fcck geholt worden. Redakteure des Wetterauer Landboten haben sich mit dem Fahrrad auf Spurensuche nach der revolution\u00e4ren Flugschrift und ihren Verfassern Georg B\u00fcchner und Friedrich Ludwig Weidig begeben. Hier ist der Bericht \u00fcber die Tour.<\/p>\n<h3><!--more--><strong>Der Landbote kehrt zur\u00fcck <\/strong><\/h3>\n<p>Damit hatten wir nicht gerechnet: Es ist uns am 4. Oktober tats\u00e4chlich gelungen, den Hessischen Landboten zur\u00fcck in die Wetterau zu bringen. Acht eng bedruckte Seiten auf einem Bogen handgesch\u00f6pften B\u00fcttenpapiers. Das 1834 verfasste Pamphlet gegen die deutschen F\u00fcrsten aus der Feder von Georg B\u00fcchner und Friedrich Ludwig Weidig: \u201eHa! Du w\u00e4rst Obrigkeit von Gott? Gott spendet Segen aus; Du raubst, du schindest, kerkerst ein, Du nicht von Gott, Tyrann!\u201c<\/p>\n<p>Es sollte eine symbolische Aktion sein. 180 Jahre nach dem vereitelten Versuch einer b\u00fcrgerlichen Revolution in Hessen plante die Redaktion des Internet-Magazins \u201eWetterauer Landbote\u201c die Fahrt von Offenbach nach Butzbach. Sie sollte verdeutlichen, dass auch unser Medium die Macht- und Verteilungsfrage stellt. Und daran erinnern, dass Georg B\u00fcchner und sein Freund Sch\u00fctz damals nachts und auf Umwegen das Manuskript des \u201eHessischen Landboten\u201c von Butzbach zum Drucker Preller nach Offenbach brachten. Sie mussten f\u00fcrchten, der politischen Polizei in die H\u00e4nde zu fallen.<\/p>\n<p>Diese Angst blieb uns am Samstag erspart. Auch die Fahrt war deutlich komfortabler. Aus der Wetterau nach Offenbach kommt man heute binnen einer Stunde mit der Regionalbahn. B\u00fcchner und Sch\u00fctz brauchten damals noch vier Tage. F\u00fcr den R\u00fcckweg hatten wir Fahrr\u00e4der dabei. Sechzig Kilometer bis Butzbach? \u2013 kein Problem!<\/p>\n<h4><strong>\u00a0Die Landboten-Presse stand in Frankfurt\u00a0<\/strong><\/h4>\n<p>Im Offenbacher Haus der Geschichte trafen wir zun\u00e4chst Klaus Kroner. Der ehemalige Druckereileiter bewahrt die Geschichte des Druckgewerbes. Im Tr\u00e4gerverein der Grafischen Werkstatt f\u00fcr Technik und Kunst bem\u00fchte er sich 2013 um einen Faksimile-Nachdruck des Hessischen Landboten. Kroner: \u201eMir hat jeder erz\u00e4hlt, es gebe nur noch ein Original-Exemplar&#8220;. Kroner forschte nach \u2013 und fand ein Exemplar der zweiten Landbote-Auflage vom November 1834 im Staatsarchiv Marburg. Ein weiteres, von M\u00e4usen angefressenes Exemplar aus der Familie von Georg B\u00fcchner liegt in Weimar. Und drei Exemplare vom Fr\u00fchsommer 1834 fanden sich im M\u00fcnchener Staatsarchiv.<\/p>\n<div id=\"attachment_1427\" style=\"width: 594px\" class=\"wp-caption alignright\"><a href=\"https:\/\/i0.wp.com\/www.wetterauer-landbote.de\/wp-content\/uploads\/2014\/10\/Kroner.gif\"><img data-recalc-dims=\"1\" loading=\"lazy\" decoding=\"async\" aria-describedby=\"caption-attachment-1427\" class=\"wp-image-1427 size-large\" src=\"https:\/\/i0.wp.com\/www.wetterauer-landbote.de\/wp-content\/uploads\/2014\/10\/Kroner.gif?resize=584%2C386\" alt=\"Kroner\" width=\"584\" height=\"386\" srcset=\"https:\/\/i0.wp.com\/www.wetterauer-landbote.de\/wp-content\/uploads\/2014\/10\/Kroner.gif?resize=1024%2C677 1024w, https:\/\/i0.wp.com\/www.wetterauer-landbote.de\/wp-content\/uploads\/2014\/10\/Kroner.gif?resize=300%2C198 300w, https:\/\/i0.wp.com\/www.wetterauer-landbote.de\/wp-content\/uploads\/2014\/10\/Kroner.gif?resize=453%2C300 453w, https:\/\/i0.wp.com\/www.wetterauer-landbote.de\/wp-content\/uploads\/2014\/10\/Kroner.gif?w=1168 1168w, https:\/\/i0.wp.com\/www.wetterauer-landbote.de\/wp-content\/uploads\/2014\/10\/Kroner.gif?w=1752 1752w\" sizes=\"auto, (max-width: 584px) 100vw, 584px\" \/><\/a><p id=\"caption-attachment-1427\" class=\"wp-caption-text\">Klaus Kroner mit seinem Reprint des Hessischen Landboten. (Fotos: Bruno Rieb)<\/p><\/div>\n<p>Klaus Kroner pr\u00fcfte die originalen Drucke ganz genau und stellte Seltsames fest: In der Titelzeile war das zweite t von \u201eDarmstadt\u201c auf den Kopf gestellt. Und im legend\u00e4ren Satz \u201eFriede den H\u00fctten!\u00a0 Krieg den Pal\u00e4sten!\u201c war von \u201ePall\u00e4sten\u201c die Rede. Ein Landbote-Original hatte auch kein Ausrufe- sondern ein Fragezeichen am Ende. Jeder Drucker h\u00e4tte diese Fehler sofort gesehen und berichtigt \u2013 davon ist Klaus Kroner \u00fcberzeugt. Er vermutet, dass sie konspirative Botschaften sind. Aber was bedeuten sie?<\/p>\n<p>Klar ist f\u00fcr den Druck-Experten auch, dass die die damals illegale Flugschrift nicht in der Offenbacher Druckerei an der Frankfurter Stra\u00dfe 7 vervielf\u00e4ltigt wurde, in der der revolution\u00e4r gesinnte Carl Preller damals arbeitete. \u201eIch musste feststellen, dass der Schrifttyp nicht in der Prellerschen Druckerei zur Verf\u00fcgung stand\u201c, so Klaus Kroner. Er vermutet, dass die Frankfurter Druckerei Sauerl\u00e4nder involviert war, die diesen Schrifttyp in ihren Setzk\u00e4sten hatte.<\/p>\n<p>Wie auch immer: Bevor wir auf unsere Drahtesel zur Fahrt in Richtung Friedberg und Butzbach stiegen, \u00fcberreichte uns Klaus Kroner einen Hessischen Landboten auf B\u00fcttenpapier, in Originalgr\u00f6\u00dfe, nur wenig gr\u00f6\u00dfer als das heutige A5-Format. \u201eDavon haben wir 500 Faksimiles gedruckt\u201c, erz\u00e4hlte Klaus Kroner stolz. \u201eAuch das Papier wurde extra daf\u00fcr hergestellt.&#8220; Der Papiermacher setzte dazu die Pigmente ein, damit die Nachdrucke den M\u00fcnchener Landboten-Originalen m\u00f6glichst \u00e4hnlich wurden.<\/p>\n<p>Sorgsam packten wir dieses geschichtliche Dokument in die Fahrradtasche. Nur noch wenige Exemplare sind mit Erl\u00e4uterungen und einer Landkarte der hessischen Kleinstaaten des Jahres 1840 zu haben. Sie k\u00f6nnen \u00fcber den Wetterauer Landboten bezogen werden (Email an info@wetterauer-landbote.)<\/p>\n<p><iframe loading=\"lazy\" title=\"Wir bringen den Landboten zur\u00fcck in die Wetterau\" width=\"584\" height=\"329\" src=\"https:\/\/www.youtube.com\/embed\/TxK8G-Hl85Q?feature=oembed\" frameborder=\"0\" allow=\"accelerometer; autoplay; clipboard-write; encrypted-media; gyroscope; picture-in-picture; web-share\" referrerpolicy=\"strict-origin-when-cross-origin\" allowfullscreen><\/iframe><\/p>\n<h5><strong>Revolution\u00e4re im Friedberger Kerker<\/strong><\/h5>\n<p>Mit dem Hessischen Landboten im Gep\u00e4ck radelten die Rechercheure vom Wetterauer Landboten am 4. Oktober von Offenbach in die Wetterau. Von Bischofsheim den Berg hinauf nach Niederdorfelden, \u00fcber Gronau an die Nidda bis Friedberg. Sie brauchten daf\u00fcr keine drei Tage wie anno 1834 der konspirativ reisende Georg B\u00fcchner, sondern gerade einmal zweieinhalb Stunden.<\/p>\n<p>Warum Friedberg? Weil die Kreisstadt in den 1830er-Jahren eine Leidens-Station f\u00fcr revolution\u00e4r gesinnte B\u00fcrger war. In der Altstadt inhaftierte die Regierung 1834 etliche Studenten und junge Handwerker aus Gie\u00dfen, denen sie die Beteiligung am gescheiterten Frankfurter Wachensturm vom 23. April 1834 vorwarf. Die heute noch stehende Faktorei des einstigen Klosters Arnsburg an der Kleinen Klostergasse 16 war damals Kaserne. Unterm Dach landeten die Revolution\u00e4re in 16 Zellen. Ab April 1835 sa\u00df da auch Friedrich Ludwig Weidig ein, berichtete Landbote-Redakteur Bruno Rieb bei der F\u00fchrung vor Ort. Die politische Polizei hatte Weidig in Ober-Gleen im Vogelsberg wegen Hochverrats verhaftet und lie\u00df ihn zwei Monate in Friedberg schmoren, bis im Darmst\u00e4dter Arresthaus f\u00fcr den Mitorganisator des Hambacher Festes und des Frankfurter Wachensturms die wahre H\u00f6lle begann. Fast zwei Jahre lang war Weidig dort den Schikanen des Untersuchungsrichters Georgi augesetzt, bis er sich im Februar verzweifelt selbst das Leben nahm.<\/p>\n<p>Im Klosterbau sa\u00df auch der Friedberger Apotheker Theodor Trapp ein. Der Freund und Mitk\u00e4mpfer Weidigs starb in der Haft mit nur 44 Jahren. Alle Bem\u00fchungen der angesehenen Familie Trapp, Hafterleichterungen zu erlangen, scheiterten. Trapps Mohren-Apotheke gibt es noch immer. Ihr urspr\u00fcnglicher Standort an der Kaiserstra\u00dfe 44 ist heute die Parfumerie Junker. Die heutige Mohren-Apotheke steht an der Einm\u00fcndung der Haagstra\u00dfe in die Kaiserstra\u00dfe. Andrea Heck aus Friedberg kennt all diese Geb\u00e4ude schon lange. \u201eAber mir war gar nicht klar, dass Friedberg, Butzbach und Darmstadt und Georg B\u00fcchner diese politische Bedeutung haben.\u201c\u00a0 Grund genug f\u00fcr die Friedbergerin, mit den Spurensuchern vom Wetterauer Landboten weiter nach Butzbach zu radeln.<\/p>\n<h6><strong>Weidig lie\u00df die Marseillaise singen<\/strong><\/h6>\n<p>Angenommen, Friedrich Ludwig Weidig d\u00fcrfte 177 Jahre nach seinem Tod das heimische\u00a0 Butzbach besuchen. Der 1837 gestorbene P\u00e4dagoge,Theologe und Schlussredakteur des Hessischen Landboten w\u00e4re sicher erstaunt \u00fcber die Autos, das scheu\u00dfliche Parkdeck,\u00a0 die Fastfood-Restaurants und Konsumtempel am Stadtrand. Trotzdem h\u00e4tte Weidig keine Schwierigkeiten, etliche Stationen seines eigenen Lebens wiederzufinden. Der Weidig-Kenner und Museumsleiter Dieter Wolf zeigte sie am 4. Oktober den Spurensuchern des Wetterauer Landboten und ihren G\u00e4sten.<\/p>\n<div id=\"attachment_1428\" style=\"width: 594px\" class=\"wp-caption alignright\"><a href=\"https:\/\/i0.wp.com\/www.wetterauer-landbote.de\/wp-content\/uploads\/2014\/10\/Wolf.gif\"><img data-recalc-dims=\"1\" loading=\"lazy\" decoding=\"async\" aria-describedby=\"caption-attachment-1428\" class=\"wp-image-1428 size-large\" src=\"https:\/\/i0.wp.com\/www.wetterauer-landbote.de\/wp-content\/uploads\/2014\/10\/Wolf.gif?resize=584%2C501\" alt=\"Wolf\" width=\"584\" height=\"501\" srcset=\"https:\/\/i0.wp.com\/www.wetterauer-landbote.de\/wp-content\/uploads\/2014\/10\/Wolf.gif?resize=1024%2C879 1024w, https:\/\/i0.wp.com\/www.wetterauer-landbote.de\/wp-content\/uploads\/2014\/10\/Wolf.gif?resize=300%2C257 300w, https:\/\/i0.wp.com\/www.wetterauer-landbote.de\/wp-content\/uploads\/2014\/10\/Wolf.gif?resize=349%2C300 349w, https:\/\/i0.wp.com\/www.wetterauer-landbote.de\/wp-content\/uploads\/2014\/10\/Wolf.gif?w=1168 1168w, https:\/\/i0.wp.com\/www.wetterauer-landbote.de\/wp-content\/uploads\/2014\/10\/Wolf.gif?w=1752 1752w\" sizes=\"auto, (max-width: 584px) 100vw, 584px\" \/><\/a><p id=\"caption-attachment-1428\" class=\"wp-caption-text\">Dieter Wolf am Museum in Butzbach, im Hintergund be\u00e4ugt von Friedrich Ludwig Weidigs<\/p><\/div>\n<p>Noch immer steht am Kirchplatz 8 die dreist\u00f6ckige Stadtschule, in der der F\u00f6rstersohn Weidig selbst unterrichtet wurde und nach seinem Studium als Konrektor arbeitete. \u00dcber dem Schulzimmer wohnte er, so der Weidig-Kenner Dieter Wolf. 1824 zog Weidig gegen\u00fcber ins Rektoratshaus ein, dessen Fachwerk damals noch verputzt war.<\/p>\n<p>22 Jahre lang war Weidig als Lehrer in Butzbach aktiv. Er baute am Schrenzer den ersten hessischen Turnplatz auf. Er lie\u00df seine Sch\u00fcler die Marseillaise singen und diskutierte im Geografieunterricht mit ihnen \u00fcber die freiheitliche Verfassung der jungen USA. Weidig war auch in vielen Zeitschriften als politischer Autor aktiv, so Dieter Wolf. Er geh\u00f6rte zu den Autoren der ersten Verfassung f\u00fcr das Gro\u00dfherzugtum Hessen. Und er drang darauf, demokratische Strukturen einzuf\u00fchren.<\/p>\n<p>Der Regierung gefiel das alles nicht. Die politische Polizei verh\u00f6rte Weidig mehrfach, verh\u00e4ngte Hausarrest. Doch Weidig arbeitete konspirativ weiter, vernetzte unzufriedene Pfarrer, Apotheker, Gutsbesitzer und Handwerker.\u00a0 Konspirativ lie\u00df er vier Ausgaben des \u201eLeuchter und Beleuchter \u2013 der Hessen Notwehr\u201c und schlie\u00dflich den Hessischen Landboten drucken. Mit seinen Butzbacher Freunden f\u00fchrte er offenbar mit Vergn\u00fcgen die staatlichen Ermittler in die Irre. Vor dem einstigen Haus des Schreinermeister Kraus an der Guldengasse erz\u00e4hlte Dieter Wolf: \u201eHier suchten die Beh\u00f6rden vergeblich die Druckerpresse der Revolution\u00e4re.\u201c Sie hatten falsche Hinweise darauf lanciert. Und druckten ein Spottgedicht \u00fcber die gro\u00dfherzogliche Regierung und die missgl\u00fcckte Hausdurchsuchung auf Zetteln, die man gut in der Tasche verstauen und unter der Bev\u00f6lkerung verteilen konnte.<\/p>\n<div id=\"attachment_1429\" style=\"width: 594px\" class=\"wp-caption alignright\"><a href=\"https:\/\/i0.wp.com\/www.wetterauer-landbote.de\/wp-content\/uploads\/2014\/10\/Museum.gif\"><img data-recalc-dims=\"1\" loading=\"lazy\" decoding=\"async\" aria-describedby=\"caption-attachment-1429\" class=\"wp-image-1429 size-large\" src=\"https:\/\/i0.wp.com\/www.wetterauer-landbote.de\/wp-content\/uploads\/2014\/10\/Museum.gif?resize=584%2C460\" alt=\"Museum\" width=\"584\" height=\"460\" srcset=\"https:\/\/i0.wp.com\/www.wetterauer-landbote.de\/wp-content\/uploads\/2014\/10\/Museum.gif?resize=1024%2C808 1024w, https:\/\/i0.wp.com\/www.wetterauer-landbote.de\/wp-content\/uploads\/2014\/10\/Museum.gif?resize=300%2C236 300w, https:\/\/i0.wp.com\/www.wetterauer-landbote.de\/wp-content\/uploads\/2014\/10\/Museum.gif?resize=379%2C300 379w, https:\/\/i0.wp.com\/www.wetterauer-landbote.de\/wp-content\/uploads\/2014\/10\/Museum.gif?w=1168 1168w\" sizes=\"auto, (max-width: 584px) 100vw, 584px\" \/><\/a><p id=\"caption-attachment-1429\" class=\"wp-caption-text\">Start der F\u00fchrung am Butzbacher Museum.<\/p><\/div>\n<p>Das ging nicht auf Dauer gut. Vor dem Haus Weiseler Stra\u00dfe 7 blieb Dieter Wolf wieder stehen. \u201eHier wohnte die Kappenmacher-Familie Zeuner. Karl Zeuner war Weidigs Schatten und Helfer. Er hat auch in der Haft nie ein Gest\u00e4ndnis abgelegt\u201c, so der Historiker. Am Abend des 1. August 1834 klopfte Georg B\u00fcchner bei Karl Zeuner an, um ihn\u00a0 und Weidig zu warnen: Die Aktion \u201eHessischer Landbote\u201c war aufgeflogen. Bis zum 5. August klapperte B\u00fcchner in Friedberg, Dorheim, Petterweil, Offenbach und Frankfurt all jene B\u00fcrger ab, die nun Verh\u00f6re durch die Polizei f\u00fcrchten mussten.<\/p>\n<p>Nur noch wenige Wochen konnte Friedrich Ludwig Weidig danach in seinem Elternhaus an der Langgasse 20 wohnen. Es ist heute proper restauriert und Sitz der Butzbacher Zeitung. Seit 1827 hatte Weidig hier gelebt, als er mit dem Rektoren-Amt endlich genug Geld verdiente, um seine Cousine Amalie Hofmann zu heiraten. Sie war laut Dieter Wolf als Tochter eines Landrichters in Hungen aufgewachsen. Ihr Elternhaus steht heute als Verwaltungsgeb\u00e4ude im Hessenpark bei Neu-Anspach.<\/p>\n<p>Amalie Weidig hatte gro\u00dfen Anteil an den Reformbem\u00fchungen ihres Gatten. Sie gr\u00fcndete eine Privatschule und gab Musikunterricht. Die beiden gemeinsamen Kinder konnten nicht mehr lange in der Obhut der Eltern leben. Friedrich Ludwig Weidig starb\u00a0 1837 nach fast zweij\u00e4hriger Folterhaft im Darmst\u00e4dter Kerker. Der M\u00e4rtyrertod wurde ein Antrieb f\u00fcr die Demokratiebewegung von 1848 und f\u00fchrte dazu, dass bis heute alle Gerichtsverfahren in Deutschland \u00f6ffentlich stattfinden m\u00fcssen. F\u00fcr seine eigene Familie war Weidigs Tod dramatisch. Die Ehefrau Amalie konnte ihn nicht verwinden. Sie starb 1839 mit nur 42 Jahren in einer Gie\u00dfener Mietwohnung am \u201eNervenfieber\u201c. Sohn Wilhelm und Tochter Amalie Friedegard\u00a0 wuchsen bei einem Bruder Weidigs in Homberg an der Ohm auf.\u00a0 Sie starben 1884 und 1906,\u00a0 ohne eigene Familien zu gr\u00fcnden.<\/p>\n<p><em>Viele Details \u00fcber Weidig und sein Leben in Butzbach erz\u00e4hlt die neue Brosch\u00fcre \u201eButzbacher Pers\u00f6nlichkeiten \u2013\u00a0 Friedrich Ludwig Weidig (1791-1837)\u201c.\u00a0 Sie ist \u00a0f\u00fcr 2,40 Euro im st\u00e4dtischen Museum an der F\u00e4rbgasse 16 in Butzbach zu kaufen.<\/em><\/p>\n","protected":false},"excerpt":{"rendered":"<p>Mit dem Fahrrad auf der Spurensuche nach einer revolution\u00e4ren Flugschrift \u00a0Von Klaus Nissen Der Hessische Landbote ist symbolisch in die Wetterau zur\u00fcck geholt worden. Redakteure des Wetterauer Landboten haben sich mit dem Fahrrad auf Spurensuche nach der revolution\u00e4ren Flugschrift und &hellip; <a href=\"http:\/\/www.wetterauer-landbote.de\/?p=1426\">Weiterlesen <span class=\"meta-nav\">&rarr;<\/span><\/a><\/p>\n","protected":false},"author":1,"featured_media":0,"comment_status":"open","ping_status":"open","sticky":false,"template":"","format":"standard","meta":{"_jetpack_memberships_contains_paid_content":false,"footnotes":""},"categories":[1],"tags":[],"class_list":["post-1426","post","type-post","status-publish","format-standard","hentry","category-allgemein"],"yoast_head":"<!-- This site is optimized with the Yoast SEO plugin v27.0 - https:\/\/yoast.com\/product\/yoast-seo-wordpress\/ -->\n<title>Der Landbote kehrt zur\u00fcck - Wetterauer-Landbote<\/title>\n<meta name=\"description\" content=\"Redakteure des Wetterauer Landboten haben in einer symbolischen Aktion den Hessischen Landboten zur\u00fcck in die Wetterau geholt. Der Landbote kehrt zur\u00fcck\" \/>\n<meta name=\"robots\" content=\"index, follow, max-snippet:-1, max-image-preview:large, max-video-preview:-1\" \/>\n<link rel=\"canonical\" href=\"http:\/\/www.wetterauer-landbote.de\/?p=1426\" \/>\n<meta property=\"og:locale\" content=\"de_DE\" \/>\n<meta property=\"og:type\" content=\"article\" \/>\n<meta property=\"og:title\" content=\"Der Landbote kehrt zur\u00fcck - Wetterauer-Landbote\" \/>\n<meta property=\"og:description\" content=\"Redakteure des Wetterauer Landboten haben in einer symbolischen Aktion den Hessischen Landboten zur\u00fcck in die Wetterau geholt. Der Landbote kehrt zur\u00fcck\" \/>\n<meta property=\"og:url\" content=\"http:\/\/www.wetterauer-landbote.de\/?p=1426\" \/>\n<meta property=\"og:site_name\" content=\"Wetterauer-Landbote\" \/>\n<meta property=\"article:published_time\" content=\"2014-10-06T12:07:48+00:00\" \/>\n<meta property=\"article:modified_time\" content=\"2014-10-10T19:11:46+00:00\" \/>\n<meta property=\"og:image\" content=\"http:\/\/www.wetterauer-landbote.de\/wp-content\/uploads\/2014\/09\/Flyer-726x1024.jpg\" \/>\n<meta name=\"author\" content=\"harpo\" \/>\n<meta name=\"twitter:label1\" content=\"Verfasst von\" \/>\n\t<meta name=\"twitter:data1\" content=\"harpo\" \/>\n\t<meta name=\"twitter:label2\" content=\"Gesch\u00e4tzte Lesezeit\" \/>\n\t<meta name=\"twitter:data2\" content=\"8\u00a0Minuten\" \/>\n<script type=\"application\/ld+json\" class=\"yoast-schema-graph\">{\"@context\":\"https:\/\/schema.org\",\"@graph\":[{\"@type\":\"Article\",\"@id\":\"http:\/\/www.wetterauer-landbote.de\/?p=1426#article\",\"isPartOf\":{\"@id\":\"http:\/\/www.wetterauer-landbote.de\/?p=1426\"},\"author\":{\"name\":\"harpo\",\"@id\":\"http:\/\/www.wetterauer-landbote.de\/#\/schema\/person\/fa7509b189bc402f223dd5337ab92ed0\"},\"headline\":\"Der Landbote kehrt zur\u00fcck\",\"datePublished\":\"2014-10-06T12:07:48+00:00\",\"dateModified\":\"2014-10-10T19:11:46+00:00\",\"mainEntityOfPage\":{\"@id\":\"http:\/\/www.wetterauer-landbote.de\/?p=1426\"},\"wordCount\":1691,\"commentCount\":0,\"image\":{\"@id\":\"http:\/\/www.wetterauer-landbote.de\/?p=1426#primaryimage\"},\"thumbnailUrl\":\"http:\/\/www.wetterauer-landbote.de\/wp-content\/uploads\/2014\/09\/Flyer-726x1024.jpg\",\"inLanguage\":\"de\",\"potentialAction\":[{\"@type\":\"CommentAction\",\"name\":\"Comment\",\"target\":[\"http:\/\/www.wetterauer-landbote.de\/?p=1426#respond\"]}]},{\"@type\":\"WebPage\",\"@id\":\"http:\/\/www.wetterauer-landbote.de\/?p=1426\",\"url\":\"http:\/\/www.wetterauer-landbote.de\/?p=1426\",\"name\":\"Der Landbote kehrt zur\u00fcck - Wetterauer-Landbote\",\"isPartOf\":{\"@id\":\"http:\/\/www.wetterauer-landbote.de\/#website\"},\"primaryImageOfPage\":{\"@id\":\"http:\/\/www.wetterauer-landbote.de\/?p=1426#primaryimage\"},\"image\":{\"@id\":\"http:\/\/www.wetterauer-landbote.de\/?p=1426#primaryimage\"},\"thumbnailUrl\":\"http:\/\/www.wetterauer-landbote.de\/wp-content\/uploads\/2014\/09\/Flyer-726x1024.jpg\",\"datePublished\":\"2014-10-06T12:07:48+00:00\",\"dateModified\":\"2014-10-10T19:11:46+00:00\",\"author\":{\"@id\":\"http:\/\/www.wetterauer-landbote.de\/#\/schema\/person\/fa7509b189bc402f223dd5337ab92ed0\"},\"description\":\"Redakteure des Wetterauer Landboten haben in einer symbolischen Aktion den Hessischen Landboten zur\u00fcck in die Wetterau geholt. Der Landbote kehrt zur\u00fcck\",\"breadcrumb\":{\"@id\":\"http:\/\/www.wetterauer-landbote.de\/?p=1426#breadcrumb\"},\"inLanguage\":\"de\",\"potentialAction\":[{\"@type\":\"ReadAction\",\"target\":[\"http:\/\/www.wetterauer-landbote.de\/?p=1426\"]}]},{\"@type\":\"ImageObject\",\"inLanguage\":\"de\",\"@id\":\"http:\/\/www.wetterauer-landbote.de\/?p=1426#primaryimage\",\"url\":\"https:\/\/i0.wp.com\/www.wetterauer-landbote.de\/wp-content\/uploads\/2014\/09\/Flyer.jpg?fit=1240%2C1748\",\"contentUrl\":\"https:\/\/i0.wp.com\/www.wetterauer-landbote.de\/wp-content\/uploads\/2014\/09\/Flyer.jpg?fit=1240%2C1748\",\"width\":1240,\"height\":1748},{\"@type\":\"BreadcrumbList\",\"@id\":\"http:\/\/www.wetterauer-landbote.de\/?p=1426#breadcrumb\",\"itemListElement\":[{\"@type\":\"ListItem\",\"position\":1,\"name\":\"Home\",\"item\":\"http:\/\/www.wetterauer-landbote.de\/\"},{\"@type\":\"ListItem\",\"position\":2,\"name\":\"Der Landbote kehrt zur\u00fcck\"}]},{\"@type\":\"WebSite\",\"@id\":\"http:\/\/www.wetterauer-landbote.de\/#website\",\"url\":\"http:\/\/www.wetterauer-landbote.de\/\",\"name\":\"Wetterauer-Landbote\",\"description\":\"\",\"potentialAction\":[{\"@type\":\"SearchAction\",\"target\":{\"@type\":\"EntryPoint\",\"urlTemplate\":\"http:\/\/www.wetterauer-landbote.de\/?s={search_term_string}\"},\"query-input\":{\"@type\":\"PropertyValueSpecification\",\"valueRequired\":true,\"valueName\":\"search_term_string\"}}],\"inLanguage\":\"de\"},{\"@type\":\"Person\",\"@id\":\"http:\/\/www.wetterauer-landbote.de\/#\/schema\/person\/fa7509b189bc402f223dd5337ab92ed0\",\"name\":\"harpo\",\"image\":{\"@type\":\"ImageObject\",\"inLanguage\":\"de\",\"@id\":\"http:\/\/www.wetterauer-landbote.de\/#\/schema\/person\/image\/\",\"url\":\"https:\/\/secure.gravatar.com\/avatar\/198bcecc77c146e5ea8d4540d99560b4b486a090b927ff654b2c125224d88117?s=96&d=mm&r=g\",\"contentUrl\":\"https:\/\/secure.gravatar.com\/avatar\/198bcecc77c146e5ea8d4540d99560b4b486a090b927ff654b2c125224d88117?s=96&d=mm&r=g\",\"caption\":\"harpo\"},\"url\":\"http:\/\/www.wetterauer-landbote.de\/?author=1\"}]}<\/script>\n<!-- \/ Yoast SEO plugin. -->","yoast_head_json":{"title":"Der Landbote kehrt zur\u00fcck - Wetterauer-Landbote","description":"Redakteure des Wetterauer Landboten haben in einer symbolischen Aktion den Hessischen Landboten zur\u00fcck in die Wetterau geholt. Der Landbote kehrt zur\u00fcck","robots":{"index":"index","follow":"follow","max-snippet":"max-snippet:-1","max-image-preview":"max-image-preview:large","max-video-preview":"max-video-preview:-1"},"canonical":"http:\/\/www.wetterauer-landbote.de\/?p=1426","og_locale":"de_DE","og_type":"article","og_title":"Der Landbote kehrt zur\u00fcck - Wetterauer-Landbote","og_description":"Redakteure des Wetterauer Landboten haben in einer symbolischen Aktion den Hessischen Landboten zur\u00fcck in die Wetterau geholt. Der Landbote kehrt zur\u00fcck","og_url":"http:\/\/www.wetterauer-landbote.de\/?p=1426","og_site_name":"Wetterauer-Landbote","article_published_time":"2014-10-06T12:07:48+00:00","article_modified_time":"2014-10-10T19:11:46+00:00","og_image":[{"url":"http:\/\/www.wetterauer-landbote.de\/wp-content\/uploads\/2014\/09\/Flyer-726x1024.jpg","type":"","width":"","height":""}],"author":"harpo","twitter_misc":{"Verfasst von":"harpo","Gesch\u00e4tzte Lesezeit":"8\u00a0Minuten"},"schema":{"@context":"https:\/\/schema.org","@graph":[{"@type":"Article","@id":"http:\/\/www.wetterauer-landbote.de\/?p=1426#article","isPartOf":{"@id":"http:\/\/www.wetterauer-landbote.de\/?p=1426"},"author":{"name":"harpo","@id":"http:\/\/www.wetterauer-landbote.de\/#\/schema\/person\/fa7509b189bc402f223dd5337ab92ed0"},"headline":"Der Landbote kehrt zur\u00fcck","datePublished":"2014-10-06T12:07:48+00:00","dateModified":"2014-10-10T19:11:46+00:00","mainEntityOfPage":{"@id":"http:\/\/www.wetterauer-landbote.de\/?p=1426"},"wordCount":1691,"commentCount":0,"image":{"@id":"http:\/\/www.wetterauer-landbote.de\/?p=1426#primaryimage"},"thumbnailUrl":"http:\/\/www.wetterauer-landbote.de\/wp-content\/uploads\/2014\/09\/Flyer-726x1024.jpg","inLanguage":"de","potentialAction":[{"@type":"CommentAction","name":"Comment","target":["http:\/\/www.wetterauer-landbote.de\/?p=1426#respond"]}]},{"@type":"WebPage","@id":"http:\/\/www.wetterauer-landbote.de\/?p=1426","url":"http:\/\/www.wetterauer-landbote.de\/?p=1426","name":"Der Landbote kehrt zur\u00fcck - Wetterauer-Landbote","isPartOf":{"@id":"http:\/\/www.wetterauer-landbote.de\/#website"},"primaryImageOfPage":{"@id":"http:\/\/www.wetterauer-landbote.de\/?p=1426#primaryimage"},"image":{"@id":"http:\/\/www.wetterauer-landbote.de\/?p=1426#primaryimage"},"thumbnailUrl":"http:\/\/www.wetterauer-landbote.de\/wp-content\/uploads\/2014\/09\/Flyer-726x1024.jpg","datePublished":"2014-10-06T12:07:48+00:00","dateModified":"2014-10-10T19:11:46+00:00","author":{"@id":"http:\/\/www.wetterauer-landbote.de\/#\/schema\/person\/fa7509b189bc402f223dd5337ab92ed0"},"description":"Redakteure des Wetterauer Landboten haben in einer symbolischen Aktion den Hessischen Landboten zur\u00fcck in die Wetterau geholt. Der Landbote kehrt zur\u00fcck","breadcrumb":{"@id":"http:\/\/www.wetterauer-landbote.de\/?p=1426#breadcrumb"},"inLanguage":"de","potentialAction":[{"@type":"ReadAction","target":["http:\/\/www.wetterauer-landbote.de\/?p=1426"]}]},{"@type":"ImageObject","inLanguage":"de","@id":"http:\/\/www.wetterauer-landbote.de\/?p=1426#primaryimage","url":"https:\/\/i0.wp.com\/www.wetterauer-landbote.de\/wp-content\/uploads\/2014\/09\/Flyer.jpg?fit=1240%2C1748","contentUrl":"https:\/\/i0.wp.com\/www.wetterauer-landbote.de\/wp-content\/uploads\/2014\/09\/Flyer.jpg?fit=1240%2C1748","width":1240,"height":1748},{"@type":"BreadcrumbList","@id":"http:\/\/www.wetterauer-landbote.de\/?p=1426#breadcrumb","itemListElement":[{"@type":"ListItem","position":1,"name":"Home","item":"http:\/\/www.wetterauer-landbote.de\/"},{"@type":"ListItem","position":2,"name":"Der Landbote kehrt zur\u00fcck"}]},{"@type":"WebSite","@id":"http:\/\/www.wetterauer-landbote.de\/#website","url":"http:\/\/www.wetterauer-landbote.de\/","name":"Wetterauer-Landbote","description":"","potentialAction":[{"@type":"SearchAction","target":{"@type":"EntryPoint","urlTemplate":"http:\/\/www.wetterauer-landbote.de\/?s={search_term_string}"},"query-input":{"@type":"PropertyValueSpecification","valueRequired":true,"valueName":"search_term_string"}}],"inLanguage":"de"},{"@type":"Person","@id":"http:\/\/www.wetterauer-landbote.de\/#\/schema\/person\/fa7509b189bc402f223dd5337ab92ed0","name":"harpo","image":{"@type":"ImageObject","inLanguage":"de","@id":"http:\/\/www.wetterauer-landbote.de\/#\/schema\/person\/image\/","url":"https:\/\/secure.gravatar.com\/avatar\/198bcecc77c146e5ea8d4540d99560b4b486a090b927ff654b2c125224d88117?s=96&d=mm&r=g","contentUrl":"https:\/\/secure.gravatar.com\/avatar\/198bcecc77c146e5ea8d4540d99560b4b486a090b927ff654b2c125224d88117?s=96&d=mm&r=g","caption":"harpo"},"url":"http:\/\/www.wetterauer-landbote.de\/?author=1"}]}},"jetpack_featured_media_url":"","jetpack_sharing_enabled":true,"jetpack_likes_enabled":true,"_links":{"self":[{"href":"http:\/\/www.wetterauer-landbote.de\/index.php?rest_route=\/wp\/v2\/posts\/1426","targetHints":{"allow":["GET"]}}],"collection":[{"href":"http:\/\/www.wetterauer-landbote.de\/index.php?rest_route=\/wp\/v2\/posts"}],"about":[{"href":"http:\/\/www.wetterauer-landbote.de\/index.php?rest_route=\/wp\/v2\/types\/post"}],"author":[{"embeddable":true,"href":"http:\/\/www.wetterauer-landbote.de\/index.php?rest_route=\/wp\/v2\/users\/1"}],"replies":[{"embeddable":true,"href":"http:\/\/www.wetterauer-landbote.de\/index.php?rest_route=%2Fwp%2Fv2%2Fcomments&post=1426"}],"version-history":[{"count":5,"href":"http:\/\/www.wetterauer-landbote.de\/index.php?rest_route=\/wp\/v2\/posts\/1426\/revisions"}],"predecessor-version":[{"id":1476,"href":"http:\/\/www.wetterauer-landbote.de\/index.php?rest_route=\/wp\/v2\/posts\/1426\/revisions\/1476"}],"wp:attachment":[{"href":"http:\/\/www.wetterauer-landbote.de\/index.php?rest_route=%2Fwp%2Fv2%2Fmedia&parent=1426"}],"wp:term":[{"taxonomy":"category","embeddable":true,"href":"http:\/\/www.wetterauer-landbote.de\/index.php?rest_route=%2Fwp%2Fv2%2Fcategories&post=1426"},{"taxonomy":"post_tag","embeddable":true,"href":"http:\/\/www.wetterauer-landbote.de\/index.php?rest_route=%2Fwp%2Fv2%2Ftags&post=1426"}],"curies":[{"name":"wp","href":"https:\/\/api.w.org\/{rel}","templated":true}]}}